{"id":743884,"date":"2017-11-04T21:30:40","date_gmt":"2017-11-04T20:30:40","guid":{"rendered":"https:\/\/dailynewshungary.com\/de\/ungarn-begeht-den-jahrestag-der-sowjetischen-vergeltung-im-jahr-1956\/"},"modified":"2017-11-04T21:30:40","modified_gmt":"2017-11-04T20:30:40","slug":"ungarn-begeht-den-jahrestag-der-sowjetischen-vergeltung-im-jahr-1956","status":"publish","type":"post","link":"https:\/\/dailynewshungary.com\/de\/ungarn-begeht-den-jahrestag-der-sowjetischen-vergeltung-im-jahr-1956\/","title":{"rendered":"Ungarn begeht den Jahrestag der sowjetischen Vergeltung im Jahr 1956"},"content":{"rendered":"<p><strong>Anl\u00e4sslich des 61. Jahrestages der Niederschlagung der Revolution und des Freiheitskampfes von 1956 wurde am Samstag vor dem Parlament die Flagge Ungarns gehisst und dann mit milit\u00e4rischen Ehren auf Halbmast gesenkt.<\/strong><\/p>\n<blockquote>\n<p><span style=\"color: #3366ff;\">Die ungarische Regierung erkl\u00e4rte 2013 den 4. November zum nationalen Trauertag.<\/span><\/p>\n<\/blockquote>\n<p>An der Zeremonie auf dem Kossuth-Platz nahmen Pr\u00e4sident J\u00e1nos \u00c1der, Stabschef Tibor Benk., Mitglieder des ausl\u00e4ndischen diplomatischen und milit\u00e4rischen Attache-Korps, Vertreter der milit\u00e4rischen und politischen Parteien Ungarns sowie Staatsbeamte teil.<\/p>\n<blockquote>\n<p><span style=\"color: #3366ff;\">Die wichtigste Gedenkzeremonie fand 1956 bei der Gedenkst\u00e4tte in statt <a href=\"https:\/\/dailynewshungary.com\/de\/der-grose-britische-zuguberfall-wie-eine-15-kopfige-bande-1963-26-millionen-pfund-stahl\/\" target=\"_blank\" rel=\"noopener noreferrer\">Budapest<\/a>&#8216;s Hargita Square&#8217; Abends fand in der St Stephen&#8217;s Basilica ein Konzert zum Gedenken an die M\u00e4rtyrer von <a href=\"https:\/\/dailynewshungary.com\/?s=1956\" target=\"_blank\" rel=\"noopener noreferrer\">1956<\/a>.&nbsp;<\/span><\/p>\n<\/blockquote>\n<p>Trauernde wurden (und werden) eingeladen, Kerzen zum Gedenken an die Opfer der Revolution an der Heldenmauer neben dem Museum des Hauses des Terrors anzuz\u00fcnden, auch auf dem Parzelle 301 des Friedhofs von R\u00e1koskereszt\u00far, wo Opfer der sowjetischen Vergeltung nach der Revolution in nicht gekennzeichneten Gr\u00e4bern begraben sind, wurde den ganzen Tag \u00fcber ein protokollfreies Gedenken abgehalten.<\/p>\n<p><em>Bild vorgestellt: MTI<\/em><\/p>\n","protected":false},"excerpt":{"rendered":"<p>Anl\u00e4sslich des 61. Jahrestages der Niederschlagung der Revolution und des Freiheitskampfes von 1956 wurde am Samstag vor dem Parlament die Flagge Ungarns gehisst und dann mit milit\u00e4rischen Ehren auf Halbmast gesenkt. Die ungarische Regierung erkl\u00e4rte 2013 den 4. November zum nationalen Trauertag. An der Zeremonie auf dem Kossuth-Platz nahmen Pr\u00e4sident J\u00e1nos \u00c1der, Stabschef Tibor Benk., [&hellip;]<\/p>\n","protected":false},"author":13,"featured_media":743885,"comment_status":"open","ping_status":"open","sticky":false,"template":"","format":"standard","meta":{"_acf_changed":false,"_display_image":"","footnotes":""},"categories":[1098],"tags":[1111,4000,1942,1483,1144,1076],"class_list":["post-743884","post","type-post","status-publish","format-standard","has-post-thumbnail","hentry","category-gesellschaft","tag-budapest","tag-der-60-jahrestag-der-revolution-von-1956","tag-die-ungarische-revolution-von-1956","tag-ereignis","tag-gedenken","tag-ungarn"],"blocksy_meta":[],"acf":[],"author_username":"kovacszsoka","telegram_post":"","public_post_metadata":{"breaking_news":"","important":"","csempe":"","center_tile":"","disable_thumbnail":"","target_lang":"","_featured_image_style":"","telegram_post":"","_xlat_group_id":""},"public_rank_math_data":{"title":"%title% %sep% %sitename%","description":"Anl\u00e4sslich des 61. Jahrestages der Niederschlagung der Revolution und des Freiheitskampfes von 1956 fand heute eine Gedenkzeremonie statt.","focus_keyword":"1956","canonical_url":"","robots":"","primary_category":"1098","breadcrumb_title":"","facebook_title":"","facebook_description":"","facebook_image":"","facebook_image_id":"","twitter_title":"","twitter_description":"","twitter_image":"","twitter_image_id":"","twitter_card_type":"","twitter_use_facebook":"","advanced_robots":"","pillar_content":"","seo_score":"65","contentai_score":"","rich_snippet":""},"_links":{"self":[{"href":"https:\/\/dailynewshungary.com\/de\/wp-json\/wp\/v2\/posts\/743884","targetHints":{"allow":["GET"]}}],"collection":[{"href":"https:\/\/dailynewshungary.com\/de\/wp-json\/wp\/v2\/posts"}],"about":[{"href":"https:\/\/dailynewshungary.com\/de\/wp-json\/wp\/v2\/types\/post"}],"author":[{"embeddable":true,"href":"https:\/\/dailynewshungary.com\/de\/wp-json\/wp\/v2\/users\/13"}],"replies":[{"embeddable":true,"href":"https:\/\/dailynewshungary.com\/de\/wp-json\/wp\/v2\/comments?post=743884"}],"version-history":[{"count":0,"href":"https:\/\/dailynewshungary.com\/de\/wp-json\/wp\/v2\/posts\/743884\/revisions"}],"wp:featuredmedia":[{"embeddable":true,"href":"https:\/\/dailynewshungary.com\/de\/wp-json\/wp\/v2\/media\/743885"}],"wp:attachment":[{"href":"https:\/\/dailynewshungary.com\/de\/wp-json\/wp\/v2\/media?parent=743884"}],"wp:term":[{"taxonomy":"category","embeddable":true,"href":"https:\/\/dailynewshungary.com\/de\/wp-json\/wp\/v2\/categories?post=743884"},{"taxonomy":"post_tag","embeddable":true,"href":"https:\/\/dailynewshungary.com\/de\/wp-json\/wp\/v2\/tags?post=743884"}],"curies":[{"name":"wp","href":"https:\/\/api.w.org\/{rel}","templated":true}]}}