{"id":744139,"date":"2017-10-26T20:00:16","date_gmt":"2017-10-26T18:00:16","guid":{"rendered":"https:\/\/dailynewshungary.com\/de\/verteidigungsminister-ungarn-uberwacht-die-lage-kurdistans\/"},"modified":"2017-10-26T20:00:16","modified_gmt":"2017-10-26T18:00:16","slug":"verteidigungsminister-ungarn-uberwacht-die-lage-kurdistans","status":"publish","type":"post","link":"https:\/\/dailynewshungary.com\/de\/verteidigungsminister-ungarn-uberwacht-die-lage-kurdistans\/","title":{"rendered":"Verteidigungsminister: Ungarn \u00fcberwacht die Lage Kurdistans"},"content":{"rendered":"<p><strong>Ungarn beobachte die Lage in Kurdistan genau und habe im Falle einer Eskalation der milit\u00e4rischen Spannungen eine Reihe von Notfallpl\u00e4nen, sagte Istv\u00e1n Simicsk\u00f3, der Verteidigungsminister, am Donnerstag dem Verteidigungsausschuss des Parlaments.<\/strong><\/p>\n<p>Der Minister wurde vom Leiter des Komitees gebeten, auf \u201eeine neue Situation\u201czu reagieren, die den Kampf der internationalen Koalition gegen die Terrororganisation \u201eIslamischer Staat\u201d und die Entwicklungen im Zusammenhang mit den Autonomiebem\u00fchungen der irakischen Kurden betrifft.<\/p>\n<p>Ungarn stimmt sich regelm\u00e4\u00dfig mit seinen Verb\u00fcndeten in der Region ab, sagte Simicsk\u00f3. <a href=\"https:\/\/dailynewshungary.com\/defence-delegation-visits-hungarian-troops-in-kurdistan\/\" target=\"_blank\" rel=\"noopener noreferrer\">Ungarische Truppen sind im Raum Kirkuk im Einsatz<\/a> Irakische Soldaten stecken in einer bewaffneten Sackgasse, doch die kurdischen Streitkr\u00e4fte sind tot<\/p>\n<blockquote>\n<p><span style=\"color: #3366ff;\">Nur in Regionen, in denen ein Kampf unwahrscheinlich ist, sagte er.&nbsp;<\/span><\/p>\n<\/blockquote>\n<p>Beurteilung der <a href=\"https:\/\/dailynewshungary.com\/tag\/army\/\" target=\"_blank\" rel=\"noopener noreferrer\">Ungarische Armee<\/a>\u201eDie Leistung im vergangenen Jahr, sagte Simicsk\u00f3, seien verst\u00e4rkte Ma\u00dfnahmen ergriffen worden, um sicherzustellen, dass Ungarn zu den sichersten L\u00e4ndern der Welt geh\u00f6rt, und verwies auf die Rolle der Armee beim Schutz der ungarischen Grenzen und den Einsatz von etwa 1.000 Soldaten, die in Auslandsmissionen dienen.<\/p>\n<p>Mittlerweile dienen mehr Soldaten in Missionen in der Balkanregion, sagte er und f\u00fcgte hinzu, dass die beiden gr\u00f6\u00dften Kontingente Ungarns in Bosnien-Herzegowina und im Kosovo stationiert seien. Er stellte fest, dass mit Zustimmung des Parlaments das Mandat der ungarischen Mission im Kampf gegen ISIS als Teil der internationalen Koalition im Irak verl\u00e4ngert und ihr Personal und ihre Befugnisse erweitert worden seien.<\/p>\n<p>Simicsk\u00f3 wies au\u00dferdem darauf hin, dass die Regierung im Einklang mit der Verpflichtung des Landes gegen\u00fcber der NATO beschlossen habe, die zentralen Verteidigungsausgaben bis 2024 auf 2 Prozent des BIP zu erh\u00f6hen, und f\u00fcgte hinzu, dass der genaue Zeitplan der NATO bis Ende 2017 vorgelegt werde.<\/p>\n<p>Der Minister informierte das Komitee \u00fcber den aktuellen Stand des geplanten ungarischen Verteidigungs- und Milit\u00e4rentwicklungsprogramms <em>Zr\u00ednyi 2026<\/em>.<\/p>\n<blockquote>\n<p><span style=\"color: #3366ff;\">\u00dcber die Wiederbelebung der ungarischen R\u00fcstungsindustrie sagte der Minister, dass Projekte in der Waffenherstellung an der Schwelle zur Umsetzung st\u00fcnden. Auch Aufr\u00fcstungen der Flugzeug- und Hubschrauberflotte der Armee st\u00fcnden auf der Tagesordnung, sagte er.<\/span><\/p>\n<\/blockquote>\n<p>Bez\u00fcglich der Pl\u00e4ne f\u00fcr die Hubschrauberflotte sagte Simicsk\u00f3, dass Teile der Flotte genutzt w\u00fcrden, die noch eine Lebensdauer von 7-8 Jahren h\u00e4tten, w\u00e4hrend auch Pl\u00e4ne f\u00fcr den Kauf neuer Flotten im Gange seien.<\/p>\n<p>In Bezug auf die Frage des Armeepersonals stellte Simicsk\u00f3 g\u00fcnstige Entwicklungen bei der Rekrutierung von Personal fest, die er auf Lohnerh\u00f6hungen f\u00fcr Armeepersonal und Kampagnen zur F\u00f6rderung des Armeedienstes zur\u00fcckf\u00fchrte. Als Ergebnis dieser Bem\u00fchungen war das Jahr bis September das erste, in dem mehr Soldaten meldeten sich an als den Dienst quittierten, sagte Simicsk\u00f3.<\/p>\n<p>Zum Thema der milit\u00e4rischen Grab- und Gedenkst\u00e4ttenpflege im Ersten Weltkrieg begr\u00fc\u00dfte Simicsk\u00f3 die in diesem Bereich erzielten Fortschritte. Ungarn habe derzeit bilaterale Abkommen zur Grabpflege mit neun L\u00e4ndern, sagte er, und \u00e4u\u00dferte die Hoffnung, dass im n\u00e4chsten Jahr \u00e4hnliche Abkommen mit Serbien und der Slowakei geschlossen werden k\u00f6nnten.<\/p>\n","protected":false},"excerpt":{"rendered":"<p>Ungarn beobachte die Lage in Kurdistan genau und habe im Falle einer Eskalation der milit\u00e4rischen Spannungen eine Reihe von Notfallpl\u00e4nen, sagte Istv\u00e1n Simicsk\u00f3, der Verteidigungsminister, am Donnerstag dem Verteidigungsausschuss des Parlaments. Der Minister wurde vom Leiter des Komitees gebeten, auf \u201eeine neue Situation\u201czu reagieren, die den Kampf der internationalen Koalition gegen die Terrororganisation \u201eIslamischer Staat\u201d [&hellip;]<\/p>\n","protected":false},"author":13,"featured_media":0,"comment_status":"open","ping_status":"open","sticky":false,"template":"","format":"standard","meta":{"_acf_changed":false,"_display_image":"","footnotes":""},"categories":[1081],"tags":[1203,1094,1184],"class_list":["post-744139","post","type-post","status-publish","format-standard","hentry","category-politik","tag-armee","tag-asien","tag-krieg"],"blocksy_meta":[],"acf":[],"author_username":"kovacszsoka","telegram_post":"","public_post_metadata":{"breaking_news":"","important":"","csempe":"","center_tile":"","disable_thumbnail":"","target_lang":"","_featured_image_style":"","telegram_post":"","_xlat_group_id":""},"public_rank_math_data":{"title":"%title% %sep% %sitename%","description":"Ungarn beobachtet die Lage in Kurdistan genau und verf\u00fcgt im Falle einer Eskalation der milit\u00e4rischen Spannungen \u00fcber eine Reihe von Notfallpl\u00e4nen","focus_keyword":"Kurdistan","canonical_url":"","robots":"","primary_category":"1081","breadcrumb_title":"","facebook_title":"","facebook_description":"","facebook_image":"","facebook_image_id":"","twitter_title":"","twitter_description":"","twitter_image":"","twitter_image_id":"","twitter_card_type":"","twitter_use_facebook":"","advanced_robots":"","pillar_content":"","seo_score":"51","contentai_score":"","rich_snippet":""},"_links":{"self":[{"href":"https:\/\/dailynewshungary.com\/de\/wp-json\/wp\/v2\/posts\/744139","targetHints":{"allow":["GET"]}}],"collection":[{"href":"https:\/\/dailynewshungary.com\/de\/wp-json\/wp\/v2\/posts"}],"about":[{"href":"https:\/\/dailynewshungary.com\/de\/wp-json\/wp\/v2\/types\/post"}],"author":[{"embeddable":true,"href":"https:\/\/dailynewshungary.com\/de\/wp-json\/wp\/v2\/users\/13"}],"replies":[{"embeddable":true,"href":"https:\/\/dailynewshungary.com\/de\/wp-json\/wp\/v2\/comments?post=744139"}],"version-history":[{"count":0,"href":"https:\/\/dailynewshungary.com\/de\/wp-json\/wp\/v2\/posts\/744139\/revisions"}],"wp:attachment":[{"href":"https:\/\/dailynewshungary.com\/de\/wp-json\/wp\/v2\/media?parent=744139"}],"wp:term":[{"taxonomy":"category","embeddable":true,"href":"https:\/\/dailynewshungary.com\/de\/wp-json\/wp\/v2\/categories?post=744139"},{"taxonomy":"post_tag","embeddable":true,"href":"https:\/\/dailynewshungary.com\/de\/wp-json\/wp\/v2\/tags?post=744139"}],"curies":[{"name":"wp","href":"https:\/\/api.w.org\/{rel}","templated":true}]}}