{"id":744157,"date":"2017-10-26T11:30:01","date_gmt":"2017-10-26T09:30:01","guid":{"rendered":"https:\/\/dailynewshungary.com\/de\/ungarn-politik-der-hilfe-fur-verfolgte-christen-weltweit-einzigartig\/"},"modified":"2017-10-26T11:30:01","modified_gmt":"2017-10-26T09:30:01","slug":"ungarn-politik-der-hilfe-fur-verfolgte-christen-weltweit-einzigartig","status":"publish","type":"post","link":"https:\/\/dailynewshungary.com\/de\/ungarn-politik-der-hilfe-fur-verfolgte-christen-weltweit-einzigartig\/","title":{"rendered":"Ungarn Politik der Hilfe f\u00fcr verfolgte Christen \u2018weltweit einzigartig\u2019"},"content":{"rendered":"<p><strong>Die Politik der ungarischen Regierung, verfolgte christliche Gemeinschaften zu unterst\u00fctzen und zu unterst\u00fctzen, sei die erste derartige Regierungspolitik weltweit, sagte der stellvertretende Staatssekret\u00e4r f\u00fcr die Unterst\u00fctzung verfolgter Christen am Mittwoch in Washington, D.C.<\/strong><\/p>\n<p>Die ungarische Regierung habe ein humanit\u00e4res Programm gestartet, dessen Praktiken sich drastisch von Programmen mit \u00e4hnlichen Zielen unterscheiden, sagte Tristan Azbej auf einer internationalen Konferenz.<\/p>\n<blockquote>\n<p><span style=\"color: #3366ff;\">\u201cUnser grundlegender Ansatz ist, dass wir offen \u00fcber die Gr\u00e4ueltaten sprechen, die weltweit gegen Christen begangen werden, auch wenn dies bedeutet, die sogenannte politische Korrektheit au\u00dfer Kraft zu setzen\u201d, sagte Azbej.<\/span><\/p>\n<\/blockquote>\n<p>Er sagte, dass Ungarn den Gemeinden, die sie ben\u00f6tigen, direkt Hilfe leistet, anstatt sie \u00fcber Zwischenh\u00e4ndler wie Regierungen oder \u201eintransparente\u201cinternationale Organisationen zu schicken.<\/p>\n<p style=\"text-align: center;\">[button link=\u201dhttps:\/\/dailynewshungary.com\/holy-see-official-praises-ungarys-help-secuted-christians\/\u201d color=\u201dsilver\u201d newwindow=\u201dyes\u201d] Ungarns Bem\u00fchungen, verfolgten Christen zu helfen, wurden sogar von anerkannt Sekret\u00e4r f\u00fcr die Beziehungen zu Staaten f\u00fcr den Heiligen Stuhl [\/button]<\/p>\n<p>Azbej bat die Anwesenden um Hilfe bei der Pr\u00e4sentation des ungarischen Modells in anderen L\u00e4ndern und bei der Einf\u00fchrung \u00e4hnlicher Programme und bot ihnen diese an.<\/p>\n<p>Bei einer abendlichen Galaveranstaltung sagte US-Vizepr\u00e4sident Mike Pence, dass die USA ihre Beitr\u00e4ge zum UN-Hilfsprogramm aussetzen und direkt an Bed\u00fcrftige schicken w\u00fcrden. Er sagte, Pr\u00e4sident Donald Trump \u201csehe die Zerst\u00f6rung\u201d im Nahen Osten und sei sich bewusst, dass die Terrororganisation Islamischer Staat f\u00fcr den dortigen V\u00f6lkermord verantwortlich sei. Pence sagte das<\/p>\n<blockquote>\n<p><span style=\"color: #3366ff;\">Da ein Drittel der mehr als 160 Hilfsprogramme der Vereinten Nationen nicht dazu dienten, verfolgten Christen zu helfen, w\u00fcrden die USA die Organisation umgehen.<\/span><\/p>\n<\/blockquote>\n<p>Der republikanische Kongressabgeordnete Jeff Fortenberry lobte Ungarns f\u00fchrende Rolle bei den Bem\u00fchungen, Christen im Nahen Osten zu helfen.<\/p>\n<p style=\"text-align: center;\">[button link=\u201dhttps:\/\/dailynewshungary.com\/human-resources-minister-ungary-wants-fluge-persecuted-christians\/\u201d color=\u201d silver\u201d newwindow=\u201dyes\u201d] Der ungarische Minister f\u00fcr Humanressourcen sagte im September, Ungarn wolle \u201cdie Stimme der Verfolgten st\u00e4rken\u201d [\/button]<\/p>\n<p>Die von der gemeinn\u00fctzigen Menschenrechts- und Interessenvertretung In Defense of Christians organisierte Konferenz endet am Freitag.<\/p>\n","protected":false},"excerpt":{"rendered":"<p>Die Politik der ungarischen Regierung, verfolgte christliche Gemeinschaften zu unterst\u00fctzen und zu unterst\u00fctzen, sei die erste derartige Regierungspolitik weltweit, sagte der stellvertretende Staatssekret\u00e4r f\u00fcr die Unterst\u00fctzung verfolgter Christen am Mittwoch in Washington, D.C. Die ungarische Regierung habe ein humanit\u00e4res Programm gestartet, dessen Praktiken sich drastisch von Programmen mit \u00e4hnlichen Zielen unterscheiden, sagte Tristan Azbej auf [&hellip;]<\/p>\n","protected":false},"author":13,"featured_media":744158,"comment_status":"open","ping_status":"open","sticky":false,"template":"","format":"standard","meta":{"_acf_changed":false,"_display_image":"","footnotes":""},"categories":[1081],"tags":[1445,1134,1157,1205],"class_list":["post-744157","post","type-post","status-publish","format-standard","has-post-thumbnail","hentry","category-politik","tag-migration","tag-religion","tag-vereinigte-staaten","tag-vereinte-nationen"],"blocksy_meta":[],"acf":[],"author_username":"kovacszsoka","telegram_post":"","public_post_metadata":{"breaking_news":"","important":"","csempe":"","center_tile":"","disable_thumbnail":"","target_lang":"","_featured_image_style":"","telegram_post":"","_xlat_group_id":""},"public_rank_math_data":{"title":"%title% %sep% %sitename%","description":"Die Politik der ungarischen Regierung, verfolgte christliche Gemeinschaften zu unterst\u00fctzen und zu unterst\u00fctzen, ist die erste Regierungspolitik dieser Art weltweit","focus_keyword":"Christlich","canonical_url":"","robots":"","primary_category":"1081","breadcrumb_title":"","facebook_title":"","facebook_description":"","facebook_image":"","facebook_image_id":"","twitter_title":"","twitter_description":"","twitter_image":"","twitter_image_id":"","twitter_card_type":"","twitter_use_facebook":"","advanced_robots":"","pillar_content":"","seo_score":"54","contentai_score":"","rich_snippet":""},"_links":{"self":[{"href":"https:\/\/dailynewshungary.com\/de\/wp-json\/wp\/v2\/posts\/744157","targetHints":{"allow":["GET"]}}],"collection":[{"href":"https:\/\/dailynewshungary.com\/de\/wp-json\/wp\/v2\/posts"}],"about":[{"href":"https:\/\/dailynewshungary.com\/de\/wp-json\/wp\/v2\/types\/post"}],"author":[{"embeddable":true,"href":"https:\/\/dailynewshungary.com\/de\/wp-json\/wp\/v2\/users\/13"}],"replies":[{"embeddable":true,"href":"https:\/\/dailynewshungary.com\/de\/wp-json\/wp\/v2\/comments?post=744157"}],"version-history":[{"count":0,"href":"https:\/\/dailynewshungary.com\/de\/wp-json\/wp\/v2\/posts\/744157\/revisions"}],"wp:featuredmedia":[{"embeddable":true,"href":"https:\/\/dailynewshungary.com\/de\/wp-json\/wp\/v2\/media\/744158"}],"wp:attachment":[{"href":"https:\/\/dailynewshungary.com\/de\/wp-json\/wp\/v2\/media?parent=744157"}],"wp:term":[{"taxonomy":"category","embeddable":true,"href":"https:\/\/dailynewshungary.com\/de\/wp-json\/wp\/v2\/categories?post=744157"},{"taxonomy":"post_tag","embeddable":true,"href":"https:\/\/dailynewshungary.com\/de\/wp-json\/wp\/v2\/tags?post=744157"}],"curies":[{"name":"wp","href":"https:\/\/api.w.org\/{rel}","templated":true}]}}