{"id":744171,"date":"2017-10-25T22:00:09","date_gmt":"2017-10-25T20:00:09","guid":{"rendered":"https:\/\/dailynewshungary.com\/de\/cepa-chef-obama-regierung-ist-fur-die-unruhigen-beziehungen-zwischen-mitteleuropa-und-den-usa-verantwortlich\/"},"modified":"2017-10-25T22:00:09","modified_gmt":"2017-10-25T20:00:09","slug":"cepa-chef-obama-regierung-ist-fur-die-unruhigen-beziehungen-zwischen-mitteleuropa-und-den-usa-verantwortlich","status":"publish","type":"post","link":"https:\/\/dailynewshungary.com\/de\/cepa-chef-obama-regierung-ist-fur-die-unruhigen-beziehungen-zwischen-mitteleuropa-und-den-usa-verantwortlich\/","title":{"rendered":"CEPA-Chef: Obama-Regierung ist f\u00fcr die unruhigen Beziehungen zwischen Mitteleuropa und den USA verantwortlich"},"content":{"rendered":"<p><strong>Es ist eindeutig die vorherige demokratische US-Regierung unter Pr\u00e4sident Barack Obama, die f\u00fcr die nicht ganz reibungslosen Beziehungen zwischen den USA verantwortlich ist <a href=\"https:\/\/dailynewshungary.com\/de\/der-grose-britische-zuguberfall-wie-eine-15-kopfige-bande-1963-26-millionen-pfund-stahl\/\" target=\"_blank\" rel=\"noopener\">Vereinigten Staaten<\/a> und Mitteleuropa, sagte der Leiter des Center for European Policy Analysis (CEPA), einer in Washington ans\u00e4ssigen Denkfabrik, die sich der Erforschung Mittel- und Osteuropas widmet, am Mittwoch.<\/strong><\/p>\n<p>Vertreter der Obama-Regierung h\u00e4tten oft eher abwertend \u00fcber die inneren Angelegenheiten mitteleurop\u00e4ischer L\u00e4nder \u201c\u00fcber ihren Kopf\u201d gesprochen, w\u00e4hrend diese L\u00e4nder als Verb\u00fcndete der Vereinigten Staaten stehen, sagte Peter Doran dem \u00f6ffentlichen Nachrichtensender M1.<\/p>\n<p>Nun strebe die Regierung von Donald Trump danach, starke Beziehungen zu diesen L\u00e4ndern aufzubauen, die auf gegenseitigem Respekt basieren und sicherheitspolitischen Erw\u00e4gungen den Vorzug geben, sagte er.<\/p>\n<blockquote>\n<p><span style=\"color: #0000ff;\">Die Strategie der gegenw\u00e4rtigen US-Regierung \u00e4hnelt der der mitteleurop\u00e4ischen Nationen und konzentriert sich auf die Notwendigkeit, die \u201cWurzeln\u201d Europas zu verteidigen, sagte Doran.<\/span><\/p>\n<\/blockquote>\n<h4>Ehemaliger ungarischer Botschafter in Washington, ernannt zur Spitzenposition in der Denkfabrik<\/h4>\n<p>Ungarns ehemalige Botschafterin in Washington, Reka Szemerk\u00e9nyi, wurde zur gesch\u00e4ftsf\u00fchrenden Vizepr\u00e4sidentin des Center for European Policy Analysis (CEPA) ernannt, einer in Washington ans\u00e4ssigen Denkfabrik, die sich der Erforschung Mittel- und Osteuropas widmet.<\/p>\n<p>Peter Doran, neuer Leiter der CEPA f\u00fcr Mittel &#8211; und Osteuropa-Politik US-mitteleurop\u00e4ische Beziehungen, sagte \u00fcber den ehemaligen Botschafter: \u201cSie ist eine der f\u00fchrenden atlantischen Stimmen Mitteleuropas, die die Mission und Vision der CEPA verk\u00f6rpert\u201d<\/p>\n<blockquote>\n<p><span style=\"color: #0000ff;\">\u201cReka Szemerk\u00e9nyi hat w\u00e4hrend ihrer gesamten Karriere ein starkes Engagement f\u00fcr den Atlantismus bewiesen\u201d<\/span><\/p>\n<\/blockquote>\n<p>Sagte CEPA-Vorsitzender Larry Hirsch \u201cWir freuen uns, dass R\u00e9ka dem CEPA-Team beitritt, da ich wei\u00df, dass sie weiterhin unerm\u00fcdlich daran arbeiten wird, eine tiefere, dauerhaftere Beziehung zwischen Europa und den Vereinigten Staaten zu f\u00f6rdern\u201d<\/p>\n<p><a href=\"https:\/\/dailynewshungary.com\/de\/ungarns-neuer-botschafter-in-washington-ungarn-muss-sich-in-den-usa-einen-namen-machen\/\" target=\"_blank\" rel=\"noopener\">Nachfolger von Szemerkenyi wurde im Juli 2017 L\u00e1szl\u00f3 Szab\u00f3<\/a>. Szab\u00f3 war zuvor von 2014-2017 stellvertretender Minister f\u00fcr ausw\u00e4rtige Angelegenheiten und Handel.<\/p>\n","protected":false},"excerpt":{"rendered":"<p>Es ist eindeutig die vorherige demokratische US-Regierung unter Pr\u00e4sident Barack Obama, die f\u00fcr die nicht ganz reibungslosen Beziehungen zwischen den USA verantwortlich ist Vereinigten Staaten und Mitteleuropa, sagte der Leiter des Center for European Policy Analysis (CEPA), einer in Washington ans\u00e4ssigen Denkfabrik, die sich der Erforschung Mittel- und Osteuropas widmet, am Mittwoch. Vertreter der Obama-Regierung [&hellip;]<\/p>\n","protected":false},"author":2,"featured_media":744172,"comment_status":"open","ping_status":"open","sticky":false,"template":"","format":"standard","meta":{"_acf_changed":false,"_display_image":"","footnotes":""},"categories":[1081],"tags":[1082,1157],"class_list":["post-744171","post","type-post","status-publish","format-standard","has-post-thumbnail","hentry","category-politik","tag-europaische-union","tag-vereinigte-staaten"],"blocksy_meta":[],"acf":[],"author_username":"alk","telegram_post":"","public_post_metadata":{"breaking_news":"","important":"","csempe":"","center_tile":"","disable_thumbnail":"","target_lang":"","_featured_image_style":"","telegram_post":"","_xlat_group_id":""},"public_rank_math_data":{"title":"%title% %sep% %sitename%","description":"CEPA: Vertreter der Obama-Regierung sprachen oft eher abwertend \u00fcber die inneren Angelegenheiten mitteleurop\u00e4ischer L\u00e4nder","focus_keyword":"CEPA","canonical_url":"","robots":"","primary_category":"1081","breadcrumb_title":"","facebook_title":"","facebook_description":"","facebook_image":"","facebook_image_id":"","twitter_title":"","twitter_description":"","twitter_image":"","twitter_image_id":"","twitter_card_type":"","twitter_use_facebook":"","advanced_robots":"","pillar_content":"","seo_score":"65","contentai_score":"","rich_snippet":""},"_links":{"self":[{"href":"https:\/\/dailynewshungary.com\/de\/wp-json\/wp\/v2\/posts\/744171","targetHints":{"allow":["GET"]}}],"collection":[{"href":"https:\/\/dailynewshungary.com\/de\/wp-json\/wp\/v2\/posts"}],"about":[{"href":"https:\/\/dailynewshungary.com\/de\/wp-json\/wp\/v2\/types\/post"}],"author":[{"embeddable":true,"href":"https:\/\/dailynewshungary.com\/de\/wp-json\/wp\/v2\/users\/2"}],"replies":[{"embeddable":true,"href":"https:\/\/dailynewshungary.com\/de\/wp-json\/wp\/v2\/comments?post=744171"}],"version-history":[{"count":0,"href":"https:\/\/dailynewshungary.com\/de\/wp-json\/wp\/v2\/posts\/744171\/revisions"}],"wp:featuredmedia":[{"embeddable":true,"href":"https:\/\/dailynewshungary.com\/de\/wp-json\/wp\/v2\/media\/744172"}],"wp:attachment":[{"href":"https:\/\/dailynewshungary.com\/de\/wp-json\/wp\/v2\/media?parent=744171"}],"wp:term":[{"taxonomy":"category","embeddable":true,"href":"https:\/\/dailynewshungary.com\/de\/wp-json\/wp\/v2\/categories?post=744171"},{"taxonomy":"post_tag","embeddable":true,"href":"https:\/\/dailynewshungary.com\/de\/wp-json\/wp\/v2\/tags?post=744171"}],"curies":[{"name":"wp","href":"https:\/\/api.w.org\/{rel}","templated":true}]}}