{"id":744203,"date":"2017-10-24T21:00:20","date_gmt":"2017-10-24T19:00:20","guid":{"rendered":"https:\/\/dailynewshungary.com\/de\/ungarn-deutschland-naturliche-verbundete-sagt-orban-in-passau-update\/"},"modified":"2017-10-24T21:00:20","modified_gmt":"2017-10-24T19:00:20","slug":"ungarn-deutschland-naturliche-verbundete-sagt-orban-in-passau-update","status":"publish","type":"post","link":"https:\/\/dailynewshungary.com\/de\/ungarn-deutschland-naturliche-verbundete-sagt-orban-in-passau-update\/","title":{"rendered":"Ungarn, Deutschland nat\u00fcrliche Verb\u00fcndete, sagt Orb\u00e1n in Passau \u2013 UPDATE"},"content":{"rendered":"<p><strong>Ungarn und Deutschland sind nat\u00fcrliche Verb\u00fcndete und sollten auch in Zukunft so bleiben <a href=\"https:\/\/dailynewshungary.com\/de\/der-grose-britische-zuguberfall-wie-eine-15-kopfige-bande-1963-26-millionen-pfund-stahl\/\" target=\"_blank\" rel=\"noopener\">Ministerpr\u00e4sident Viktor Orb\u00e1n<\/a> Dienstag in Passau sagte Orb\u00e1n sprach im Rahmen einer Podiumsdiskussion \u00fcber Euroskeptizismus.<\/strong><\/p>\n<p>Der Premierminister besuchte das Grab von Gisela von Ungarn, der ersten Gemahlin des Landes, im Kloster Niedernburg.<\/p>\n<p>In einer Rede am Grab sagte Orb\u00e1n, dass \u201eda die Geschichte Ungarns getr\u00fcbt ist, alles, was wir dar\u00fcber wissen, besonders wertvoll ist\u201cEine solche Tatsache ist, dass K\u00f6nig St. Stephan von Ungarn eine Frau aus Bayern ausgesucht hat, sagte Orb\u00e1n.<\/p>\n<p>Damals wusste St. Stephen nicht, \u201cwie gro\u00df die Hilfe f\u00fcr uns sein w\u00fcrde\u201d, sagte Orb\u00e1n.<\/p>\n<blockquote>\n<p><span style=\"color: #0000ff;\">\u201cWeil es jetzt, wenn wir auf die b\u00f6swilligen Kritikpunkte reagieren m\u00fcssen, die an unserem Bekenntnis zu europ\u00e4ischen Werten zweifeln, ausreicht, dass wir auf Gisela verweisen und alle Kritikpunkte zum Schweigen gebracht werden\u201d, f\u00fcgte er hinzu.<\/span><\/p>\n<\/blockquote>\n<p>Nach dem Tod des ersten ungarischen K\u00f6nigs sei das Land in eine dunkle Zeit des B\u00fcrgerkriegs verfallen und es sei zweifelhaft, ob Ungarn dem Christentum treu bleiben k\u00f6nne, sagte Orb\u00e1nAber das Erbe von Gisela und St. Stephan war so stark, ihr Ansehen so hoch, dass Ungarn es geschafft habe, die Situation zu festigen, sagte er.<\/p>\n<figure id=\"attachment_148357\" aria-describedby=\"caption-attachment-148357\" style=\"width: 1024px\" class=\"wp-caption aligncenter\"><a href=\"https:\/\/contentf5.dailynewshungary.com\/wp-content\/uploads\/2017\/10\/D_MTZ20171024002.jpg\" data-pswp-width=\"2048\" data-pswp-height=\"2048\" data-cropped=\"true\"><img loading=\"lazy\" decoding=\"async\" class=\"size-large wp-image-148357\" src=\"https:\/\/dailynewshungary.com\/wp-content\/uploads\/2017\/10\/D_MTZ20171024002-1024x1024.jpg\" alt=\"Orb\u00e1n Passau\" width=\"1024\" height=\"1024\" srcset=\"https:\/\/contentf5.dailynewshungary.com\/wp-content\/uploads\/2017\/10\/D_MTZ20171024002-1024x1024.jpg 1024w, https:\/\/contentf5.dailynewshungary.com\/wp-content\/uploads\/2017\/10\/D_MTZ20171024002-150x150.jpg 150w, https:\/\/contentf5.dailynewshungary.com\/wp-content\/uploads\/2017\/10\/D_MTZ20171024002-300x300.jpg 300w, https:\/\/contentf5.dailynewshungary.com\/wp-content\/uploads\/2017\/10\/D_MTZ20171024002-768x768.jpg 768w, https:\/\/contentf5.dailynewshungary.com\/wp-content\/uploads\/2017\/10\/D_MTZ20171024002-220x220.jpg 220w, https:\/\/contentf5.dailynewshungary.com\/wp-content\/uploads\/2017\/10\/D_MTZ20171024002-600x600.jpg 600w, https:\/\/contentf5.dailynewshungary.com\/wp-content\/uploads\/2017\/10\/D_MTZ20171024002-200x200.jpg 200w, https:\/\/contentf5.dailynewshungary.com\/wp-content\/uploads\/2017\/10\/D_MTZ20171024002-1080x1080.jpg 1080w, https:\/\/contentf5.dailynewshungary.com\/wp-content\/uploads\/2017\/10\/D_MTZ20171024002-440x440.jpg 440w, https:\/\/contentf5.dailynewshungary.com\/wp-content\/uploads\/2017\/10\/D_MTZ20171024002.jpg 2048w\" sizes=\"auto, (max-width: 1024px) 100vw, 1024px\"><\/a><figcaption id=\"caption-attachment-148357\" class=\"wp-caption-text\">Premierminister Orb\u00e1n besuchte das Grab von Gisela von Ungarn in Passau<\/figcaption><\/figure>\n<h4>Orb\u00e1n fordert den Erhalt der Errungenschaften Europas<\/h4>\n<p>Als Beispiele f\u00fcr die Errungenschaften, die der Kontinent bewahren muss, nannte Orb\u00e1n im Rahmen einer Podiumsdiskussion der Tageszeitung Passauer Neue Presse zum Thema Euroskeptizismus den Traum des ehemaligen deutschen Bundeskanzlers Helmut Kohl von der deutschen Wiedervereinigung, dem Schengen-System und der Freiz\u00fcgigkeit der Arbeitskr\u00e4fte.<\/p>\n<p>\u201cDer Erfolg Europas ist f\u00fcr Ungarn wichtig, weil wir Ungarn jahrhundertelang die Ostgrenzen Europas gesch\u00fctzt haben\u201d, sagte Orb\u00e1n.<\/p>\n<blockquote>\n<p><span style=\"color: #0000ff;\">\u201cWir haben viel Blut f\u00fcr den Kontinent vergossen\u201d<\/span><\/p>\n<\/blockquote>\n<p>Aber Ungarn wisse auch, dass die Kommunisten nur gest\u00fcrzt und die Sowjets nur vertrieben werden k\u00f6nnten, wenn ein vereinter europ\u00e4ischer Wille dazu bestehe, sagte er.<\/p>\n<p>\u201cMit anderen Worten, die Freiheit und Unabh\u00e4ngigkeit Ungarns und die Wiedervereinigung Europas sind die gleiche Geschichte\u201d, sagte der Premierminister.<\/p>\n<p>Zum Thema illegale Migration sagte Orb\u00e1n, dass<\/p>\n<blockquote>\n<p><span style=\"color: #0000ff;\">Ein Land k\u00f6nnte nicht gezwungen werden, neue Volksgruppen aufzunehmen, wenn seine B\u00fcrger dagegen sind.<\/span><\/p>\n<\/blockquote>\n<p>Es m\u00fcsse akzeptiert werden, dass die Ungarn keine V\u00f6lker aufnehmen wollten, die anders seien als sie, sagte er.<\/p>\n<p>Orb\u00e1n sagte, es sei seine Aufgabe, den Willen des ungarischen Volkes durchzusetzen, und argumentierte, dass dies das Wesen der Demokratie sei.<\/p>\n<p>Er sagte, dass von Dutzenden Millionen Menschen erwartet werde, dass sie ihre Heimat in Zukunft verlassen w\u00fcrden.<\/p>\n<p>\u201cDie Frage ist, wie wir diesen Prozess sehen\u201d, sagte Orb\u00e1n \u201cHaben wir uns ihm hingegeben oder wollen wir ihn stoppen?\u201d<\/p>\n<p>Orb\u00e1n sagte, dass mit Ausnahme Europas jede Region die gleiche Antwort auf diese Frage gebe.<\/p>\n<blockquote>\n<p><span style=\"color: #0000ff;\">W\u00e4hrend die USA, Australien, China, Russland und die L\u00e4nder am Persischen Golf alle strenge Kontrollen an ihren Grenzen aufrechterhalten, \u201c\u00f6ffnet Europa seine Grenzen\u201d, bestand er darauf.<\/span><\/p>\n<\/blockquote>\n<p>Jedes europ\u00e4ische Land habe das Recht zu entscheiden, wie es sich dieser Herausforderung stellen wolle, und die Ungarn sagen, sie wollten ihre Grenzen sch\u00fctzen, sagte Orb\u00e1n.<\/p>\n<p>Der Premierminister sagte, Ungarn werde keine gesetzliche Regelung akzeptieren, die darauf abzielt, Ungarn von seinem souver\u00e4nen Recht abzuleiten, zu entscheiden, wer im Land leben darf.<\/p>\n<p>Orb\u00e1n sagte, der Europ\u00e4ischen Union liege ein Entwurf einer Asylreform vor, der ein dauerhaftes Migrantenverteilungssystem ohne Obergrenze einf\u00fchren w\u00fcrde.<\/p>\n<p>Der Grund, warum Ungarn sich zuvor nicht bereit erkl\u00e4rt hatte, 1.200 Migranten aufzunehmen, lag darin, dass es wusste, dass es sich um ein \u201ctrojanisches Pferd\u201d handelte, und \u201cwenn wir jemand anderem erlaubt h\u00e4tten, einmal zu bestimmen, wer in Ungarn leben darf, h\u00e4tten wir dieses Recht nicht zu einem sp\u00e4teren Zeitpunkt zur\u00fccknehmen k\u00f6nnen\u201d, sagte Orban.<\/p>\n<p>Auf die Aktivit\u00e4ten des US-Finanziers George Soros angesprochen, sagte Orb\u00e1n, dass der Milliard\u00e4r mit einem \u201criesigen internationalen Netzwerk ziviler Gruppen\u201d in Verbindung gebracht werde \u201cUnd w\u00e4hrend wir f\u00fcr den Schutz der Grenze k\u00e4mpften, griffen diese Organisationen Soldaten an und halfen den illegalen Migranten, sie halfen ihnen, die Grenze illegal zu \u00fcberqueren\u201d, sagte er \u201cAll das ist inakzeptabel\u201d, sagte Orb\u00e1n.<\/p>\n<p>\u00dcber die Visegrad-Gruppe sagte Orb\u00e1n, dass das B\u00fcndnis aus Polen, der Tschechischen Republik, der Slowakei und Ungarn \u201ekein Problem, sondern ein Gewinn f\u00fcr die EU sei, der wesentlich zu ihrem Erfolg beitr\u00e4gt\u201c\u201eDie V4 \u201esind sehr gut, danke\u201d, betonte er. \u201eDie Gruppe besteht aus vier erfolgreichen europ\u00e4ischen L\u00e4ndern, die eng zusammenarbeiten, sagte er. \u201eW\u00e4ren sie \u201ezeitgerecht\u201cin die EU aufgenommen worden, h\u00e4tte die globale Wirtschaftskrise Ende der 1990er Jahre statt 2004 einen ganz anderen Verlauf genommen\u201c\u201eWenn die Gruppe von den unabh\u00e4ngig von der V4 agierenden Institutionen getrennt w\u00fcrde, h\u00e4tte Orben&#8221; auf Deutschland allein mit seinen L\u00e4ndern hingelastet\u201d.<\/p>\n<p>Zu einem anderen Thema sagte Orb\u00e1n, dass das Gegenmittel gegen Populismus Erfolg habeWenn Nicht-Populisten erfolgreich sind, bleibt kein Platz mehr f\u00fcr Populismus, sagte er.<\/p>\n<p>Er sagte, der Grund daf\u00fcr, dass Populisten in Ungarn keinen Erfolg hatten, sei BIP-Wachstum, Lohnwachstum, sinkende Arbeitslosigkeit und Sicherheit.<\/p>\n<p>Ungarn sei ein demokratisches Land, sagte Orb\u00e1n und f\u00fcgte hinzu, dass es die Aufgabe der Regierung sei, etwas zu erreichen, wenn die Menschen etwas tun wollten. \u201eWenn die Menschen keine Migranten wollen, ist es die Aufgabe der Regierung, die Grenzen zu sch\u00fctzen, sagte er.<\/p>\n<p>\u201cWenn wir eine Demokratie wollen, m\u00fcssen die F\u00fchrer den Willen des Volkes beherzigen\u201d, sagte Orb\u00e1n.<\/p>\n<p>Wie wir gestern geschrieben haben: \u201cWenn Freiheit und nationale Unabh\u00e4ngigkeit verloren gehen, dann sind wir es auch,\u201d <a href=\"https:\/\/dailynewshungary.com\/de\/1956-orban-wenn-die-freiheit-verloren-geht-sind-wir-es-auch\/\" target=\"_blank\" rel=\"noopener\">Ministerpr\u00e4sident Viktor Orb\u00e1n sagte bei einer staatlichen Gedenkfeier zum antisowjetischen Aufstand Ungarns von 1956 vor dem Budapester Museum des Hauses des Terrors<\/a> Am Montag.<\/p>\n<p><em>Foto: MTI<\/em><\/p>\n","protected":false},"excerpt":{"rendered":"<p>Ungarn und Deutschland sind nat\u00fcrliche Verb\u00fcndete und sollten auch in Zukunft so bleiben Ministerpr\u00e4sident Viktor Orb\u00e1n Dienstag in Passau sagte Orb\u00e1n sprach im Rahmen einer Podiumsdiskussion \u00fcber Euroskeptizismus. Der Premierminister besuchte das Grab von Gisela von Ungarn, der ersten Gemahlin des Landes, im Kloster Niedernburg. In einer Rede am Grab sagte Orb\u00e1n, dass \u201eda die [&hellip;]<\/p>\n","protected":false},"author":2,"featured_media":744204,"comment_status":"open","ping_status":"open","sticky":false,"template":"","format":"standard","meta":{"_acf_changed":false,"_display_image":"","footnotes":""},"categories":[1081],"tags":[1160,1177,1082,1871,1445,2147],"class_list":["post-744203","post","type-post","status-publish","format-standard","has-post-thumbnail","hentry","category-politik","tag-besuch","tag-deutschland","tag-europaische-union","tag-migrantenquoten","tag-migration","tag-viktor-oder-verbot"],"blocksy_meta":[],"acf":[],"author_username":"alk","telegram_post":"","public_post_metadata":{"breaking_news":"","important":"","csempe":"","center_tile":"","disable_thumbnail":"","target_lang":"","_featured_image_style":"","telegram_post":"","_xlat_group_id":""},"public_rank_math_data":{"title":"%title% %sep% %sitename%","description":"Ungarn und Deutschland seien nat\u00fcrliche Verb\u00fcndete, sagte Orb\u00e1n in PassauOrb\u00e1n sprach im Rahmen einer Podiumsdiskussion \u00fcber Euroskeptizismus.","focus_keyword":"Deutschland Ungarn","canonical_url":"","robots":"","primary_category":"1081","breadcrumb_title":"","facebook_title":"","facebook_description":"","facebook_image":"","facebook_image_id":"","twitter_title":"","twitter_description":"","twitter_image":"","twitter_image_id":"","twitter_card_type":"","twitter_use_facebook":"","advanced_robots":"","pillar_content":"","seo_score":"10","contentai_score":"","rich_snippet":""},"_links":{"self":[{"href":"https:\/\/dailynewshungary.com\/de\/wp-json\/wp\/v2\/posts\/744203","targetHints":{"allow":["GET"]}}],"collection":[{"href":"https:\/\/dailynewshungary.com\/de\/wp-json\/wp\/v2\/posts"}],"about":[{"href":"https:\/\/dailynewshungary.com\/de\/wp-json\/wp\/v2\/types\/post"}],"author":[{"embeddable":true,"href":"https:\/\/dailynewshungary.com\/de\/wp-json\/wp\/v2\/users\/2"}],"replies":[{"embeddable":true,"href":"https:\/\/dailynewshungary.com\/de\/wp-json\/wp\/v2\/comments?post=744203"}],"version-history":[{"count":0,"href":"https:\/\/dailynewshungary.com\/de\/wp-json\/wp\/v2\/posts\/744203\/revisions"}],"wp:featuredmedia":[{"embeddable":true,"href":"https:\/\/dailynewshungary.com\/de\/wp-json\/wp\/v2\/media\/744204"}],"wp:attachment":[{"href":"https:\/\/dailynewshungary.com\/de\/wp-json\/wp\/v2\/media?parent=744203"}],"wp:term":[{"taxonomy":"category","embeddable":true,"href":"https:\/\/dailynewshungary.com\/de\/wp-json\/wp\/v2\/categories?post=744203"},{"taxonomy":"post_tag","embeddable":true,"href":"https:\/\/dailynewshungary.com\/de\/wp-json\/wp\/v2\/tags?post=744203"}],"curies":[{"name":"wp","href":"https:\/\/api.w.org\/{rel}","templated":true}]}}