{"id":744224,"date":"2017-10-24T10:30:02","date_gmt":"2017-10-24T08:30:02","guid":{"rendered":"https:\/\/dailynewshungary.com\/de\/was-sagt-uns-die-geschichte-kataloniens-ungarn\/"},"modified":"2017-10-24T10:30:02","modified_gmt":"2017-10-24T08:30:02","slug":"was-sagt-uns-die-geschichte-kataloniens-ungarn","status":"publish","type":"post","link":"https:\/\/dailynewshungary.com\/de\/was-sagt-uns-die-geschichte-kataloniens-ungarn\/","title":{"rendered":"Was sagt uns die Geschichte Kataloniens, Ungarn?"},"content":{"rendered":"<p><strong>Katalonien hat in einem offiziell nicht anerkannten Referendum f\u00fcr seine Unabh\u00e4ngigkeit gestimmt, nun \u00fcberlegt es die Optionen f\u00fcr seine unabh\u00e4ngige Staatlichkeit, w\u00e4hrend der spanische Staat alles tut, um seine Einheit zu bewahren Ermutigt durch das Beispiel denken die n\u00f6rdlichen Provinzen Italiens auch an eine TrennungAber was bedeutet das alles f\u00fcr uns Ungarn? ( <a href=\"https:\/\/mno.hu\/velemeny\/mit-mond-nekunk-a-katalan-tortenet-2422816#\" target=\"_blank\" rel=\"noopener\">T\u00e4glich Magyar Nemzet<\/a><\/strong><\/p>\n<p>Europa ist wieder in Bewegung \u2013 so k\u00f6nnen wir diese j\u00fcngsten Ereignisse in vielerlei Hinsicht zufrieden anerkennen, neben den vorherrschenden Vorstellungen einer f\u00f6deralen Europ\u00e4ischen Union schaffen es nun immer mehr Alternativen in den politischen Mainstream Der Brexit und die Migrationskrise haben Debatten wieder aufgerollt, die auf unserem Kontinent jahrzehntelang verschlossen zu sein scheinenGemeinschaft, Identit\u00e4t, die Beziehungen zu europ\u00e4ischen Werten (das sind die Themen, die heute unseren Diskurs beherrschen Als Mitglieder der ungarischen Nation, die die Herausforderung durch ihre historische Spaltung in viele St\u00fccke nicht zu m\u00e4\u00dfigen vermocht hat, k\u00f6nnen wir die durchsetzungsf\u00e4hige Haltung anderer V\u00f6lker vielleicht als positives Beispiel betrachten Wenn sie als Einheit denken k\u00f6nnen, k\u00f6nnten wir vielleicht auch einige von uns zum Schluss bringen Wir k\u00f6nnten nicht mehr falsch liegen.<\/p>\n<p>Als Fundament des westeurop\u00e4ischen Denkens ist der Liberalismus noch immer unter den Unabh\u00e4ngigkeitsbewegungen vieler Regionen am Werk, die volle Souver\u00e4nit\u00e4t fordern W\u00e4hrend viele Menschen erwarteten, dass die zunehmende Rolle der Gemeinschaften uns zur\u00fcck in die glorreicheren Epochen Europas f\u00fchren w\u00fcrde, sind wir traurig zu sehen, dass das Prinzip der Selbstbestimmung der Gemeinschaften oft entlang solcher linken, oder sogar anarchistischen Prinzipien pr\u00e4sentiert wird, die die Staaten zerfielen, die einst Europa gro\u00df gemacht hatten Einschlie\u00dflich Ungarn.<\/p>\n<blockquote>\n<p><span style=\"color: #0000ff;\">Die Unabh\u00e4ngigkeitsbewegungen, die Europa jetzt aufgeregt halten, werden nicht von einigen nationalen Gef\u00fchlen angetrieben, sondern vom Kalk\u00fcl einiger politischer Lobbygruppen und einem betr\u00e4chtlichen Ma\u00df an Populismus.<\/span><\/p>\n<\/blockquote>\n<p>Als eine Einheit, die bisher eine vorbildliche Autonomie genossen hat und nun separatistische Ziele verfolgt, ist Katalonien ein klares Beispiel daf\u00fcr.<\/p>\n<p>Seit <a href=\"https:\/\/dailynewshungary.com\/?s=trianon\" target=\"_blank\" rel=\"noopener\">dem Vertrag von Trianon<\/a>(die ungarische Politik hat keine dauerhaften Erfolge erzielen k\u00f6nnen, was die Verbesserung der Lage unserer mitungarischen Gemeinschaften betrifft, die auf der anderen Seite unserer Grenzen landen Auch wenn der Schutz der Rechte der ungarischen Gemeinschaften, die in den von uns weggerissenen Gebieten leben, ein zentrales Thema f\u00fcr unsere Diplomatie geblieben ist, scheint der richtige Weg einfach im Nebel verloren zu gehen Die Spaltung der ungarischen Innenpolitik hat sich auch auf unsere nationale Politik ausgewirkt Genauso wie so viele andere Bereiche ist sie auch durch gegens\u00e4tzliche linke und rechte Ans\u00e4tze gekennzeichnet, deren Konflikt und zyklischer Wechsel jede strategische Planung blockiert haben.<\/p>\n<p>W\u00e4hrend die Linke die Idee des Internationalismus nie \u00fcbertreffen konnte und die Frage der ethnischen ungarischen Gemeinschaften als ein Problem betrachtete, das von selbst (oder durch \u201chistorische Progression\u201d) gel\u00f6st werden w\u00fcrde, blieb die nationale Seite in einem Zustand der krampfhaften Leugnung stecken, es bedeutete die Unf\u00e4higkeit zu akzeptieren, dass die ungarische Nation in eine neue Situation geriet und die Grundlage f\u00fcr eine L\u00f6sung eine realistische Einsch\u00e4tzung der Fakten sein mussDie politische Rechte, die die Faktoren, die eine Bedrohung f\u00fcr unsere Staatlichkeit darstellten, ignoriert hatte, weigerte sich auch sp\u00e4ter immer wieder, sich den Schwierigkeiten zu stellen Stattdessen entkam sie in ihre eigenen Tr\u00e4ume.<\/p>\n<p>Gemeinsamkeiten dieser beiden Ans\u00e4tze sind der v\u00f6llige Mangel an Realismus, die Erwartung eines Wunders sowie eine herbe Entt\u00e4uschung nach dem Anblick der Realit\u00e4t Weder der Internationalismus noch die europ\u00e4ische Integration konnten das ausgleichen, was die ungarische Nation vers\u00e4umt hatteDie v\u00f6llige Inflexibilit\u00e4t der nationalen Seite war auch keine HilfeDie Linke hat es vers\u00e4umt, auch nur die verf\u00fcgbaren Optionen zu nutzen, w\u00e4hrend die Rechte aufgrund ihrer unrealistischen Vorstellungen das Ziel verfehlte. Beide f\u00fchrten zum gleichen Ergebnis: Entt\u00e4uschung und Demoralisierung. In der Zwischenzeit sind die st\u00e4ndig abnehmenden ethnischen ungarischen Gemeinschaften zu einer unl\u00f6sbaren Belastung f\u00fcr unsere Regierungen geworden. In einer Atmosph\u00e4re wie dieser ist es kein Wunder, dass unsere nationale Politik zu einer Reihe von Misserfolgen geworden ist; Wir sind in einer europ\u00e4ischen Union nicht einmal so sensiblende gegen die Gesetze, die sich gegen\u00fcber der Ukraine entschiedener, die sie ergriffen haben, die sie zu diskriminieren, die sie zu er sich nicht zu erregierten, die sie zu erregierten, die erregierten, die sie zu erregierten, die erregierten, die sie zu erregierten, die sie zu erregieren, die sie zu erregierten, die sie zu erbleichen, die sie zu erregierten, die sie zu erbleichen<\/p>\n<p>Es ist also h\u00f6chste Zeit, dass die ungarische Nationalpolitik endlich von Wunschdenken abl\u00e4sst, indem sie realistischere und umsetzbare Ziele setzt und v\u00f6lkerrechtlich vertretbare und umsetzbare Aktionspl\u00e4ne entwickelt, um die Rechte der ethnischen ungarischen Gemeinschaften zu sch\u00fctzen und so die internationale \u00d6ffentlichkeit f\u00fcr unsere Sache zu gewinnen Die Reaktionen auf die aktuelle katalanische Situation scheinen jedoch darauf hinzudeuten, dass der ungarische Diskurs nicht in der Lage war, \u00fcber seinen eigenen Schatten zu treten.<\/p>\n<blockquote>\n<p><span style=\"color: #0000ff;\">W\u00e4hrend in den lakonisch zur\u00fcckhaltenden \u00c4u\u00dferungen der offiziellen Diplomatie Ungarns das katalanische Referendum als interne Angelegenheit Spaniens bezeichnet wurde, wird das Internet mit selbstgezauberten Argumentationen f\u00fcr die Unabh\u00e4ngigkeit Kataloniens \u00fcberschwemmt.<\/span><\/p>\n<\/blockquote>\n<p>Als eine Art besonderes ungarisches Merkmal haben so unterschiedliche Gruppen wie Liberale, die die Ereignisse als nichts anderes als spanische Polizeibrutalit\u00e4t und Menschenrechtsverletzung betrachten, Extremlinke, die ideologisch mit den linken katalanischen Separatistenbem\u00fchungen sympathisieren, und das nationale Lager, das die Idee des Irredentismus f\u00f6rdert und damit den katalanischen Separatismus als Beispiel betrachtet, zueinander gefunden. Es ist unvermeidlich, dass Ungarns au\u00dfenpolitische F\u00fchrung unsere Situation neu bewertet und auch die notwendigen Schlussfolgerungen zieht.<\/p>\n<p>Von allen derzeit f\u00fcr Ungarn zur Verf\u00fcgung stehenden M\u00f6glichkeiten besteht die einzige M\u00f6glichkeit, mit dem Thema umzugehen, darin, regionale Autonomie f\u00fcr die in einem Block lebende ungarische Gemeinschaft und kulturelle Autonomie f\u00fcr die in der Diaspora lebenden Menschen zu erreichen Obwohl Autonomie etwas weniger als Unabh\u00e4ngigkeit ist, ist sie immer noch die einzige M\u00f6glichkeit, die aus Gr\u00fcnden des V\u00f6lkerrechts gerechtfertigt und ausf\u00fchrbar ist Nur so kann unser vorrangiges Ziel erreicht werden, n\u00e4mlich die Wahrung der Identit\u00e4t, Sprache und nationalen Symbole der ungarischen Gemeinschaften Die M\u00f6glichkeiten, die eine funktionierende regionale Autonomie bietet, sind nahezu grenzenlos In einem solchen Rahmen k\u00f6nnte die in einem Block lebende ungarische Gemeinschaft ihre eigene Regierung, ein lokales Parlament, \u00f6ffentliche Verwaltung, Steuern und sogar Polizei haben Dieses System hat Beispiele in der EU: So funktioniert auch S\u00fcdtirol und Katalonien.<\/p>\n<p>Um dieses Ziel zu erreichen, m\u00fcssen Budapest und die lokalen Gemeinschaften jedoch kooperieren Leider konnte bisher keine der ungarischen Regierungen ethnische ungarische Gruppen als Partner behandeln, entweder sie haben sie v\u00f6llig im Stich gelassen oder sie wollten die totale Kontrolle \u00fcber sie aus\u00fcben, indem sie ihre Gemeinschaften f\u00fcr den Aufbau politischer und wirtschaftlicher Klientel oder f\u00fcr billige Stimmensammlung nutzten Dieser Prozess hat sich seit 2010 besonders intensiviert.<\/p>\n<blockquote>\n<p><span style=\"color: #0000ff;\">Der Fall Katalonien wird wahrscheinlich ein Beispiel sein Die Frage ist: Wird es ein positiver oder ein negativer Fall sein?<\/span><\/p>\n<\/blockquote>\n<p>Seit dem Mittelalter bildete Katalonien einen Teil des spanischen K\u00f6nigreichs, seine ersten Autonomieversuche tauchten im 20. Jahrhundert auf, eng verbunden mit antimonarchischen linken Agenden, Katalonien war w\u00e4hrend des B\u00fcrgerkriegs eine Hochburg der republikanischen Linken, die von der Idee des Kommunismus angezogen wurde Kein Wunder, dass die Konzepte der linken Diktatur und des Separatismus in so vielen spanischen K\u00f6pfen lange miteinander verbunden waren Es ist auch kein Wunder, dass Francos Nachkriegsregime die Rechte der katalanischen Provinz einschr\u00e4nkte Obwohl Francos System 1975 endete und Katalonien wieder eine weite Autonomie zugestanden wurde, nahm die Macht der Linken dennoch zu.<br \/>\nKatalonien hat, nachdem es innerhalb des dezentralisierten spanischen Staates volle Autonomie erhalten hat, ein eigenes Parlament, eine \u00f6ffentliche Verwaltung, Bildung, Gesundheitswesen und Polizei gehabt, es ist zu einer der reichsten, aber auch am h\u00f6chsten verschuldeten Provinzen Spaniens geworden, andererseits hat Madrid eine Garantie f\u00fcr die steigenden Schulden Kataloniens gegeben, einer Provinz, die von Kreditratinginstituten als spekulativ eingestuft wirdWarum war es in Anbetracht des oben Gesagten notwendig, ein Unabh\u00e4ngigkeitsreferendum abzuhalten und ein funktionierendes System zu st\u00f6ren?<\/p>\n<p>Meistens, um die Agenda bestimmter extrem linker und anarchistischer politischer Kr\u00e4fte zu f\u00f6rdern, die die Minderheitsregierung Kataloniens nach au\u00dfen unterst\u00fctzen und auch erpressen, es gibt kein anderes, wirkliches Argument f\u00fcr die Unabh\u00e4ngigkeit Kataloniens Die Region erreichte ihren wirtschaftlichen Erfolg mit Hilfe Madrids, mit spanischen Unternehmen und im Rahmen der Europ\u00e4ischen Union, nach der Unabh\u00e4ngigkeit m\u00fcsste Katalonien mit einem unabh\u00e4ngigen Territorialverteidigungs, Justiz, Steuer &#8211; und Rechtssystem auf sich allein gestellt sein, Dinge, die Madrid bisher zur Verf\u00fcgung gestellt hat.<\/p>\n<p>Verantwortungslos genug hat die F\u00fchrung Kataloniens ihre W\u00e4hler in die Illusion einlullt, dass ein unabh\u00e4ngiges Katalonien als lebensf\u00e4higer Staat Teil der EU bleiben w\u00fcrde, indem sie dieses Referendum abgehalten haben, haben sie ein funktionierendes System durcheinander gebracht, die erlangten Rechte Kataloniens gef\u00e4hrdet, was ein h\u00f6chst riskanter Schritt ist, als Ungarn d\u00fcrfen wir den Aspekt nicht au\u00dfer Acht lassen, f\u00fcr den die Trennung die gleichen Folgen h\u00e4tte <a href=\"https:\/\/dailynewshungary.com\/de\/der-grose-britische-zuguberfall-wie-eine-15-kopfige-bande-1963-26-millionen-pfund-stahl\/\" target=\"_blank\" rel=\"noopener\">Spanien<\/a> Wie es der Vertrag von Trianon f\u00fcr das ungarische K\u00f6nigreich hatteEs w\u00e4re eine gef\u00e4hrliche politische Botschaft, die darauf hindeutet, dass eine separatistische Bewegung, wenn sie mit einer ausreichend aggressiven Haltung durchgef\u00fchrt wird, ihr Ziel erreichen kann In einer Zeit, in der Europa von der Fl\u00fcchtlingskrise bedroht ist, steht au\u00dfer Frage, wie gef\u00e4hrlich es ist, den Kontinent zu destabilisieren und Menschen mit gut klingenden, aber un\u00fcberlegten Parolen aufzuhetzen Es ist auch nicht die Frage, welche Auswirkungen das potenzielle Scheitern der katalanischen Unabh\u00e4ngigkeitsbewegung auf alle anderen Selbstbestimmungsbem\u00fchungen haben k\u00f6nnte.<\/p>\n<blockquote>\n<p><span style=\"color: #0000ff;\">Ein fehlgeschlagener Unabh\u00e4ngigkeitsversuch wird offensichtlich der Sache jener f\u00fchrenden slowakischen, ukrainischen oder rum\u00e4nischen Politiker helfen, die immer wieder versuchen, die ungarischen Autonomiebem\u00fchungen mit Separatismus zu identifizieren.<\/span><\/p>\n<\/blockquote>\n<p>Das V\u00f6lkerrecht erkl\u00e4rt das Selbstbestimmungsrecht aber es sch\u00fctzt auch die nationale Souver\u00e4nit\u00e4t, es \u00fcberrascht nicht, dass jede europ\u00e4ische Regierung auf Madrids Seite getreten ist, was ein wichtiges Indiz f\u00fcr die vorherrschende Stellung Europas in Bezug auf separatistische Agenden ist, im Gegensatz dazu hat Autonomie viele positive Beispiele W\u00e4hrend das erste Ziel derzeit nicht realisierbar ist, ist es das letztere.<\/p>\n<p>Der Weg, den wir Ungarn einschlagen m\u00fcssen, ist nicht der von Katalonien Stattdessen m\u00fcssen wir realistische und realisierbare Ziele setzen, deren Verwirklichung den ethnischen ungarischen Gemeinschaften, die von Abwanderung und Assimilation bedroht sind, eine Erfolgserfahrung bescheren k\u00f6nnte, und abschlie\u00dfend ist Autonomie das Ziel, das wir beharrlich im Hinblick auf die ungarischen Gemeinschaften verfolgen m\u00fcssen Dies ist die europ\u00e4ische L\u00f6sung des 21. Jahrhunderts f\u00fcr eine Diplomatie, die auf die F\u00f6rderung nationaler Interessen abzielt.<\/p>\n<p><em>Foto: MTI\/EPA\/Alberto Estevez<\/em><\/p>\n","protected":false},"excerpt":{"rendered":"<p>Katalonien hat in einem offiziell nicht anerkannten Referendum f\u00fcr seine Unabh\u00e4ngigkeit gestimmt, nun \u00fcberlegt es die Optionen f\u00fcr seine unabh\u00e4ngige Staatlichkeit, w\u00e4hrend der spanische Staat alles tut, um seine Einheit zu bewahren Ermutigt durch das Beispiel denken die n\u00f6rdlichen Provinzen Italiens auch an eine TrennungAber was bedeutet das alles f\u00fcr uns Ungarn? ( T\u00e4glich Magyar [&hellip;]<\/p>\n","protected":false},"author":2,"featured_media":744225,"comment_status":"open","ping_status":"open","sticky":false,"template":"","format":"standard","meta":{"_acf_changed":false,"_display_image":"","footnotes":""},"categories":[1081],"tags":[1131],"class_list":["post-744224","post","type-post","status-publish","format-standard","has-post-thumbnail","hentry","category-politik","tag-spanien"],"blocksy_meta":[],"acf":[],"author_username":"alk","telegram_post":"","public_post_metadata":{"breaking_news":"","important":"","csempe":"","center_tile":"","disable_thumbnail":"","target_lang":"","_featured_image_style":"","telegram_post":"","_xlat_group_id":""},"public_rank_math_data":{"title":"%title% %sep% %sitename%","description":"Katalonien hat in einem offiziell nicht anerkannten Referendum f\u00fcr seine Unabh\u00e4ngigkeit gestimmt, ermutigt durch das BeispielAber was bedeutet das alles f\u00fcr die Ungarn?","focus_keyword":"Katalonien","canonical_url":"","robots":"","primary_category":"1081","breadcrumb_title":"","facebook_title":"","facebook_description":"","facebook_image":"","facebook_image_id":"","twitter_title":"","twitter_description":"","twitter_image":"","twitter_image_id":"","twitter_card_type":"","twitter_use_facebook":"","advanced_robots":"","pillar_content":"","seo_score":"74","contentai_score":"","rich_snippet":""},"_links":{"self":[{"href":"https:\/\/dailynewshungary.com\/de\/wp-json\/wp\/v2\/posts\/744224","targetHints":{"allow":["GET"]}}],"collection":[{"href":"https:\/\/dailynewshungary.com\/de\/wp-json\/wp\/v2\/posts"}],"about":[{"href":"https:\/\/dailynewshungary.com\/de\/wp-json\/wp\/v2\/types\/post"}],"author":[{"embeddable":true,"href":"https:\/\/dailynewshungary.com\/de\/wp-json\/wp\/v2\/users\/2"}],"replies":[{"embeddable":true,"href":"https:\/\/dailynewshungary.com\/de\/wp-json\/wp\/v2\/comments?post=744224"}],"version-history":[{"count":0,"href":"https:\/\/dailynewshungary.com\/de\/wp-json\/wp\/v2\/posts\/744224\/revisions"}],"wp:featuredmedia":[{"embeddable":true,"href":"https:\/\/dailynewshungary.com\/de\/wp-json\/wp\/v2\/media\/744225"}],"wp:attachment":[{"href":"https:\/\/dailynewshungary.com\/de\/wp-json\/wp\/v2\/media?parent=744224"}],"wp:term":[{"taxonomy":"category","embeddable":true,"href":"https:\/\/dailynewshungary.com\/de\/wp-json\/wp\/v2\/categories?post=744224"},{"taxonomy":"post_tag","embeddable":true,"href":"https:\/\/dailynewshungary.com\/de\/wp-json\/wp\/v2\/tags?post=744224"}],"curies":[{"name":"wp","href":"https:\/\/api.w.org\/{rel}","templated":true}]}}