{"id":744235,"date":"2017-10-23T20:13:12","date_gmt":"2017-10-23T18:13:12","guid":{"rendered":"https:\/\/dailynewshungary.com\/de\/1956-ehemaliger-premierminister-gyurcsany-feind-der-regierung-des-freien-ungarn\/"},"modified":"2017-10-23T20:13:12","modified_gmt":"2017-10-23T18:13:12","slug":"1956-ehemaliger-premierminister-gyurcsany-feind-der-regierung-des-freien-ungarn","status":"publish","type":"post","link":"https:\/\/dailynewshungary.com\/de\/1956-ehemaliger-premierminister-gyurcsany-feind-der-regierung-des-freien-ungarn\/","title":{"rendered":"1956 \u2013 Ehemaliger Premierminister Gyurcs\u00e1ny: \u201eFeind\u2019 der Regierung des freien Ungarn"},"content":{"rendered":"<p><strong>Ferenc Gyurcs\u00e1ny, F\u00fchrer der linken Opposition <a href=\"https:\/\/dailynewshungary.com\/de\/der-grose-britische-zuguberfall-wie-eine-15-kopfige-bande-1963-26-millionen-pfund-stahl\/\" target=\"_blank\" rel=\"noopener noreferrer\">Demokratische Koalition (DK)<\/a>\u201cFeind des b\u00fcrgerlichen, europ\u00e4ischen und freien Ungarns\u201d nannte, bei einer Zeremonie anl\u00e4sslich des antisowjetischen Aufstandes Ungarns 1956 und des sechsten Jahrestages der Gr\u00fcndung von DK am Montag die Regierung.<\/strong><\/p>\n<p>Das \u201cRegime an sich ist eine L\u00fcge\u201d von Ministerpr\u00e4sident Viktor Orb\u00e1n, beharrte Gyurcs\u00e1ny.<\/p>\n<blockquote>\n<p><span style=\"color: #0000ff;\">\u201cWo der Premierminister l\u00fcgt, dass es Demokratie gibt, da ist Tyrannei;<\/span><\/p>\n<\/blockquote>\n<p>Wenn er Renten sch\u00fctzt, stiehlt er sie; wenn er von Europa spricht, sucht er Almosen, \u201csagte er\u201d.<\/p>\n<p>Er sagte, dass das Jahr 1956 zwar die Ungarn gleichzeitig vereinte und spaltete, das Wesen der Revolution jedoch die Tr\u00e4ume waren, die sie anspornten.<\/p>\n<p>\u201cVom Wesen des Jahres 1956 den R\u00fccken zu kehren, ist ein schwerer Fehler aus historischer Sicht, w\u00e4hrend es politisch bedeutet, sich auf die Seite der Diktatur statt der Freiheit zu stellen\u201d, sagte der DK-Chef.<\/p>\n<blockquote>\n<p><span style=\"color: #0000ff;\">Er sagte, die heutige Regierungspartei Fidesz habe nichts mit der 1988 gegr\u00fcndeten liberalen Partei Fidesz gemeinsam,<\/span><\/p>\n<\/blockquote>\n<p>Hinzuf\u00fcgen, dass DK viel mehr mit den Fidesz von fr\u00fcher gemeinsam hatte.<\/p>\n<p>Wie wir heute geschrieben haben, ist&nbsp;<a href=\"https:\/\/dailynewshungary.com\/de\/1956-orban-wenn-die-freiheit-verloren-geht-sind-wir-es-auch\/\" target=\"_blank\" rel=\"noopener noreferrer\">Ministerpr\u00e4sident Viktor Orb\u00e1n hatte eine Rede<\/a> Bei einer staatlichen Gedenkfeier zum antisowjetischen Aufstand Ungarns von 1956 vor dem Budapester Museum des Hauses des Terrors am Montag.<\/p>\n<p><em>Foto: MTI<\/em><\/p>\n","protected":false},"excerpt":{"rendered":"<p>Ferenc Gyurcs\u00e1ny, F\u00fchrer der linken Opposition Demokratische Koalition (DK)\u201cFeind des b\u00fcrgerlichen, europ\u00e4ischen und freien Ungarns\u201d nannte, bei einer Zeremonie anl\u00e4sslich des antisowjetischen Aufstandes Ungarns 1956 und des sechsten Jahrestages der Gr\u00fcndung von DK am Montag die Regierung. Das \u201cRegime an sich ist eine L\u00fcge\u201d von Ministerpr\u00e4sident Viktor Orb\u00e1n, beharrte Gyurcs\u00e1ny. \u201cWo der Premierminister l\u00fcgt, dass [&hellip;]<\/p>\n","protected":false},"author":2,"featured_media":744236,"comment_status":"open","ping_status":"open","sticky":false,"template":"","format":"standard","meta":{"_acf_changed":false,"_display_image":"","footnotes":""},"categories":[1081],"tags":[1222,1942,1144,1598,1076],"class_list":["post-744235","post","type-post","status-publish","format-standard","has-post-thumbnail","hentry","category-politik","tag-demokratische-koalition","tag-die-ungarische-revolution-von-1956","tag-gedenken","tag-nationalfeiertag","tag-ungarn"],"blocksy_meta":[],"acf":[],"author_username":"alk","telegram_post":"","public_post_metadata":{"breaking_news":"","important":"","csempe":"","center_tile":"","disable_thumbnail":"","target_lang":"","_featured_image_style":"","telegram_post":"","_xlat_group_id":""},"public_rank_math_data":{"title":"%title% %sep% %sitename%","description":"Ferenc Gyurcs\u00e1ny, F\u00fchrer der linken Opposition Demokratischen Koalition (DK), nannte die Regierung einen \"Feind des b\u00fcrgerlichen, europ\u00e4ischen und freien Ungarns\".","focus_keyword":"Gyurcs\u00e1ny","canonical_url":"","robots":"","primary_category":"1081","breadcrumb_title":"","facebook_title":"","facebook_description":"","facebook_image":"","facebook_image_id":"","twitter_title":"","twitter_description":"","twitter_image":"","twitter_image_id":"","twitter_card_type":"","twitter_use_facebook":"","advanced_robots":"","pillar_content":"","seo_score":"64","contentai_score":"","rich_snippet":""},"_links":{"self":[{"href":"https:\/\/dailynewshungary.com\/de\/wp-json\/wp\/v2\/posts\/744235","targetHints":{"allow":["GET"]}}],"collection":[{"href":"https:\/\/dailynewshungary.com\/de\/wp-json\/wp\/v2\/posts"}],"about":[{"href":"https:\/\/dailynewshungary.com\/de\/wp-json\/wp\/v2\/types\/post"}],"author":[{"embeddable":true,"href":"https:\/\/dailynewshungary.com\/de\/wp-json\/wp\/v2\/users\/2"}],"replies":[{"embeddable":true,"href":"https:\/\/dailynewshungary.com\/de\/wp-json\/wp\/v2\/comments?post=744235"}],"version-history":[{"count":0,"href":"https:\/\/dailynewshungary.com\/de\/wp-json\/wp\/v2\/posts\/744235\/revisions"}],"wp:featuredmedia":[{"embeddable":true,"href":"https:\/\/dailynewshungary.com\/de\/wp-json\/wp\/v2\/media\/744236"}],"wp:attachment":[{"href":"https:\/\/dailynewshungary.com\/de\/wp-json\/wp\/v2\/media?parent=744235"}],"wp:term":[{"taxonomy":"category","embeddable":true,"href":"https:\/\/dailynewshungary.com\/de\/wp-json\/wp\/v2\/categories?post=744235"},{"taxonomy":"post_tag","embeddable":true,"href":"https:\/\/dailynewshungary.com\/de\/wp-json\/wp\/v2\/tags?post=744235"}],"curies":[{"name":"wp","href":"https:\/\/api.w.org\/{rel}","templated":true}]}}