{"id":744237,"date":"2017-10-23T19:15:13","date_gmt":"2017-10-23T17:15:13","guid":{"rendered":"https:\/\/dailynewshungary.com\/de\/1956-orban-wenn-die-freiheit-verloren-geht-sind-wir-es-auch\/"},"modified":"2017-10-23T19:15:13","modified_gmt":"2017-10-23T17:15:13","slug":"1956-orban-wenn-die-freiheit-verloren-geht-sind-wir-es-auch","status":"publish","type":"post","link":"https:\/\/dailynewshungary.com\/de\/1956-orban-wenn-die-freiheit-verloren-geht-sind-wir-es-auch\/","title":{"rendered":"1956 \u2013 Orb\u00e1n: \u201eWenn die Freiheit verloren geht, sind wir es auch"},"content":{"rendered":"<p><strong>\u201cWenn Freiheit und nationale Unabh\u00e4ngigkeit verloren gehen, dann sind wir es auch,\u201d <a href=\"https:\/\/dailynewshungary.com\/de\/der-grose-britische-zuguberfall-wie-eine-15-kopfige-bande-1963-26-millionen-pfund-stahl\/\" target=\"_blank\" rel=\"noopener noreferrer\">Ministerpr\u00e4sident Viktor Orb\u00e1n<\/a> Bei einer staatlichen Gedenkfeier zum antisowjetischen Aufstand Ungarns von 1956 vor dem Budapester Museum des Hauses des Terrors am Montag sagte.&nbsp;<\/strong><\/p>\n<p>\u201cDie sowjetische Herrschaft warf uns in einen Raum ohne Geschichte; sie wollte unsere Vergangenheit und unsere Kultur zerst\u00f6ren\u201d, sagte Orb\u00e1n.<\/p>\n<p>Der Ministerpr\u00e4sident sagte, \u201cnationales Gedenken\u201d sei die \u201cst\u00e4rkste Waffe\u201d, die eine Wiederholung des physischen und intellektuellen Terrors verhindern k\u00f6nne, dem Ungarn unter sowjetischer Herrschaft ausgesetzt war.<\/p>\n<p>Orb\u00e1n sagte, der <a href=\"https:\/\/dailynewshungary.com\/de\/neues-gourmetzentrum-wird-im-stadtzentrum-von-budapest-eroffnet\/\" target=\"_blank\" rel=\"noopener noreferrer\">Museum des Hauses des Terrors<\/a> 2002 er\u00f6ffnet wurde, erinnerte die Welt daran, dass der Freiheitswille der Ungarn nicht zu ersticken sei.<\/p>\n<p>Bez\u00fcglich der gescheiterten antisowjetischen Revolution sagte Orb\u00e1n, dass Westeuropa diese Entwicklungen \u201evielleicht bewundert, aber nicht verstehen konnte\u201c.<\/p>\n<p>\u201cSie haben nicht verstanden, dass wir bis zum Ende auf unserer Kultur und Lebensweise beharren, dass wir uns nicht in den Schmelztiegel anderer einmischen\u201d \u201cWir wollen, dass sie respektieren, wer und was wir sind\u201d, sagte der Premierminister weiter.<\/p>\n<blockquote>\n<p><span style=\"color: #0000ff;\">\u201cWir sind eine tapfere und k\u00e4mpfende Nation, und wissen, dass diejenigen, die nicht respektiert werden, verachtet werden\u201d<\/span><\/p>\n<\/blockquote>\n<p>Er sagte, und f\u00fcgte hinzu, dass \u201csie uns jetzt in Br\u00fcssel nicht verstehen, weil sie Ungarn damals auch nicht verstehen konnten\u201d.<\/p>\n<p>Der Premierminister sagte auch, dass Europa entgleist sei und sich auf eine Sackgasse zubewege, und f\u00fcgte hinzu, dass die EU und viele Mitgliedsstaaten des Blocks \u201evon einem Finanzspekulantenimperium als Geiseln gehalten werden\u201c.<\/p>\n<p>Im 20. Jahrhundert kam es zu Unruhen in Form von \u201cmilitanten Imperien\u201d, sagte erHeute steigen Imperien im Schatten der Globalisierung auf, f\u00fcgte Orb\u00e1n hinzu.<\/p>\n<p>\u201cSie haben keine Grenzen, aber ein globales Mediennetzwerk, da sie auch Zehntausende Menschen daf\u00fcr bezahlen lassen, ihnen zu dienen. Sie handeln schnell, sie sind stark und brutal\u201d, sagte der Premierminister.<\/p>\n<p>\u201cJetzt, drei Jahrzehnte sp\u00e4ter, ist alles, was wir f\u00fcr die ungarische Lebensweise halten, wieder in Gefahr\u201d, sagte er.<\/p>\n<p>\u201cNach der Erlangung der Freiheit im Jahr 1990 sind wir wieder an einem Wendepunkt in der Geschichte unseres Landes angelangt,\u201d, sagte Orb\u00e1n.<\/p>\n<blockquote>\n<p><span style=\"color: #0000ff;\">\u201cWas wir wollen, ist ein sicheres, faires, b\u00fcrgerliches, christliches und freies Europa\u201d, sagte der Premierminister.&nbsp;<\/span><\/p>\n<\/blockquote>\n<p>Orb\u00e1n sagte, dass alle Wahlen in Europa nun von \u201centscheidender\u201d Bedeutung seien, und bestand darauf, dass es jetzt an der Zeit sei, dass die V\u00f6lker Europas entscheiden, \u201cwenn sie die politische Kontrolle \u00fcber ihre nationalen Anliegen von europ\u00e4ischen B\u00fcrokraten zur\u00fcckerhalten, die eng mit der Wirtschaftselite verbunden sind\u201d \u201cViele m\u00f6gen immer noch denken, dass es unm\u00f6glich ist\u201d, sagte er, f\u00fcgte aber hinzu, dass man 1956, 1988 und vor 2010 auch nicht an die M\u00f6glichkeit einer Ver\u00e4nderung glaubte.<\/p>\n<figure id=\"attachment_148076\" aria-describedby=\"caption-attachment-148076\" style=\"width: 1024px\" class=\"wp-caption aligncenter\"><a href=\"https:\/\/contentf5.dailynewshungary.com\/wp-content\/uploads\/2017\/10\/D__AS20171023004.jpg\" data-pswp-width=\"2048\" data-pswp-height=\"1363\" data-cropped=\"true\"><img loading=\"lazy\" decoding=\"async\" class=\"size-large wp-image-148076\" src=\"https:\/\/dailynewshungary.com\/wp-content\/uploads\/2017\/10\/D__AS20171023004-1024x682.jpg\" alt=\"D AS X\" width=\"1024\" height=\"682\" srcset=\"https:\/\/contentf5.dailynewshungary.com\/wp-content\/uploads\/2017\/10\/D__AS20171023004-1024x682.jpg 1024w, https:\/\/contentf5.dailynewshungary.com\/wp-content\/uploads\/2017\/10\/D__AS20171023004-300x200.jpg 300w, https:\/\/contentf5.dailynewshungary.com\/wp-content\/uploads\/2017\/10\/D__AS20171023004-768x511.jpg 768w, https:\/\/contentf5.dailynewshungary.com\/wp-content\/uploads\/2017\/10\/D__AS20171023004-220x146.jpg 220w, https:\/\/contentf5.dailynewshungary.com\/wp-content\/uploads\/2017\/10\/D__AS20171023004-600x399.jpg 600w, https:\/\/contentf5.dailynewshungary.com\/wp-content\/uploads\/2017\/10\/D__AS20171023004-200x133.jpg 200w, https:\/\/contentf5.dailynewshungary.com\/wp-content\/uploads\/2017\/10\/D__AS20171023004-1080x719.jpg 1080w, https:\/\/contentf5.dailynewshungary.com\/wp-content\/uploads\/2017\/10\/D__AS20171023004.jpg 2048w\" sizes=\"auto, (max-width: 1024px) 100vw, 1024px\"><\/a><figcaption id=\"caption-attachment-148076\" class=\"wp-caption-text\">Vor dem House of Terror Museum, Foto: MTI<\/figcaption><\/figure>\n<p>\u201cWir wollten glauben, dass die alten N\u00f6te nicht zur\u00fcckkehren k\u00f6nnten\u201d, sagte Orb\u00e1n \u201cWir wollten glauben, dass der Traum der Kommunisten, uns in Homo Sovieticus zu verwandeln, niemals wieder auftauchen kann\u201d<\/p>\n<p>\u201eAber jetzt sind wir fassungslos, wenn wir sehen, wie die Kr\u00e4fte der Globalisierung an der T\u00fcr weinen und uns von den Ungarn zum Homo Brusselicus formen,\u201cf\u00fcgte Orb\u00e1n hinzu.<\/p>\n<p>Zum Thema Migration sagte der Ministerpr\u00e4sident, das \u201cFinanzspekulantenimperium\u201d habe die \u201cInvasion neuer Einwanderer\u201d nach Europa gebrachtSie seien es gewesen, die den Plan zur Umwandlung Europas in einen \u201cgemischten Kontinent\u201d auf die Beine gestellt h\u00e4tten, beharrte er.<\/p>\n<p>Orb\u00e1n sagte, Mitteleuropa werde im Mittelpunkt des Kampfes f\u00fcr die Zukunft Europas stehen und argumentierte, dass dies eine \u201cmigrantenfreie Zone\u201d innerhalb des Kontinents sei.<\/p>\n<blockquote>\n<p><span style=\"color: #0000ff;\">\u201cBis Br\u00fcssel seine Souver\u00e4nit\u00e4t zur\u00fcckgewinnt, kann das Lenkrad Europas nicht in die richtige Richtung gedreht werden\u201d, sagte er.<\/span><\/p>\n<\/blockquote>\n<p>Orb\u00e1n sagte, dass alle Wahlen in Europa nun von \u201eentscheidender\u201d Bedeutung seien und betonte, dass es jetzt an der Zeit sei, dass die V\u00f6lker Europas entscheiden, \u201ewenn sie die politische Kontrolle \u00fcber ihre nationalen Anliegen von europ\u00e4ischen B\u00fcrokraten zur\u00fcckerhalten, die eng mit den Wirtschaftseliten verbunden sind\u201c\u201d \u201eViele denken vielleicht immer noch, dass es unm\u00f6glich ist, sagte er, f\u00fcgte jedoch hinzu, dass die Menschen 1956, 1988 und vor 2010 auch nicht an die M\u00f6glichkeit einer Ver\u00e4nderung glaubten.<\/p>\n<p>Orb\u00e1n bestand darauf, dass \u201edie Migration gestoppt, die Globalisierung unter Kontrolle gehalten, Br\u00fcssel einged\u00e4mmt und die Pl\u00e4ne eines Finanzspekulanten vereitelt werden k\u00f6nnen\u201cf\u00fcgte jedoch hinzu, dass Mitteleuropas \u201ePolen, Tschechen, Slowaken, Rum\u00e4nen und Ungarn\u201cm\u00fcssen sich zusammenschlie\u00dfen\u201d.<\/p>\n<p>\u201cEs steht viel auf dem Spiel; wir k\u00f6nnen nichts auf die leichte Schulter nehmen\u201d, sagte Orb\u00e1n \u201cWir d\u00fcrfen die Macht der dunklen Seite niemals untersch\u00e4tzen\u201d, f\u00fcgte er hinzu.<\/p>\n<p>Bez\u00fcglich der Parlamentswahlen in Ungarn im kommenden Fr\u00fchjahr \u00e4u\u00dferte Orb\u00e1n seine Zuversicht, dass seine Fidesz-Partei gute Chancen auf den Wahlsieg habe. Er sagte jedoch, dass \u201ejeder W\u00e4hler f\u00fcr einen Wahlsieg ben\u00f6tigt wird\u201c.<\/p>\n<p><em>Foto: MTI<\/em><\/p>\n","protected":false},"excerpt":{"rendered":"<p>\u201cWenn Freiheit und nationale Unabh\u00e4ngigkeit verloren gehen, dann sind wir es auch,\u201d Ministerpr\u00e4sident Viktor Orb\u00e1n Bei einer staatlichen Gedenkfeier zum antisowjetischen Aufstand Ungarns von 1956 vor dem Budapester Museum des Hauses des Terrors am Montag sagte.&nbsp; \u201cDie sowjetische Herrschaft warf uns in einen Raum ohne Geschichte; sie wollte unsere Vergangenheit und unsere Kultur zerst\u00f6ren\u201d, sagte [&hellip;]<\/p>\n","protected":false},"author":2,"featured_media":744238,"comment_status":"open","ping_status":"open","sticky":false,"template":"","format":"standard","meta":{"_acf_changed":false,"_display_image":"","footnotes":""},"categories":[1081],"tags":[1942,1082,1598,1076,1128],"class_list":["post-744237","post","type-post","status-publish","format-standard","has-post-thumbnail","hentry","category-politik","tag-die-ungarische-revolution-von-1956","tag-europaische-union","tag-nationalfeiertag","tag-ungarn","tag-viktor-orban"],"blocksy_meta":[],"acf":[],"author_username":"alk","telegram_post":"","public_post_metadata":{"breaking_news":"","important":"","csempe":"","center_tile":"","disable_thumbnail":"","target_lang":"","_featured_image_style":"","telegram_post":"","_xlat_group_id":""},"public_rank_math_data":{"title":"%title% %sep% %sitename%","description":"Ministerpr\u00e4sident Viktor Orb\u00e1n sagte am Montag bei einer staatlichen Gedenkfeier zum antisowjetischen Aufstand Ungarns im Jahr 1956 vor dem Budapester Museum des Hauses des Terrors.&nbsp;","focus_keyword":"Orb\u00e1n","canonical_url":"","robots":"","primary_category":"1081","breadcrumb_title":"","facebook_title":"","facebook_description":"","facebook_image":"","facebook_image_id":"","twitter_title":"","twitter_description":"","twitter_image":"","twitter_image_id":"","twitter_card_type":"","twitter_use_facebook":"","advanced_robots":"","pillar_content":"","seo_score":"70","contentai_score":"","rich_snippet":""},"_links":{"self":[{"href":"https:\/\/dailynewshungary.com\/de\/wp-json\/wp\/v2\/posts\/744237","targetHints":{"allow":["GET"]}}],"collection":[{"href":"https:\/\/dailynewshungary.com\/de\/wp-json\/wp\/v2\/posts"}],"about":[{"href":"https:\/\/dailynewshungary.com\/de\/wp-json\/wp\/v2\/types\/post"}],"author":[{"embeddable":true,"href":"https:\/\/dailynewshungary.com\/de\/wp-json\/wp\/v2\/users\/2"}],"replies":[{"embeddable":true,"href":"https:\/\/dailynewshungary.com\/de\/wp-json\/wp\/v2\/comments?post=744237"}],"version-history":[{"count":0,"href":"https:\/\/dailynewshungary.com\/de\/wp-json\/wp\/v2\/posts\/744237\/revisions"}],"wp:featuredmedia":[{"embeddable":true,"href":"https:\/\/dailynewshungary.com\/de\/wp-json\/wp\/v2\/media\/744238"}],"wp:attachment":[{"href":"https:\/\/dailynewshungary.com\/de\/wp-json\/wp\/v2\/media?parent=744237"}],"wp:term":[{"taxonomy":"category","embeddable":true,"href":"https:\/\/dailynewshungary.com\/de\/wp-json\/wp\/v2\/categories?post=744237"},{"taxonomy":"post_tag","embeddable":true,"href":"https:\/\/dailynewshungary.com\/de\/wp-json\/wp\/v2\/tags?post=744237"}],"curies":[{"name":"wp","href":"https:\/\/api.w.org\/{rel}","templated":true}]}}