{"id":744351,"date":"2017-10-19T14:00:44","date_gmt":"2017-10-19T12:00:44","guid":{"rendered":"https:\/\/dailynewshungary.com\/de\/bericht-des-europarats-ungarische-masnahmen-geben-anlass-zu-ernster-besorgnis\/"},"modified":"2017-10-19T14:00:44","modified_gmt":"2017-10-19T12:00:44","slug":"bericht-des-europarats-ungarische-masnahmen-geben-anlass-zu-ernster-besorgnis","status":"publish","type":"post","link":"https:\/\/dailynewshungary.com\/de\/bericht-des-europarats-ungarische-masnahmen-geben-anlass-zu-ernster-besorgnis\/","title":{"rendered":"Bericht des Europarats: Ungarische Ma\u00dfnahmen geben Anlass zu ernster Besorgnis"},"content":{"rendered":"<p><strong>Ungarn stand danach vor enormen Herausforderungen <a href=\"https:\/\/dailynewshungary.com\/de\/der-grose-britische-zuguberfall-wie-eine-15-kopfige-bande-1963-26-millionen-pfund-stahl\/\" target=\"_blank\" rel=\"noopener noreferrer\">Die massiven Ank\u00fcnfte von Migranten und Fl\u00fcchtlingen<\/a> In den Jahren 2015 und 2016 geben jedoch mehrere Ma\u00dfnahmen, die als Reaktion auf die Situation ergriffen wurden, Anlass zu ernsthaften Bedenken hinsichtlich des Schutzes der Menschenrechte und Grundfreiheiten von Migranten und Fl\u00fcchtlingen, hei\u00dft es in einem Bericht des <a href=\"https:\/\/dailynewshungary.com\/de\/der-grose-britische-zuguberfall-wie-eine-15-kopfige-bande-1963-26-millionen-pfund-stahl\/\" target=\"_blank\" rel=\"noopener noreferrer\">Europarat (CoE)<\/a> Der am Donnerstag ver\u00f6ffentlichte Sonderbeauftragte des Generalsekret\u00e4rs f\u00fcr Migration und Fl\u00fcchtlinge, Tomas Bocek, sagte.<\/strong><\/p>\n<p>Bocek bewertete die Situation von Asylsuchenden in Serbien und Ungarn in dem fast 40-seitigen Bericht, der auf einem Informationsbesuch basiert, den er im Juni dieses Jahres in den beiden L\u00e4ndern abstattete. Er besuchte mehrere Aufnahmezentren in Serbien und Migrantentransitzonen in R\u00f6szke und Tompa in S\u00fcdungarn und traf sich auch mit Vertretern lokaler Beh\u00f6rden und ziviler Organisationen.<\/p>\n<blockquote>\n<p><span style=\"color: #0000ff;\">\u201cDie Unterbringung von Asylsuchenden in den Transitzonen R\u00f6szke und Tompa wirft Fragen zum faktischen Freiheitsentzug auf\u201d,<\/span><\/p>\n<\/blockquote>\n<p>Bocek sagte in dem BerichtEr identifizierte die Unterbringung von Kindern in diesen Transitzonen, darunter unbegleitete Kinder im Alter zwischen 14 und 18 Jahren, als eine Angelegenheit, die dringend ergriffen werden mussDer Bericht fordert die Einrichtung eines Vormundschaftssystems f\u00fcr Kinder im Alter zwischen 14 und 18 Jahren.<\/p>\n<p>\u201cDie prim\u00e4re \u00dcberlegung sollte das Wohl des Kindes sein. Es sollten alle Anstrengungen unternommen werden, um zu vermeiden, dass Migranten &#8211; und Fl\u00fcchtlingskinder allein aufgrund ihres Migrationsstatus auf den Freiheitsentzug zur\u00fcckgreifen,\u201d, sagte er in dem Bericht.<\/p>\n<blockquote>\n<p><span style=\"color: #0000ff;\">\u201cEs ist von wesentlicher Bedeutung, dass das Recht auf Asyl, einschlie\u00dflich eines wirksamen Zugangs zu Asylverfahren und wirksamen Rechtsbehelfsmechanismen, jedem Migranten und Fl\u00fcchtling garantiert wird\u201d, f\u00fcgte er hinzu.<\/span><\/p>\n<\/blockquote>\n<p>Bocek sagte, der Zustand der Sauberkeit und die hygienischen Bedingungen in den Transitzonen seien gut, aber \u201ezum Zeitpunkt unseres Besuchs gab es mehrere Beschwerden von Asylsuchenden \u00fcber unertr\u00e4gliche Hitze in den Containern.\u201c\u201d<\/p>\n<p>\u201cEinige unbegleitete Kinder, mit denen wir uns trafen, beklagten, dass das Essen, das sie erhielten, nicht ausreichte\u201d, f\u00fcgte er hinzu.<\/p>\n<p><em>Foto: Bal\u00e1zs B\u00e9li<\/em><\/p>\n","protected":false},"excerpt":{"rendered":"<p>Ungarn stand danach vor enormen Herausforderungen Die massiven Ank\u00fcnfte von Migranten und Fl\u00fcchtlingen In den Jahren 2015 und 2016 geben jedoch mehrere Ma\u00dfnahmen, die als Reaktion auf die Situation ergriffen wurden, Anlass zu ernsthaften Bedenken hinsichtlich des Schutzes der Menschenrechte und Grundfreiheiten von Migranten und Fl\u00fcchtlingen, hei\u00dft es in einem Bericht des Europarat (CoE) Der [&hellip;]<\/p>\n","protected":false},"author":2,"featured_media":744352,"comment_status":"open","ping_status":"open","sticky":false,"template":"","format":"standard","meta":{"_acf_changed":false,"_display_image":"","footnotes":""},"categories":[1081],"tags":[2248,1502,1445,1267],"class_list":["post-744351","post","type-post","status-publish","format-standard","has-post-thumbnail","hentry","category-politik","tag-europarat","tag-kinder","tag-migration","tag-rechte"],"blocksy_meta":[],"acf":[],"author_username":"alk","telegram_post":"","public_post_metadata":{"breaking_news":"","important":"","csempe":"","center_tile":"","disable_thumbnail":"","target_lang":"","_featured_image_style":"","telegram_post":"","_xlat_group_id":""},"public_rank_math_data":{"title":"%title% %sep% %sitename%","description":"Ungarn mehrere Ma\u00dfnahmen, die ergriffen wurden, um auf die Situation zu reagieren, geben Anlass zu ernsthaften Bedenken hinsichtlich des Schutzes der Menschenrechte von Migranten - Europarat","focus_keyword":"Europarat","canonical_url":"","robots":"","primary_category":"1081","breadcrumb_title":"","facebook_title":"","facebook_description":"","facebook_image":"","facebook_image_id":"","twitter_title":"","twitter_description":"","twitter_image":"","twitter_image_id":"","twitter_card_type":"","twitter_use_facebook":"","advanced_robots":"","pillar_content":"","seo_score":"51","contentai_score":"","rich_snippet":""},"_links":{"self":[{"href":"https:\/\/dailynewshungary.com\/de\/wp-json\/wp\/v2\/posts\/744351","targetHints":{"allow":["GET"]}}],"collection":[{"href":"https:\/\/dailynewshungary.com\/de\/wp-json\/wp\/v2\/posts"}],"about":[{"href":"https:\/\/dailynewshungary.com\/de\/wp-json\/wp\/v2\/types\/post"}],"author":[{"embeddable":true,"href":"https:\/\/dailynewshungary.com\/de\/wp-json\/wp\/v2\/users\/2"}],"replies":[{"embeddable":true,"href":"https:\/\/dailynewshungary.com\/de\/wp-json\/wp\/v2\/comments?post=744351"}],"version-history":[{"count":0,"href":"https:\/\/dailynewshungary.com\/de\/wp-json\/wp\/v2\/posts\/744351\/revisions"}],"wp:featuredmedia":[{"embeddable":true,"href":"https:\/\/dailynewshungary.com\/de\/wp-json\/wp\/v2\/media\/744352"}],"wp:attachment":[{"href":"https:\/\/dailynewshungary.com\/de\/wp-json\/wp\/v2\/media?parent=744351"}],"wp:term":[{"taxonomy":"category","embeddable":true,"href":"https:\/\/dailynewshungary.com\/de\/wp-json\/wp\/v2\/categories?post=744351"},{"taxonomy":"post_tag","embeddable":true,"href":"https:\/\/dailynewshungary.com\/de\/wp-json\/wp\/v2\/tags?post=744351"}],"curies":[{"name":"wp","href":"https:\/\/api.w.org\/{rel}","templated":true}]}}