{"id":744378,"date":"2017-10-18T15:26:24","date_gmt":"2017-10-18T13:26:24","guid":{"rendered":"https:\/\/dailynewshungary.com\/de\/baden-wurttemberg-ungarn-minister-fuhren-gesprache-uber-die-zwischenstaatliche-zusammenarbeit\/"},"modified":"2017-10-18T15:26:24","modified_gmt":"2017-10-18T13:26:24","slug":"baden-wurttemberg-ungarn-minister-fuhren-gesprache-uber-die-zwischenstaatliche-zusammenarbeit","status":"publish","type":"post","link":"https:\/\/dailynewshungary.com\/de\/baden-wurttemberg-ungarn-minister-fuhren-gesprache-uber-die-zwischenstaatliche-zusammenarbeit\/","title":{"rendered":"Baden-W\u00fcrttemberg, Ungarn Minister f\u00fchren Gespr\u00e4che \u00fcber die zwischenstaatliche Zusammenarbeit"},"content":{"rendered":"<p><strong>Der Justiz &#8211; und Europa-Minister von Baden-W\u00fcrttemberg hat am Mittwoch zugesagt, die <a href=\"https:\/\/dailynewshungary.com\/de\/der-grose-britische-zuguberfall-wie-eine-15-kopfige-bande-1963-26-millionen-pfund-stahl\/\" target=\"_blank\" rel=\"noopener\">Deutsch<\/a> Die j\u00e4hrliche Spende des Staates in H\u00f6he von 500.000 Euro an die in Budapest ans\u00e4ssige Andr\u00e1ssy-Universit\u00e4t auf absehbare Zeit, und er lud Zoltan Balog, den Personalminister, zu einem offiziellen Besuch ein.<\/strong><\/p>\n<p>Die bilateralen Beziehungen standen im Vordergrund, aber die Gespr\u00e4che ber\u00fchrten auch Themen, zu denen Ungarn und Baden-W\u00fcrttemberg unterschiedliche Meinungen haben, wie die Migrationskrise und die ungarisch-slowakische Klage gegen das europ\u00e4ische Umsiedlungssystem, sagte Guido Wolf auf einer gemeinsamen Pressekonferenz mit Zolt\u00e1n Balog.<\/p>\n<p>Baden-W\u00fcrttemberg wolle enge Beziehungen zu Ungarn aufrechterhalten, sagte Wolf und f\u00fcgte hinzu<\/p>\n<blockquote>\n<p><span style=\"color: #0000ff;\">Sein Staat sieht Europa als Rechtsgemeinschaft, in der alle Mitgliedstaaten den Rechtsstaat achten sollten.<\/span><\/p>\n<\/blockquote>\n<p>Der ungarische Personalminister sagte der Presse, Ungarn sei zwar entschieden gegen illegale Migration, die Regierung sei aber bereit, auf alle Fragen zu diesem Thema zu antwortenDie Minister k\u00f6nnten \u201cernsthaft und ehrlich\u201d \u00fcber umstrittene Themen sprechen, und Ungarn sei offen f\u00fcr Zusammenarbeit, sagte Balog.<\/p>\n<p>Zur von Baden-W\u00fcrttemberg, Bayern und \u00d6sterreich mitbegr\u00fcndeten Andr\u00e1ssy-Universit\u00e4t sagte Guido Wolf, dass<\/p>\n<blockquote>\n<p><span style=\"color: #0000ff;\">Baden-W\u00fcrttemberg verpflichtete sich, seinen Anteil an der F\u00f6rderung der Einrichtung beizubehalten.<\/span><\/p>\n<\/blockquote>\n<p>Die Minister pr\u00fcften M\u00f6glichkeiten, die Qualit\u00e4t der Bildung an der Universit\u00e4t durch eine St\u00e4rkung ihrer Bindung an die deutsche Industrie zu steigern.<\/p>\n<p>Balog sagte, die Universit\u00e4t als Forschungs- und Bildungszentrum k\u00f6nne die wirtschaftlichen und diplomatischen Beziehungen zwischen der Europ\u00e4ischen Union und S\u00fcdosteuropa f\u00f6rdern.<\/p>\n<p>Der Bildungsdienst \u201cStudy In Hungary\u201d hat ein Interview mit Peter Sch\u00fctzhold, Leiter Marketing und Kommunikation der Andr\u00e1ssy-Universit\u00e4t Budapest (AUB), gef\u00fchrt <a href=\"https:\/\/dailynewshungary.com\/de\/interview-mit-peter-schutzhold-leiter-marketing-und-kommunikation-der-andrassy-universitat-budapest-aub\/\" target=\"_blank\" rel=\"noopener\">Hier k\u00f6nnt ihr es nachlesen<\/a>.<\/p>\n","protected":false},"excerpt":{"rendered":"<p>Der Justiz &#8211; und Europa-Minister von Baden-W\u00fcrttemberg hat am Mittwoch zugesagt, die Deutsch Die j\u00e4hrliche Spende des Staates in H\u00f6he von 500.000 Euro an die in Budapest ans\u00e4ssige Andr\u00e1ssy-Universit\u00e4t auf absehbare Zeit, und er lud Zoltan Balog, den Personalminister, zu einem offiziellen Besuch ein. Die bilateralen Beziehungen standen im Vordergrund, aber die Gespr\u00e4che ber\u00fchrten auch [&hellip;]<\/p>\n","protected":false},"author":2,"featured_media":744379,"comment_status":"open","ping_status":"open","sticky":false,"template":"","format":"standard","meta":{"_acf_changed":false,"_display_image":"","footnotes":""},"categories":[1081],"tags":[1438,1177],"class_list":["post-744378","post","type-post","status-publish","format-standard","has-post-thumbnail","hentry","category-politik","tag-bildung","tag-deutschland"],"blocksy_meta":[],"acf":[],"author_username":"alk","telegram_post":"","public_post_metadata":{"breaking_news":"","important":"","csempe":"","center_tile":"","disable_thumbnail":"","target_lang":"","_featured_image_style":"","telegram_post":"","_xlat_group_id":""},"public_rank_math_data":{"title":"%title% %sep% %sitename%","description":"Der Justiz - und Europaminister von Baden-W\u00fcttemberg sagte zu, die j\u00e4hrliche 500.000-Euro-Spende des deutschen Staates an die Andr\u00e1ssy-Universit\u00e4t beizubehalten.","focus_keyword":"Baden-W\u00fcttemberg","canonical_url":"","robots":"","primary_category":"1081","breadcrumb_title":"","facebook_title":"","facebook_description":"","facebook_image":"","facebook_image_id":"","twitter_title":"","twitter_description":"","twitter_image":"","twitter_image_id":"","twitter_card_type":"","twitter_use_facebook":"","advanced_robots":"","pillar_content":"","seo_score":"10","contentai_score":"","rich_snippet":""},"_links":{"self":[{"href":"https:\/\/dailynewshungary.com\/de\/wp-json\/wp\/v2\/posts\/744378","targetHints":{"allow":["GET"]}}],"collection":[{"href":"https:\/\/dailynewshungary.com\/de\/wp-json\/wp\/v2\/posts"}],"about":[{"href":"https:\/\/dailynewshungary.com\/de\/wp-json\/wp\/v2\/types\/post"}],"author":[{"embeddable":true,"href":"https:\/\/dailynewshungary.com\/de\/wp-json\/wp\/v2\/users\/2"}],"replies":[{"embeddable":true,"href":"https:\/\/dailynewshungary.com\/de\/wp-json\/wp\/v2\/comments?post=744378"}],"version-history":[{"count":0,"href":"https:\/\/dailynewshungary.com\/de\/wp-json\/wp\/v2\/posts\/744378\/revisions"}],"wp:featuredmedia":[{"embeddable":true,"href":"https:\/\/dailynewshungary.com\/de\/wp-json\/wp\/v2\/media\/744379"}],"wp:attachment":[{"href":"https:\/\/dailynewshungary.com\/de\/wp-json\/wp\/v2\/media?parent=744378"}],"wp:term":[{"taxonomy":"category","embeddable":true,"href":"https:\/\/dailynewshungary.com\/de\/wp-json\/wp\/v2\/categories?post=744378"},{"taxonomy":"post_tag","embeddable":true,"href":"https:\/\/dailynewshungary.com\/de\/wp-json\/wp\/v2\/tags?post=744378"}],"curies":[{"name":"wp","href":"https:\/\/api.w.org\/{rel}","templated":true}]}}