{"id":744470,"date":"2017-10-14T21:00:14","date_gmt":"2017-10-14T19:00:14","guid":{"rendered":"https:\/\/dailynewshungary.com\/de\/die-eu-will-die-gesprache-uber-freihandelsabkommen-zentralisieren\/"},"modified":"2017-10-14T21:00:14","modified_gmt":"2017-10-14T19:00:14","slug":"die-eu-will-die-gesprache-uber-freihandelsabkommen-zentralisieren","status":"publish","type":"post","link":"https:\/\/dailynewshungary.com\/de\/die-eu-will-die-gesprache-uber-freihandelsabkommen-zentralisieren\/","title":{"rendered":"Die EU will die Gespr\u00e4che \u00fcber Freihandelsabkommen zentralisieren"},"content":{"rendered":"<p><strong>Die Mitgliedstaaten der Europ\u00e4ischen Union k\u00f6nnen w\u00e4hrend der restlichen Gespr\u00e4che \u00fcber Freihandelsabkommen mit intensiven Debatten rechnen, da die Union beabsichtigt, die Verhandlungen \u00fcber und die Ratifizierung der Abkommen zu zentralisieren, sagte ein Regierungsbeamter nach einem informellen Treffen von EU-Handelspolitikbeamten am Freitag in Br\u00fcssel.<\/strong><\/p>\n<p>Ungarn widerspricht dem Bestreben der EU, einen st\u00e4rker zentralisierten Bundesblock zu schaffen, da es glaubt, dass es die vielf\u00e4ltigen Kulturen und historischen Erbe der Mitgliedstaaten sind, die die EU gro\u00df machen k\u00f6nnen, sagte Staatssekret\u00e4r Istv\u00e1n Mikola gegen\u00fcber \u00f6ffentlichen Medien.<\/p>\n<blockquote>\n<p><span style=\"color: #3366ff;\">Den Mitgliedstaaten m\u00fcsse die M\u00f6glichkeit gegeben werden, ihre Identit\u00e4t und Kultur zu f\u00f6rdern und zu versuchen, konsensbasierte Entscheidungen zu Themen wie Handel, Freihandel und anderen multilateralen Beziehungen zu treffen, sagte er.<\/span><\/p>\n<\/blockquote>\n<p>Gleichzeitig, so sagte er, stimme Ungarn dem Ziel der EU zu, den Aufbau von Freihandelsbeziehungen zu beschleunigen, umso mehr, als Europa ein Interesse daran habe, im globalen Handelswettbewerb nicht ins Hintertreffen zu geraten.<\/p>\n","protected":false},"excerpt":{"rendered":"<p>Die Mitgliedstaaten der Europ\u00e4ischen Union k\u00f6nnen w\u00e4hrend der restlichen Gespr\u00e4che \u00fcber Freihandelsabkommen mit intensiven Debatten rechnen, da die Union beabsichtigt, die Verhandlungen \u00fcber und die Ratifizierung der Abkommen zu zentralisieren, sagte ein Regierungsbeamter nach einem informellen Treffen von EU-Handelspolitikbeamten am Freitag in Br\u00fcssel. Ungarn widerspricht dem Bestreben der EU, einen st\u00e4rker zentralisierten Bundesblock zu schaffen, [&hellip;]<\/p>\n","protected":false},"author":13,"featured_media":744471,"comment_status":"open","ping_status":"open","sticky":false,"template":"","format":"standard","meta":{"_acf_changed":false,"_display_image":"","footnotes":""},"categories":[1281],"tags":[1082,1104],"class_list":["post-744470","post","type-post","status-publish","format-standard","has-post-thumbnail","hentry","category-geschaft","tag-europaische-union","tag-wirtschaft"],"blocksy_meta":[],"acf":[],"author_username":"kovacszsoka","telegram_post":"","public_post_metadata":{"breaking_news":"","important":"","csempe":"","center_tile":"","disable_thumbnail":"","target_lang":"","_featured_image_style":"","telegram_post":"","_xlat_group_id":""},"public_rank_math_data":{"title":"%title% %sep% %sitename%","description":"Ungarn stimmt dem Ziel der EU zu, den Aufbau freier Handelsbeziehungen zu beschleunigen, da Europa im globalen Handelswettbewerb nicht zur\u00fcckfallen sollte","focus_keyword":"Freihandelsabkommen","canonical_url":"","robots":"","primary_category":"1281","breadcrumb_title":"","facebook_title":"","facebook_description":"","facebook_image":"","facebook_image_id":"","twitter_title":"","twitter_description":"","twitter_image":"","twitter_image_id":"","twitter_card_type":"","twitter_use_facebook":"","advanced_robots":"","pillar_content":"","seo_score":"51","contentai_score":"","rich_snippet":""},"_links":{"self":[{"href":"https:\/\/dailynewshungary.com\/de\/wp-json\/wp\/v2\/posts\/744470","targetHints":{"allow":["GET"]}}],"collection":[{"href":"https:\/\/dailynewshungary.com\/de\/wp-json\/wp\/v2\/posts"}],"about":[{"href":"https:\/\/dailynewshungary.com\/de\/wp-json\/wp\/v2\/types\/post"}],"author":[{"embeddable":true,"href":"https:\/\/dailynewshungary.com\/de\/wp-json\/wp\/v2\/users\/13"}],"replies":[{"embeddable":true,"href":"https:\/\/dailynewshungary.com\/de\/wp-json\/wp\/v2\/comments?post=744470"}],"version-history":[{"count":0,"href":"https:\/\/dailynewshungary.com\/de\/wp-json\/wp\/v2\/posts\/744470\/revisions"}],"wp:featuredmedia":[{"embeddable":true,"href":"https:\/\/dailynewshungary.com\/de\/wp-json\/wp\/v2\/media\/744471"}],"wp:attachment":[{"href":"https:\/\/dailynewshungary.com\/de\/wp-json\/wp\/v2\/media?parent=744470"}],"wp:term":[{"taxonomy":"category","embeddable":true,"href":"https:\/\/dailynewshungary.com\/de\/wp-json\/wp\/v2\/categories?post=744470"},{"taxonomy":"post_tag","embeddable":true,"href":"https:\/\/dailynewshungary.com\/de\/wp-json\/wp\/v2\/tags?post=744470"}],"curies":[{"name":"wp","href":"https:\/\/api.w.org\/{rel}","templated":true}]}}