{"id":744582,"date":"2017-10-10T21:02:02","date_gmt":"2017-10-10T19:02:02","guid":{"rendered":"https:\/\/dailynewshungary.com\/de\/ehemaliger-vizeprasident-des-landesrechnungshofes-wir-mussen-weiterkampfen-dafur-sind-wir-da\/"},"modified":"2017-10-10T21:02:02","modified_gmt":"2017-10-10T19:02:02","slug":"ehemaliger-vizeprasident-des-landesrechnungshofes-wir-mussen-weiterkampfen-dafur-sind-wir-da","status":"publish","type":"post","link":"https:\/\/dailynewshungary.com\/de\/ehemaliger-vizeprasident-des-landesrechnungshofes-wir-mussen-weiterkampfen-dafur-sind-wir-da\/","title":{"rendered":"Ehemaliger Vizepr\u00e4sident des Landesrechnungshofes: Wir m\u00fcssen weiterk\u00e4mpfen, daf\u00fcr sind wir da"},"content":{"rendered":"<p><strong>Der ehemalige Vizepr\u00e4sident des Landesrechnungshofs und derzeitige Aufsichtsratsmitglied der Nationalbank L\u00e1szl\u00f3 Nyikos hat gerade seine Unterst\u00fctzungserkl\u00e4rung f\u00fcr die Europ\u00e4ische B\u00fcrgerinitiative f\u00fcr die Lohnunion unterzeichnet In seinem Interview f\u00fcr Alfah\u00edr.hu erkl\u00e4rte er, warum.<\/strong><\/p>\n<p>\u201cDas Konzept ist gut, obwohl es schwer zu verwirklichen sein wird, kein Zweifel In der deutsch-christlichen Welt ist Arbeit das entscheidende charakteristische Merkmal und Fundament eines MenschenSie m\u00fcssen arbeiten.<\/p>\n<blockquote>\n<p><span style=\"color: #0000ff;\">Wenn Sie arbeiten m\u00fcssen, warum sollten dann nicht alle ehrlichen Arbeiter den Lohn erhalten, den sie mit ihrer harten Arbeit verdient haben?<\/span><\/p>\n<\/blockquote>\n<p>Warum sollten sie also, wenn ihre Leistungen gleich sind, nicht gleich entlohnt werden?\u201d, antwortete Herr Nyikos auf unsere Frage. Er erkl\u00e4rte, dass die praktische Anwendung schwierig sein werde und offensichtlich viele Kompromisse erfordere, und behauptete, dass die Erreichung einer m\u00f6glichst breiten sozialen Unterst\u00fctzung unerl\u00e4sslich sei. Wenn es erhebliche \u00f6ffentliche Unterst\u00fctzung f\u00fcr das Projekt gibt, wird es an der Zeit sein, dass die entsprechenden Fachkr\u00e4fte ihren Teil dazu beitragen.<\/p>\n<p>\u201cDenken Sie nur an Gewerkschaftsbewegungen, vor allem weil das Konzept der Lohngewerkschaft ein wenig einer Gewerkschaftsagenda gleicht: Wie werden Tarifvertr\u00e4ge in Deutschland erreicht? die Vertreter von Arbeitgebern und Arbeitnehmern setzen sich an einen Tisch und werfen sich gegenseitig mit Argumenten an. Schlie\u00dflich machen sie einen Kompromiss\u201d, sagte er.<\/p>\n<blockquote>\n<p><span style=\"color: #0000ff;\">\u201cIch halte das Konzept f\u00fcr legitim und unterst\u00fctzenswertWir m\u00fcssen weiterk\u00e4mpfen, daf\u00fcr sind wir da Es ist nicht realistisch zu sagen, dass die Lohnunion \u00fcber Nacht verwirklicht wirdDie Verbreitung solcher Vorw\u00fcrfe ist nichts als die \u00fcbliche Demagogie\u201d Herr Nyikos reagierte auf unseren Hinweis auf die Kritik der Regierung, die Lohnunion sei nicht durchf\u00fchrbar, weil Jobbik sie sofort umsetzen wollte.<\/span><\/p>\n<\/blockquote>\n<h4>Das ist Politik<\/h4>\n<p>\u201cNichts wird so hei\u00df gegessen, wie es gekocht wird\u201d Herr Nyikos verwies auf die j\u00fcngsten Ereignisse, Wie berichtet wurde, erhob der Staatliche Rechnungshof (\u00c1SZ) bei der Staatsanwaltschaft Anklage gegen Jobbik mit der Begr\u00fcndung, die Partei sabotiere das von der \u00c1SZ durchgef\u00fchrte \u00dcberpr\u00fcfungsverfahren, die Partei wies die Behauptung zur\u00fcck und deutete an, dass dahinter ein politisches Motiv steckeDas Ministerium f\u00fcr Volkswirtschaft \u00e4nderte in der Zwischenzeit seinen Erlass \u00fcber die Verwaltung und Verwendung zentral zugewiesener Mittel wie folgt: \u201cWenn die Gesetzgebung oder der Regierungserlass die K\u00fcrzung zentral zugewiesener Mittel aufgrund eines Versto\u00dfes gegen gesetzliche Vorschriften vorsieht und gleichzeitig die Zahlung eines Betrags des ungarischen Staatsgesetzes vorsieht, wird der Betrag nicht eingezogen, um den Betrag zu erh\u00f6hen.<\/p>\n<p>Mit anderen Worten, die Regierung kann nun die Nationale Steuer &#8211; und Zollverwaltung (NTCA) auf Jobbik setzen \u201cDass Geld von der Partei nur dann eingezogen werden kann, wenn es ein endg\u00fcltiges Gerichtsurteil in der Sache gibt, und das ist noch weit entfernt, wovon dieser \u00c4nderungsantrag inspiriert wurde, daran habe ich keine Zweifel\u201d Herr Nyikos reagierte darauf, dass die \u00c1SZ noch nie zuvor einem solchen politischen Angriff ausgesetzt gewesen sei.<\/p>\n<p>\u201cDer Landesrechnungshof arbeitet seit 1990, also seit nunmehr 27 Jahren, aber das ist unerh\u00f6rt Der gespaltene Huf der Politik zeigt sich deutlichIch nehme nicht an, dass der Minister f\u00fcr Volkswirtschaft solche Absichten hatIch kenne ihn schon lange, es ist \u00fcberhaupt nicht in seinem Charakter Nat\u00fcrlich k\u00f6nnte man einen Zusammenhang zwischen diesen beiden Ereignissen vermuten, und die \u00c4nderung des Ministerialerlasses k\u00f6nnte damit zusammenh\u00e4ngen Das ist Politik, leider\u201d<\/p>\n<p><em>Foto: Bal\u00e1zs B\u00e9li\/Alfahir.hu<\/em><\/p>\n","protected":false},"excerpt":{"rendered":"<p>Der ehemalige Vizepr\u00e4sident des Landesrechnungshofs und derzeitige Aufsichtsratsmitglied der Nationalbank L\u00e1szl\u00f3 Nyikos hat gerade seine Unterst\u00fctzungserkl\u00e4rung f\u00fcr die Europ\u00e4ische B\u00fcrgerinitiative f\u00fcr die Lohnunion unterzeichnet In seinem Interview f\u00fcr Alfah\u00edr.hu erkl\u00e4rte er, warum. \u201cDas Konzept ist gut, obwohl es schwer zu verwirklichen sein wird, kein Zweifel In der deutsch-christlichen Welt ist Arbeit das entscheidende charakteristische Merkmal [&hellip;]<\/p>\n","protected":false},"author":2,"featured_media":744583,"comment_status":"open","ping_status":"open","sticky":false,"template":"","format":"standard","meta":{"_acf_changed":false,"_display_image":"","footnotes":""},"categories":[1281],"tags":[1082,1632,1104],"class_list":["post-744582","post","type-post","status-publish","format-standard","has-post-thumbnail","hentry","category-geschaft","tag-europaische-union","tag-jobbik","tag-wirtschaft"],"blocksy_meta":[],"acf":[],"author_username":"alk","telegram_post":"","public_post_metadata":{"breaking_news":"","important":"","csempe":"","center_tile":"","disable_thumbnail":"","target_lang":"","_featured_image_style":"","telegram_post":"","_xlat_group_id":""},"public_rank_math_data":{"title":"%title% %sep% %sitename%","description":"Der ehemalige Vizepr\u00e4sident des Staatsrechnungshofs und derzeitige Aufsichtsratsmitglied der Nationalbank L\u00e1szl\u00f3 Nyikos hat gerade die Lohnunion unterzeichnet","focus_keyword":"Landesrechnungshof","canonical_url":"","robots":"","primary_category":"1281","breadcrumb_title":"","facebook_title":"","facebook_description":"","facebook_image":"","facebook_image_id":"","twitter_title":"","twitter_description":"","twitter_image":"","twitter_image_id":"","twitter_card_type":"","twitter_use_facebook":"","advanced_robots":"","pillar_content":"","seo_score":"53","contentai_score":"","rich_snippet":""},"_links":{"self":[{"href":"https:\/\/dailynewshungary.com\/de\/wp-json\/wp\/v2\/posts\/744582","targetHints":{"allow":["GET"]}}],"collection":[{"href":"https:\/\/dailynewshungary.com\/de\/wp-json\/wp\/v2\/posts"}],"about":[{"href":"https:\/\/dailynewshungary.com\/de\/wp-json\/wp\/v2\/types\/post"}],"author":[{"embeddable":true,"href":"https:\/\/dailynewshungary.com\/de\/wp-json\/wp\/v2\/users\/2"}],"replies":[{"embeddable":true,"href":"https:\/\/dailynewshungary.com\/de\/wp-json\/wp\/v2\/comments?post=744582"}],"version-history":[{"count":0,"href":"https:\/\/dailynewshungary.com\/de\/wp-json\/wp\/v2\/posts\/744582\/revisions"}],"wp:featuredmedia":[{"embeddable":true,"href":"https:\/\/dailynewshungary.com\/de\/wp-json\/wp\/v2\/media\/744583"}],"wp:attachment":[{"href":"https:\/\/dailynewshungary.com\/de\/wp-json\/wp\/v2\/media?parent=744582"}],"wp:term":[{"taxonomy":"category","embeddable":true,"href":"https:\/\/dailynewshungary.com\/de\/wp-json\/wp\/v2\/categories?post=744582"},{"taxonomy":"post_tag","embeddable":true,"href":"https:\/\/dailynewshungary.com\/de\/wp-json\/wp\/v2\/tags?post=744582"}],"curies":[{"name":"wp","href":"https:\/\/api.w.org\/{rel}","templated":true}]}}