{"id":744985,"date":"2017-09-26T10:15:39","date_gmt":"2017-09-26T08:15:39","guid":{"rendered":"https:\/\/dailynewshungary.com\/de\/kroatien-startet-unterschriftensammlung-fur-die-lohnunion\/"},"modified":"2017-09-26T10:15:39","modified_gmt":"2017-09-26T08:15:39","slug":"kroatien-startet-unterschriftensammlung-fur-die-lohnunion","status":"publish","type":"post","link":"https:\/\/dailynewshungary.com\/de\/kroatien-startet-unterschriftensammlung-fur-die-lohnunion\/","title":{"rendered":"Kroatien startet Unterschriftensammlung f\u00fcr die Lohnunion"},"content":{"rendered":"<p><strong>Kroatien begann mit der Sammlung der Unterst\u00fctzungsbekundungen f\u00fcr die Verringerung des Lohngef\u00e4lles innerhalb der EU Der Kampagnenstart wurde von Frano co-c-u-c-i-ko, dem kroatischen Mitglied des Ausschusses f\u00fcr die Europ\u00e4ische B\u00fcrgerinitiative in seiner Pressekonferenz in Zagreb angek\u00fcndigt, auf dem Treffen sprach auch der Jobbik-Abgeordnete M\u00e1rton Gy\u00f6ngy\u00f6si, der Vertreter des B\u00fcrgerkomitees f\u00fcr eine Lohnunion.<\/strong><\/p>\n<p>Organisiert von GO! \u2013 die Generation der Erneuerung, Jobbiks kroatischer Partner, l\u00f6ste die Pressekonferenz ein unerwartet intensives Interesse der kroatischen Medien aus. Im Gespr\u00e4ch mit den Journalisten f\u00fchrender kroatischer Zeitungen sagte Frano carko, der Vorsitzende der im vergangenen Februar von jungen Intellektuellen gegr\u00fcndeten Partei, dass die Rechte von Einwanderern und anderen von bestimmten liberalen Politikern bevorzugten Gruppen zwar sehr stark Teil des politischen Diskurses der EU seien,<\/p>\n<blockquote>\n<p><span style=\"color: #0000ff;\">Die Verbesserung der Lebensbedingungen f\u00fcr die mitteleurop\u00e4ischen Menschen wurde kaum erw\u00e4hnt.<\/span><\/p>\n<\/blockquote>\n<p>Herr EU-Kommissar G\u00fcnther Oettinger erinnerte an die Worte, dass die f\u00fcr Mitteleuropa bereitgestellten EU-Mittel letztendlich die westlichen Gro\u00dfunternehmen bereichern w\u00fcrden, und schlug vor, dass die derzeitige Koh\u00e4sionspolitik nicht aufrechterhalten werden k\u00f6nne und dass die L\u00e4nder der Region ihre Kr\u00e4fte b\u00fcndeln m\u00fcssten, um f\u00fcr den Lebensstandard zu k\u00e4mpfen, den ihre B\u00fcrger verdienten.<\/p>\n<p>Als Vertreter des B\u00fcrgerkomitees f\u00fcr die Lohngewerkschaft nahm auch der Jobbik-Abgeordnete M\u00e1rton Gy\u00f6ngy\u00f6si an der Veranstaltung teil. Herr Gy\u00f6ngy\u00f6si informierte die kroatischen Medien \u00fcber den j\u00fcngsten Durchbruch in Polen, wo Tesco-Arbeiter und mehrere Gewerkschaften f\u00fcr das Lohngewerkschaftsprojekt unterschrieben hatten, und betonte, wie wichtig Gewerkschaften und NGOs f\u00fcr den Erfolg der Initiative seien. Der Abgeordnete erkl\u00e4rte, dass faire L\u00f6hne durch wichtige internationale Vertr\u00e4ge, einschlie\u00dflich der Charta der Grundrechte der Europ\u00e4ischen Union, garantiert w\u00fcrden. Er f\u00fcgte hinzu<\/p>\n<blockquote>\n<p><span style=\"color: #0000ff;\">Die Frage des Lebensstandards darf nicht das Schlachtfeld ideologischer Konflikte sein, daher erwarteten die Vertreter des Projekts, dass alle B\u00fcrger die Idee unterst\u00fctzen w\u00fcrden.<\/span><\/p>\n<\/blockquote>\n<p>&nbsp;<\/p>\n<blockquote>\n<p><a href=\"https:\/\/dailynewshungary.com\/de\/der-grose-britische-zuguberfall-wie-eine-15-kopfige-bande-1963-26-millionen-pfund-stahl\/\" target=\"_blank\" rel=\"noopener\">Kroatien<\/a> Auch die durch die niedrigen L\u00f6hne bedingte Abwanderung ist stark betroffen.<\/p>\n<\/blockquote>\n<p>Die weniger entwickelten \u00f6stlichen Regionen des Landes werden von Tag zu Tag leerer; die Bev\u00f6lkerung bestimmter St\u00e4dte hat sich seit dem EU-Beitritt Kroatiens fast halbiert Besonders d\u00fcster ist die Situation in Gebieten wie der S\u00fcdlichen Baranja und Ostslawonien, die beide ungarische Gemeinden haben. Um den kroatischen B\u00fcrgern zu helfen, mehr Informationen \u00fcber die Initiative der Lohnunion zu erhalten, GO! wird einen Roadtrip mit kroatischen Gro\u00dfst\u00e4dten durchf\u00fchren.<\/p>\n<p>Auf unsere Frage zur Zukunft und den Chancen seiner Partei antwortete Herr C\u00e9cirko, dass seine Organisation gro\u00dfen Wert auf patriotische und konservative Werte lege, sie aber alle B\u00fcrger erreichen wolle, die sich mit echten Problemen der Nation befassen m\u00f6chten, anstatt sich auf die zu konzentrieren Verletzungen, die im 20. Jahrhundert erlitten wurden. Zu diesen realen Problemen geh\u00f6ren nach Ansicht von Herrn C-C-u-c-u-c-u-r-n-h-ra-S-Drain und die bestehenden Lohnungleichheiten sowie die Herausforderungen des digitalen Zeitalters, denen Kroatien alle angemessen begegnen muss Es ist das Interesse aller kroatischen Menschen, schloss er.<\/p>\n<p style=\"text-align: center;\">[button link=\u201dhttps:\/\/www.wageunion.eu\/\u201d type=\u201dbig\u201d color=\u201d lila\u201d newwindow=\u201d yes\u201d] Um die Initiative zu unterschreiben, klicken Sie hier![\/button]<\/p>\n<p><em>Foto: Bal\u00e1zs B\u00e9li<\/em><\/p>\n","protected":false},"excerpt":{"rendered":"<p>Kroatien begann mit der Sammlung der Unterst\u00fctzungsbekundungen f\u00fcr die Verringerung des Lohngef\u00e4lles innerhalb der EU Der Kampagnenstart wurde von Frano co-c-u-c-i-ko, dem kroatischen Mitglied des Ausschusses f\u00fcr die Europ\u00e4ische B\u00fcrgerinitiative in seiner Pressekonferenz in Zagreb angek\u00fcndigt, auf dem Treffen sprach auch der Jobbik-Abgeordnete M\u00e1rton Gy\u00f6ngy\u00f6si, der Vertreter des B\u00fcrgerkomitees f\u00fcr eine Lohnunion. Organisiert von GO! [&hellip;]<\/p>\n","protected":false},"author":2,"featured_media":744986,"comment_status":"open","ping_status":"open","sticky":false,"template":"","format":"standard","meta":{"_acf_changed":false,"_display_image":"","footnotes":""},"categories":[1281],"tags":[1096,1082,1632,1199],"class_list":["post-744985","post","type-post","status-publish","format-standard","has-post-thumbnail","hentry","category-geschaft","tag-arbeitsmarkt","tag-europaische-union","tag-jobbik","tag-kroatien"],"blocksy_meta":[],"acf":[],"author_username":"alk","telegram_post":"","public_post_metadata":{"breaking_news":"","important":"","csempe":"","center_tile":"","disable_thumbnail":"","target_lang":"","_featured_image_style":"","telegram_post":"","_xlat_group_id":""},"public_rank_math_data":{"title":"%title% %sep% %sitename%","description":"Lohnunion: Kroatien hat angefangen, die Unterst\u00fctzungsbekundungen f\u00fcr die Verringerung des Lohngef\u00e4lles innerhalb der EU zu sammeln Der Kampagnenstart wurde von Frano 'Camirko angek\u00fcndigt.","focus_keyword":"Lohnunion","canonical_url":"","robots":"","primary_category":"1281","breadcrumb_title":"","facebook_title":"","facebook_description":"","facebook_image":"","facebook_image_id":"","twitter_title":"","twitter_description":"","twitter_image":"","twitter_image_id":"","twitter_card_type":"","twitter_use_facebook":"","advanced_robots":"","pillar_content":"","seo_score":"52","contentai_score":"","rich_snippet":""},"_links":{"self":[{"href":"https:\/\/dailynewshungary.com\/de\/wp-json\/wp\/v2\/posts\/744985","targetHints":{"allow":["GET"]}}],"collection":[{"href":"https:\/\/dailynewshungary.com\/de\/wp-json\/wp\/v2\/posts"}],"about":[{"href":"https:\/\/dailynewshungary.com\/de\/wp-json\/wp\/v2\/types\/post"}],"author":[{"embeddable":true,"href":"https:\/\/dailynewshungary.com\/de\/wp-json\/wp\/v2\/users\/2"}],"replies":[{"embeddable":true,"href":"https:\/\/dailynewshungary.com\/de\/wp-json\/wp\/v2\/comments?post=744985"}],"version-history":[{"count":0,"href":"https:\/\/dailynewshungary.com\/de\/wp-json\/wp\/v2\/posts\/744985\/revisions"}],"wp:featuredmedia":[{"embeddable":true,"href":"https:\/\/dailynewshungary.com\/de\/wp-json\/wp\/v2\/media\/744986"}],"wp:attachment":[{"href":"https:\/\/dailynewshungary.com\/de\/wp-json\/wp\/v2\/media?parent=744985"}],"wp:term":[{"taxonomy":"category","embeddable":true,"href":"https:\/\/dailynewshungary.com\/de\/wp-json\/wp\/v2\/categories?post=744985"},{"taxonomy":"post_tag","embeddable":true,"href":"https:\/\/dailynewshungary.com\/de\/wp-json\/wp\/v2\/tags?post=744985"}],"curies":[{"name":"wp","href":"https:\/\/api.w.org\/{rel}","templated":true}]}}