{"id":745060,"date":"2017-09-23T07:30:41","date_gmt":"2017-09-23T05:30:41","guid":{"rendered":"https:\/\/dailynewshungary.com\/de\/das-wachstum-der-einzelhandelsumsatze-in-ungarn-verlangsamt-sich-im-juli-auf-42-pc-yr-jahr\/"},"modified":"2017-09-23T07:30:41","modified_gmt":"2017-09-23T05:30:41","slug":"das-wachstum-der-einzelhandelsumsatze-in-ungarn-verlangsamt-sich-im-juli-auf-42-pc-yr-jahr","status":"publish","type":"post","link":"https:\/\/dailynewshungary.com\/de\/das-wachstum-der-einzelhandelsumsatze-in-ungarn-verlangsamt-sich-im-juli-auf-42-pc-yr-jahr\/","title":{"rendered":"Das Wachstum der Einzelhandelsums\u00e4tze in Ungarn verlangsamt sich im Juli auf 4,2 pc yr\/Jahr"},"content":{"rendered":"<p><strong>Der Einzelhandelsumsatz in Ungarn wuchs im Juli um j\u00e4hrlich 4,2 Prozent und verlangsamte sich damit von einem j\u00e4hrlichen Anstieg von 5,2 Prozent im Vormonat, teilte das Statistische Zentralamt (KSH) in einer zweiten Lesung der am Freitag ver\u00f6ffentlichten Daten mit.<\/strong><\/p>\n<p>Die kalenderbereinigte Zahl entsprach der nicht angepassten Zahl.<\/p>\n<p>Der bereinigte Lebensmittelabsatz stieg im Juli um 1,9 Prozent und der Non-Food-Umsatz kletterte um 7,5 Prozent, w\u00e4hrend der Kraftstoffabsatz um 3,4 Prozent stieg.<\/p>\n<p>In den ersten sieben Monaten des Jahres stiegen die Einzelhandelsums\u00e4tze bereinigten Daten zufolge j\u00e4hrlich um 3,9 Prozent.<\/p>\n<blockquote>\n<p><span style=\"color: #0000ff;\">Der bereinigte Lebensmittelabsatz stieg von Januar bis Juli j\u00e4hrlich um 2,2 Prozent<\/span><\/p>\n<\/blockquote>\n<p>und Non-Food-Umsatz um 6,6 Prozent geklettert, w\u00e4hrend der Kraftstoffumsatz um 3,4 Prozent gestiegen ist.<\/p>\n<p>Gyula Pom\u00e1zi, stellvertretender Staatssekret\u00e4r der <a href=\"https:\/\/dailynewshungary.com\/de\/der-grose-britische-zuguberfall-wie-eine-15-kopfige-bande-1963-26-millionen-pfund-stahl\/\" target=\"_blank\" rel=\"noopener\">Wirtschaftsministerium<\/a>, teilte dem \u00f6ffentlich-rechtlichen Fernsehen nach der Datenver\u00f6ffentlichung mit, dass ein h\u00f6herer Einzelhandelsumsatz mit steigenden L\u00f6hnen in Verbindung mit h\u00f6heren Ersparnissen der privaten Haushalte verbunden sei.<\/p>\n<blockquote>\n<p><span style=\"color: #0000ff;\"> Nach einer Zeit des Geldverschenkens k\u00f6nnen sich Haushalte gro\u00dfe Ticketartikel und Verbesserungen an ihrem Zuhause leisten, f\u00fcgte er hinzu.<\/span><\/p>\n<\/blockquote>\n<p>Das Wirtschaftsministerium sagte in einer Stellungnahme, dass die Expansion im Einzelhandel im Juli erneut die des <a href=\"https:\/\/dailynewshungary.com\/de\/der-grose-britische-zuguberfall-wie-eine-15-kopfige-bande-1963-26-millionen-pfund-stahl\/\" target=\"_blank\" rel=\"noopener\">Europ\u00e4ische Union<\/a> Durchschnitt.<\/p>\n<p>Der Anstieg der Non-Food-Verk\u00e4ufe um 7,5 Prozent zeigte, dass die Haushalte nach einer Phase der G\u00fcrtestraffung w\u00e4hrend der Wirtschaftskrise nun bereit sind, mehr f\u00fcr nachhaltige Konsumg\u00fcter auszugebenDaueres Wachstum und eine starke Erholung der Kreditvergabe tragen auch zum Wachstum des Haushaltskonsums bei, und Regierungsma\u00dfnahmen unterst\u00fctzen diese Entwicklung, hei\u00dft es in der Erkl\u00e4rung.<\/p>\n","protected":false},"excerpt":{"rendered":"<p>Der Einzelhandelsumsatz in Ungarn wuchs im Juli um j\u00e4hrlich 4,2 Prozent und verlangsamte sich damit von einem j\u00e4hrlichen Anstieg von 5,2 Prozent im Vormonat, teilte das Statistische Zentralamt (KSH) in einer zweiten Lesung der am Freitag ver\u00f6ffentlichten Daten mit. Die kalenderbereinigte Zahl entsprach der nicht angepassten Zahl. Der bereinigte Lebensmittelabsatz stieg im Juli um 1,9 [&hellip;]<\/p>\n","protected":false},"author":2,"featured_media":745061,"comment_status":"open","ping_status":"open","sticky":false,"template":"","format":"standard","meta":{"_acf_changed":false,"_display_image":"","footnotes":""},"categories":[1281],"tags":[1514,1082,1104],"class_list":["post-745060","post","type-post","status-publish","format-standard","has-post-thumbnail","hentry","category-geschaft","tag-einzelhandelsumsatze","tag-europaische-union","tag-wirtschaft"],"blocksy_meta":[],"acf":[],"author_username":"alk","telegram_post":"","public_post_metadata":{"breaking_news":"","important":"","csempe":"","center_tile":"","disable_thumbnail":"","target_lang":"","_featured_image_style":"","telegram_post":"","_xlat_group_id":""},"public_rank_math_data":{"title":"%title% %sep% %sitename%","description":"Der Einzelhandelsumsatz in Ungarn wuchs im Juli um j\u00e4hrlich 4,2 Prozent und verlangsamte sich damit von einem j\u00e4hrlichen Anstieg von 5,2 Prozent im Vormonat.","focus_keyword":"Einzelhandelsums\u00e4tze","canonical_url":"","robots":"","primary_category":"1281","breadcrumb_title":"","facebook_title":"","facebook_description":"","facebook_image":"","facebook_image_id":"","twitter_title":"","twitter_description":"","twitter_image":"","twitter_image_id":"","twitter_card_type":"","twitter_use_facebook":"","advanced_robots":"","pillar_content":"","seo_score":"64","contentai_score":"","rich_snippet":""},"_links":{"self":[{"href":"https:\/\/dailynewshungary.com\/de\/wp-json\/wp\/v2\/posts\/745060","targetHints":{"allow":["GET"]}}],"collection":[{"href":"https:\/\/dailynewshungary.com\/de\/wp-json\/wp\/v2\/posts"}],"about":[{"href":"https:\/\/dailynewshungary.com\/de\/wp-json\/wp\/v2\/types\/post"}],"author":[{"embeddable":true,"href":"https:\/\/dailynewshungary.com\/de\/wp-json\/wp\/v2\/users\/2"}],"replies":[{"embeddable":true,"href":"https:\/\/dailynewshungary.com\/de\/wp-json\/wp\/v2\/comments?post=745060"}],"version-history":[{"count":0,"href":"https:\/\/dailynewshungary.com\/de\/wp-json\/wp\/v2\/posts\/745060\/revisions"}],"wp:featuredmedia":[{"embeddable":true,"href":"https:\/\/dailynewshungary.com\/de\/wp-json\/wp\/v2\/media\/745061"}],"wp:attachment":[{"href":"https:\/\/dailynewshungary.com\/de\/wp-json\/wp\/v2\/media?parent=745060"}],"wp:term":[{"taxonomy":"category","embeddable":true,"href":"https:\/\/dailynewshungary.com\/de\/wp-json\/wp\/v2\/categories?post=745060"},{"taxonomy":"post_tag","embeddable":true,"href":"https:\/\/dailynewshungary.com\/de\/wp-json\/wp\/v2\/tags?post=745060"}],"curies":[{"name":"wp","href":"https:\/\/api.w.org\/{rel}","templated":true}]}}