{"id":745131,"date":"2017-09-20T20:00:23","date_gmt":"2017-09-20T18:00:23","guid":{"rendered":"https:\/\/dailynewshungary.com\/de\/rechnungsprufungsamt-ungarn-nutzt-eu-mittel-regelmasiger-und-effizienter\/"},"modified":"2017-09-20T20:00:23","modified_gmt":"2017-09-20T18:00:23","slug":"rechnungsprufungsamt-ungarn-nutzt-eu-mittel-regelmasiger-und-effizienter","status":"publish","type":"post","link":"https:\/\/dailynewshungary.com\/de\/rechnungsprufungsamt-ungarn-nutzt-eu-mittel-regelmasiger-und-effizienter\/","title":{"rendered":"Rechnungspr\u00fcfungsamt: Ungarn nutzt EU-Mittel \u201eregelm\u00e4\u00dfiger und effizienter\u2019"},"content":{"rendered":"<p><strong>Ungarn beachtet die Regeln genauer und ist bei der Anwendung effizienter geworden <a href=\"https:\/\/dailynewshungary.com\/de\/der-grose-britische-zuguberfall-wie-eine-15-kopfige-bande-1963-26-millionen-pfund-stahl\/\" target=\"_blank\" rel=\"noopener\">Europ\u00e4ische Union<\/a> Finanzierung als im vorherigen Haushaltszyklus zwischen 2007-2013, sagten Vertreter des Staatsrechnungshofs (\u00c1SZ) am Mittwoch vor einer Delegation des Europ\u00e4ischen Parlaments, die Ungarn besuchte.<\/strong><\/p>\n<p>Einer \u00c1SZ-Erkl\u00e4rung zufolge wurden der Delegation detaillierte Informationen dar\u00fcber zur Verf\u00fcgung gestellt, wie Ungarn Gemeinschaftsmittel verwendet hat, sowie \u00fcber die Pr\u00fcfungen der Agenturen, die diese Mittel verteilen, durch \u00c1SZ.<\/p>\n<p>Bei einem Treffen mit der Delegation sagte \u00c1SZ-Chef L\u00e1szl\u00f3 Domokos das<\/p>\n<blockquote>\n<p><span style=\"color: #0000ff;\">\u201cdie Effizienz der Bindung von EU-Mitteln [an Projekte] verbessert sich allm\u00e4hlich\u201d und f\u00fcgte hinzu, dass vor 2013 \u201cder Prozess durch einen Mangel an fokussierter strategischer Planung und Verz\u00f6gerungen bei den Auszahlungen gebremst wurde\u201d.<\/span><\/p>\n<\/blockquote>\n<p>Er bestand darauf, dass sich die Bieter im vorangegangenen Zyklus lediglich auf den Erhalt von Zusch\u00fcssen konzentriert h\u00e4tten, anstatt sich auf die Schaffung von Arbeitspl\u00e4tzen oder die F\u00f6rderung der Volkswirtschaft zu konzentrieren.<\/p>\n<p>Die Delegation des Haushaltskontrollausschusses (CONT) des Europ\u00e4ischen Parlaments traf am Montag in Ungarn ein, um konkrete EU-finanzierte Projekte im Land zu pr\u00fcfen.<\/p>\n","protected":false},"excerpt":{"rendered":"<p>Ungarn beachtet die Regeln genauer und ist bei der Anwendung effizienter geworden Europ\u00e4ische Union Finanzierung als im vorherigen Haushaltszyklus zwischen 2007-2013, sagten Vertreter des Staatsrechnungshofs (\u00c1SZ) am Mittwoch vor einer Delegation des Europ\u00e4ischen Parlaments, die Ungarn besuchte. Einer \u00c1SZ-Erkl\u00e4rung zufolge wurden der Delegation detaillierte Informationen dar\u00fcber zur Verf\u00fcgung gestellt, wie Ungarn Gemeinschaftsmittel verwendet hat, sowie [&hellip;]<\/p>\n","protected":false},"author":2,"featured_media":745132,"comment_status":"open","ping_status":"open","sticky":false,"template":"","format":"standard","meta":{"_acf_changed":false,"_display_image":"","footnotes":""},"categories":[1281],"tags":[1082,2366,1138,1104],"class_list":["post-745131","post","type-post","status-publish","format-standard","has-post-thumbnail","hentry","category-geschaft","tag-europaische-union","tag-landesrechnungshof","tag-statistik","tag-wirtschaft"],"blocksy_meta":[],"acf":[],"author_username":"alk","telegram_post":"","public_post_metadata":{"breaking_news":"","important":"","csempe":"","center_tile":"","disable_thumbnail":"","target_lang":"","_featured_image_style":"","telegram_post":"","_xlat_group_id":""},"public_rank_math_data":{"title":"%title% %sep% %sitename%","description":"Ungarn beachtet die Regeln genauer und ist bei der Verwendung der EU-Mittel effizienter geworden als im vorherigen Haushaltszyklus zwischen 2007-2013","focus_keyword":"Eu-fonds","canonical_url":"","robots":"","primary_category":"1281","breadcrumb_title":"","facebook_title":"","facebook_description":"","facebook_image":"","facebook_image_id":"","twitter_title":"","twitter_description":"","twitter_image":"","twitter_image_id":"","twitter_card_type":"","twitter_use_facebook":"","advanced_robots":"","pillar_content":"","seo_score":"60","contentai_score":"","rich_snippet":""},"_links":{"self":[{"href":"https:\/\/dailynewshungary.com\/de\/wp-json\/wp\/v2\/posts\/745131","targetHints":{"allow":["GET"]}}],"collection":[{"href":"https:\/\/dailynewshungary.com\/de\/wp-json\/wp\/v2\/posts"}],"about":[{"href":"https:\/\/dailynewshungary.com\/de\/wp-json\/wp\/v2\/types\/post"}],"author":[{"embeddable":true,"href":"https:\/\/dailynewshungary.com\/de\/wp-json\/wp\/v2\/users\/2"}],"replies":[{"embeddable":true,"href":"https:\/\/dailynewshungary.com\/de\/wp-json\/wp\/v2\/comments?post=745131"}],"version-history":[{"count":0,"href":"https:\/\/dailynewshungary.com\/de\/wp-json\/wp\/v2\/posts\/745131\/revisions"}],"wp:featuredmedia":[{"embeddable":true,"href":"https:\/\/dailynewshungary.com\/de\/wp-json\/wp\/v2\/media\/745132"}],"wp:attachment":[{"href":"https:\/\/dailynewshungary.com\/de\/wp-json\/wp\/v2\/media?parent=745131"}],"wp:term":[{"taxonomy":"category","embeddable":true,"href":"https:\/\/dailynewshungary.com\/de\/wp-json\/wp\/v2\/categories?post=745131"},{"taxonomy":"post_tag","embeddable":true,"href":"https:\/\/dailynewshungary.com\/de\/wp-json\/wp\/v2\/tags?post=745131"}],"curies":[{"name":"wp","href":"https:\/\/api.w.org\/{rel}","templated":true}]}}