{"id":745396,"date":"2017-09-11T21:00:35","date_gmt":"2017-09-11T19:00:35","guid":{"rendered":"https:\/\/dailynewshungary.com\/de\/jobbik-ubergibt-die-initiative-der-gewerkschaften-an-die-gewerkschaften\/"},"modified":"2017-09-11T21:00:35","modified_gmt":"2017-09-11T19:00:35","slug":"jobbik-ubergibt-die-initiative-der-gewerkschaften-an-die-gewerkschaften","status":"publish","type":"post","link":"https:\/\/dailynewshungary.com\/de\/jobbik-ubergibt-die-initiative-der-gewerkschaften-an-die-gewerkschaften\/","title":{"rendered":"Jobbik \u00fcbergibt die Initiative der Gewerkschaften an die Gewerkschaften"},"content":{"rendered":"<p><strong>Im ungarischen Parlamentsgeb\u00e4ude fand am Freitag eine dreist\u00fcndige Gewerkschaftskonferenz statt: Fast f\u00fcnfzig Mitglieder von dreiundzwanzig Gewerkschaften folgten Jobbiks Einladung zu einem Treffen zur Er\u00f6rterung der Europ\u00e4ischen B\u00fcrgerinitiative f\u00fcr eine Lohnunion An der Veranstaltung nahmen auch die polnischen und bulgarischen Vertreter des Lohngewerkschaftsprojekts teil.<\/strong><\/p>\n<p>In seiner vor dem Parlament abgehaltenen Pressekonferenz sagte der Jobbik-Abgeordnete M\u00e1rton Gy\u00f6ngy\u00f6si, der Vertreter des B\u00fcrgerausschusses, der die Initiative ins Leben rief, ihr Ziel sei es immer gewesen, den zivilen Aspekt der Sache der Lohngewerkschaft zu f\u00f6rdern und sich an NGOs, Gewerkschaften und Verb\u00e4nde sowie die Vertreter verschiedener Industriezweige zu wenden, wie er es ausdr\u00fcckte, wollten sie das Projekt aus dem Gef\u00e4ngnis der Politik befreien und an Gewerkschaften \u00fcbergeben. <a href=\"https:\/\/dailynewshungary.com\/de\/der-grose-britische-zuguberfall-wie-eine-15-kopfige-bande-1963-26-millionen-pfund-stahl\/\" target=\"_blank\" rel=\"noopener\">Jobbik<\/a> Konferenz organisiert hatte, um die Einzelheiten einer solchen \u00dcbergabe zu er\u00f6rtern Herr Gy\u00f6ngy\u00f6si kam zu dem Schluss, dass die Sitzung erfolgreich war.<\/p>\n<p>An die Teilnehmer der Konferenz wandte sich Csaba V\u00e1mos, der Vorsitzende der Nationalen Gewerkschaft der Schornsteinfeger, und behauptete, dass das Konzept des \u201cgleichen Lohns f\u00fcr gleiche Arbeit\u201d mit Solidarit\u00e4t identisch sei. Allerdings sei dieser Gedanke im Laufe der Jahre unter den ungarischen Arbeitnehmern sehr verblasst. Er bezeichnete das Lohngewerkschaftsprojekt als eine edle Initiative und f\u00fcgte hinzu, dass die Gewerkschaften es unbedingt unterst\u00fctzen und sich mit ihm solidarisieren m\u00fcssten. Andererseits sagte er, es sei bedauerlich, dass bestimmte Gewerkschaften die Initiative nicht unterst\u00fctzen wollten oder konnten noch nicht, was \u201ceinige politische Compliance\u201d einr\u00e4umte.<\/p>\n<p>\u201cIch glaube, dass jede Gewerkschaft, die das Ziel der Erh\u00f6hung der L\u00f6hne ihrer Mitglieder nicht unterst\u00fctzt, dem Verrat an der Sache ihrer Arbeitnehmer ebenso gleichkommt wie an der ungarischen Gewerkschaftsbewegung\u201d, erkl\u00e4rte erHerr V\u00e1mos wies auch darauf hin, dass die Vertreter der Gewerkschaften den Vorschlag Jobbiks begr\u00fc\u00dften, dass die Partei die Initiative an ihre Organisationen \u00fcbergeben werdeEr f\u00fcgte hinzu, dass die Gewerkschaften die Lohngewerkschaftsinitiative selbst h\u00e4tten starten sollen Als Reaktion auf die b\u00f6swilligen Angriffe sagte Herr V\u00e1mos: \u201cMeine Botschaft an alle politischen Parteien lautet: Lassen Sie die Lohngewerkschaftsinitiative in Ruhe! degradieren Sie sie nicht zu einem politischen Thema. Es gibt keine rechts- oder linksfreundlichen Arbeitnehmer, es gibt nur zufriedene oder unzufriedene Arbeitnehmer\u201d.<\/p>\n<p>Marek Mnich, der Pr\u00e4sident von Polens Solidarnosc 80, sagte, die Konferenz habe dazu beigetragen, alle Bedenken auszur\u00e4umen, dass ungarische Gewerkschaften sich weigerten, die Lohngewerkschaftsinitiative zu unterst\u00fctzen. Im Gegenteil, sie erkl\u00e4rten ihre volle Unterst\u00fctzung f\u00fcr die Sache. Herr Mnich f\u00fcgte hinzu, dass G\u00e1bor Vona und M\u00e1rton Gy\u00f6ngy\u00f6si die Initiative an die Gewerkschaften \u00fcbergeben h\u00e4tten: Sie w\u00fcrden sich daraus zur\u00fcckziehen und den Prozess aus dem Hintergrund unterst\u00fctzen. Er k\u00fcndigte an, dass Polen bereits damit begonnen habe, Unterst\u00fctzungsbekundungen zu sammeln, ihre mediengest\u00fctzte offizielle Kampagne jedoch am 19-20-21 beginnen werde.<\/p>\n","protected":false},"excerpt":{"rendered":"<p>Im ungarischen Parlamentsgeb\u00e4ude fand am Freitag eine dreist\u00fcndige Gewerkschaftskonferenz statt: Fast f\u00fcnfzig Mitglieder von dreiundzwanzig Gewerkschaften folgten Jobbiks Einladung zu einem Treffen zur Er\u00f6rterung der Europ\u00e4ischen B\u00fcrgerinitiative f\u00fcr eine Lohnunion An der Veranstaltung nahmen auch die polnischen und bulgarischen Vertreter des Lohngewerkschaftsprojekts teil. In seiner vor dem Parlament abgehaltenen Pressekonferenz sagte der Jobbik-Abgeordnete M\u00e1rton Gy\u00f6ngy\u00f6si, [&hellip;]<\/p>\n","protected":false},"author":2,"featured_media":745397,"comment_status":"open","ping_status":"open","sticky":false,"template":"","format":"standard","meta":{"_acf_changed":false,"_display_image":"","footnotes":""},"categories":[1281],"tags":[1096,1082,1632],"class_list":["post-745396","post","type-post","status-publish","format-standard","has-post-thumbnail","hentry","category-geschaft","tag-arbeitsmarkt","tag-europaische-union","tag-jobbik"],"blocksy_meta":[],"acf":[],"author_username":"alk","telegram_post":"","public_post_metadata":{"breaking_news":"","important":"","csempe":"","center_tile":"","disable_thumbnail":"","target_lang":"","_featured_image_style":"","telegram_post":"","_xlat_group_id":""},"public_rank_math_data":{"title":"%title% %sep% %sitename%","description":"Dreiundzwanzig Gewerkschaften folgten der Einladung Jobbiks zu einem Treffen zur Diskussion der Europ\u00e4ischen B\u00fcrgerinitiative f\u00fcr eine Lohnunion.","focus_keyword":"Lohnunion","canonical_url":"","robots":"","primary_category":"1281","breadcrumb_title":"","facebook_title":"","facebook_description":"","facebook_image":"","facebook_image_id":"","twitter_title":"","twitter_description":"","twitter_image":"","twitter_image_id":"","twitter_card_type":"","twitter_use_facebook":"","advanced_robots":"","pillar_content":"","seo_score":"61","contentai_score":"","rich_snippet":""},"_links":{"self":[{"href":"https:\/\/dailynewshungary.com\/de\/wp-json\/wp\/v2\/posts\/745396","targetHints":{"allow":["GET"]}}],"collection":[{"href":"https:\/\/dailynewshungary.com\/de\/wp-json\/wp\/v2\/posts"}],"about":[{"href":"https:\/\/dailynewshungary.com\/de\/wp-json\/wp\/v2\/types\/post"}],"author":[{"embeddable":true,"href":"https:\/\/dailynewshungary.com\/de\/wp-json\/wp\/v2\/users\/2"}],"replies":[{"embeddable":true,"href":"https:\/\/dailynewshungary.com\/de\/wp-json\/wp\/v2\/comments?post=745396"}],"version-history":[{"count":0,"href":"https:\/\/dailynewshungary.com\/de\/wp-json\/wp\/v2\/posts\/745396\/revisions"}],"wp:featuredmedia":[{"embeddable":true,"href":"https:\/\/dailynewshungary.com\/de\/wp-json\/wp\/v2\/media\/745397"}],"wp:attachment":[{"href":"https:\/\/dailynewshungary.com\/de\/wp-json\/wp\/v2\/media?parent=745396"}],"wp:term":[{"taxonomy":"category","embeddable":true,"href":"https:\/\/dailynewshungary.com\/de\/wp-json\/wp\/v2\/categories?post=745396"},{"taxonomy":"post_tag","embeddable":true,"href":"https:\/\/dailynewshungary.com\/de\/wp-json\/wp\/v2\/tags?post=745396"}],"curies":[{"name":"wp","href":"https:\/\/api.w.org\/{rel}","templated":true}]}}