{"id":745565,"date":"2017-09-05T15:15:58","date_gmt":"2017-09-05T13:15:58","guid":{"rendered":"https:\/\/dailynewshungary.com\/de\/bulgarien-beginnt-unterstutzungsbekundungen-fur-die-lohnunion-zu-sammeln\/"},"modified":"2017-09-05T15:15:58","modified_gmt":"2017-09-05T13:15:58","slug":"bulgarien-beginnt-unterstutzungsbekundungen-fur-die-lohnunion-zu-sammeln","status":"publish","type":"post","link":"https:\/\/dailynewshungary.com\/de\/bulgarien-beginnt-unterstutzungsbekundungen-fur-die-lohnunion-zu-sammeln\/","title":{"rendered":"Bulgarien beginnt, Unterst\u00fctzungsbekundungen f\u00fcr die Lohnunion zu sammeln"},"content":{"rendered":"<p><strong>In einer Rede im bulgarischen Parlament am Freitag, dem 1. September, gaben Herr M\u00e1rton Gy\u00f6ngy\u00f6si und Herr Mihail Petrov, das bulgarische Mitglied des B\u00fcrgerkomitees f\u00fcr die Initiative der Lohnunion, bekannt, dass die Unterschriftensammlung auch in Bulgarien begonnen habe. Eine weitere bulgarische Partei schloss sich der Veranstaltung an, \u00fcber die in den Medien ausf\u00fchrlich berichtet wurde, und beschloss ebenfalls, die Initiative zu unterst\u00fctzen.<\/strong><\/p>\n<p>Trotz des \u00e4u\u00dferst intensiven innenpolitischen Lebens Bulgariens Anfang September zeigten die Medien gro\u00dfes Interesse an der Pressekonferenz, bei der Herr M\u00e1rton Gy\u00f6ngy\u00f6si und Herr Mihail Petrov, das bulgarische Mitglied des B\u00fcrgerkomitees f\u00fcr die Lohnunion-Initiative, bekannt gaben, dass mit der Unterschriftensammlung begonnen wurde auch in Bulgarien.<\/p>\n<h4>Unerwartete Unterst\u00fctzung<\/h4>\n<p>Ohne seine Absichten im Voraus zu bekunden, begl\u00fcckw\u00fcnschte Herr Volen Siderov, der Pr\u00e4sident und Abgeordnete der ATAKA-Partei, Herrn Gy\u00f6ngy\u00f6si und Herrn Petrov zu der Initiative, und zwar vor laufenden Kameras, kurz vor Beginn der PressekonferenzEr k\u00fcndigte au\u00dferdem an, dass seine Partei ihr Bestes tun werde, um die Initiative zu unterst\u00fctzenDie \u00c4u\u00dferungen von Herrn Siderov sind besonders bedeutsam, da ATAKA den Wirtschaftsminister in die Koalitionsregierung delegiert hat.<\/p>\n<h4>Unterst\u00fctzungsbekundungen werden gesammelt<\/h4>\n<p>Bei der Pressekonferenz zur Einleitung der Unterschriftensammlung stellte Herr Gy\u00f6ngy\u00f6si den Medien die wichtigsten Ziele und aktuellen Errungenschaften in Bezug auf die Initiative vorDer Vertreter des B\u00fcrgerausschusses sagte, dass das Projekt eine \u00fcberparteiliche Zusammenarbeit von politischen und nichtstaatlichen Organisationen erfordere, die sich ihren Bem\u00fchungen f\u00fcr die Zukunft Europas anschlie\u00dfenDie wirtschaftlichen Unterschiede, die die EU auseinanderrei\u00dfen, verursachen, wie er es ausdr\u00fcckte, ebenso Probleme im Westen wie im OstenDer Politiker erkl\u00e4rte, dass es der Grund sei, warum der franz\u00f6sische Pr\u00e4sident Emmanuel Macron mehrere mitteleurop\u00e4ische Staaten, darunter Bulgarien, besucht habe.<\/p>\n<p>Herr Petrow, das bulgarische Mitglied des B\u00fcrgerausschusses und der Pr\u00e4sident der Jugendplattform von VMRO sprachen \u00fcber die Herausforderungen, denen sich die jungen B\u00fcrger stellen mussten Er betonte, welche Verluste Bulgarien dadurch erlitten habe, dass ihre jungen Menschen aus ihrer Heimat auswandern, wo sie nicht \u00fcber die Runden kommen VMRO-Generalsekret\u00e4r Julian Angelov sagte, Bulgarien laufe auf eine demografische Katastrophe zu, w\u00e4hrend das Land die niedrigsten L\u00f6hne in der <a href=\"https:\/\/dailynewshungary.com\/de\/der-grose-britische-zuguberfall-wie-eine-15-kopfige-bande-1963-26-millionen-pfund-stahl\/\" target=\"_blank\" rel=\"noopener\">Europ\u00e4ische Union<\/a>, und das waren die Gr\u00fcnde, warum seine Partei beschloss, sich der Initiative der Lohnunion anzuschlie\u00dfen \u00dcber die Bedeutung der Beseitigung von Lohnungleichheiten zwischen M\u00e4nnern und Frauen betonte Frau Sultana Petrova, Pr\u00e4sidentin der Frauenplattform der VMRO, dass ihre Partei, ein Mitglied der Regierungskoalition, unerm\u00fcdlich f\u00fcr die Erh\u00f6hung der L\u00f6hne in Bulgarien arbeite.<\/p>\n<p>Nach der Pressekonferenz unterzeichneten die Politiker des VMRO erste Unterst\u00fctzungserkl\u00e4rungen und starteten damit die Lohngewerkschaftskampagne in Bulgarien.<\/p>\n","protected":false},"excerpt":{"rendered":"<p>In einer Rede im bulgarischen Parlament am Freitag, dem 1. September, gaben Herr M\u00e1rton Gy\u00f6ngy\u00f6si und Herr Mihail Petrov, das bulgarische Mitglied des B\u00fcrgerkomitees f\u00fcr die Initiative der Lohnunion, bekannt, dass die Unterschriftensammlung auch in Bulgarien begonnen habe. Eine weitere bulgarische Partei schloss sich der Veranstaltung an, \u00fcber die in den Medien ausf\u00fchrlich berichtet wurde, [&hellip;]<\/p>\n","protected":false},"author":2,"featured_media":745566,"comment_status":"open","ping_status":"open","sticky":false,"template":"","format":"standard","meta":{"_acf_changed":false,"_display_image":"","footnotes":""},"categories":[1081],"tags":[1096,1082,1632],"class_list":["post-745565","post","type-post","status-publish","format-standard","has-post-thumbnail","hentry","category-politik","tag-arbeitsmarkt","tag-europaische-union","tag-jobbik"],"blocksy_meta":[],"acf":[],"author_username":"alk","telegram_post":"","public_post_metadata":{"breaking_news":"","important":"","csempe":"","center_tile":"","disable_thumbnail":"","target_lang":"","_featured_image_style":"","telegram_post":"","_xlat_group_id":""},"public_rank_math_data":{"title":"%title% %sep% %sitename%","description":"Die Lohnunion-Initiative wurde angek\u00fcndigt und die Unterschriftensammlung begann auch in Bulgarien. Eine andere bulgarische Partei beschloss ebenfalls, die Initiative zu unterst\u00fctzen.","focus_keyword":"Lohnunion","canonical_url":"","robots":"","primary_category":"1081","breadcrumb_title":"","facebook_title":"","facebook_description":"","facebook_image":"","facebook_image_id":"","twitter_title":"","twitter_description":"","twitter_image":"","twitter_image_id":"","twitter_card_type":"","twitter_use_facebook":"","advanced_robots":"","pillar_content":"","seo_score":"56","contentai_score":"","rich_snippet":""},"_links":{"self":[{"href":"https:\/\/dailynewshungary.com\/de\/wp-json\/wp\/v2\/posts\/745565","targetHints":{"allow":["GET"]}}],"collection":[{"href":"https:\/\/dailynewshungary.com\/de\/wp-json\/wp\/v2\/posts"}],"about":[{"href":"https:\/\/dailynewshungary.com\/de\/wp-json\/wp\/v2\/types\/post"}],"author":[{"embeddable":true,"href":"https:\/\/dailynewshungary.com\/de\/wp-json\/wp\/v2\/users\/2"}],"replies":[{"embeddable":true,"href":"https:\/\/dailynewshungary.com\/de\/wp-json\/wp\/v2\/comments?post=745565"}],"version-history":[{"count":0,"href":"https:\/\/dailynewshungary.com\/de\/wp-json\/wp\/v2\/posts\/745565\/revisions"}],"wp:featuredmedia":[{"embeddable":true,"href":"https:\/\/dailynewshungary.com\/de\/wp-json\/wp\/v2\/media\/745566"}],"wp:attachment":[{"href":"https:\/\/dailynewshungary.com\/de\/wp-json\/wp\/v2\/media?parent=745565"}],"wp:term":[{"taxonomy":"category","embeddable":true,"href":"https:\/\/dailynewshungary.com\/de\/wp-json\/wp\/v2\/categories?post=745565"},{"taxonomy":"post_tag","embeddable":true,"href":"https:\/\/dailynewshungary.com\/de\/wp-json\/wp\/v2\/tags?post=745565"}],"curies":[{"name":"wp","href":"https:\/\/api.w.org\/{rel}","templated":true}]}}