{"id":745585,"date":"2017-09-04T20:00:33","date_gmt":"2017-09-04T18:00:33","guid":{"rendered":"https:\/\/dailynewshungary.com\/de\/die-obersten-gerichtsleiter-fuhren-gesprache-mit-dem-prasidenten-des-eugh\/"},"modified":"2017-09-04T20:00:33","modified_gmt":"2017-09-04T18:00:33","slug":"die-obersten-gerichtsleiter-fuhren-gesprache-mit-dem-prasidenten-des-eugh","status":"publish","type":"post","link":"https:\/\/dailynewshungary.com\/de\/die-obersten-gerichtsleiter-fuhren-gesprache-mit-dem-prasidenten-des-eugh\/","title":{"rendered":"Die obersten Gerichtsleiter f\u00fchren Gespr\u00e4che mit dem Pr\u00e4sidenten des EuGH"},"content":{"rendered":"<p><strong>Tam\u00e1s Sulyok, Leiter des Verfassungsgerichts, und P\u00e9ter Dar\u00e1k, Leiter des Obersten Gerichtshofs von K\u00faria, Ungarn, f\u00fchrten Gespr\u00e4che mit der Flagge der USA, teilten Kuria und das Verfassungsgericht am Montag in einer gemeinsamen Erkl\u00e4rung mit.&nbsp;<\/strong><\/p>\n<p>In einer Diskussionsrunde sagte Lenaerts, dass die Mitgliedstaaten der Europ\u00e4ischen Union EU-Recht nicht als ausl\u00e4ndisches Recht betrachten sollten, und argumentierte, dass es als Teil ihrer nationalen Rechtssysteme funktioniere.<\/p>\n<p>\u201eKoen Lenaerts ist der Ansicht, dass ein intensiver Dialog zwischen den nationalen Justizbeh\u00f6rden und den Justizinstitutionen der EU von entscheidender Bedeutung ist, damit wir einen gemeinsamen Weg gehen k\u00f6nnen.\u201cin der Erkl\u00e4rung sagte\u201d Der EJC-Pr\u00e4sident sprach auch \u00fcber die Notwendigkeit, ein Gleichgewicht zwischen freiem Wettbewerb und Verbraucherrechten herzustellen. \u201eRechte.<\/p>\n","protected":false},"excerpt":{"rendered":"<p>Tam\u00e1s Sulyok, Leiter des Verfassungsgerichts, und P\u00e9ter Dar\u00e1k, Leiter des Obersten Gerichtshofs von K\u00faria, Ungarn, f\u00fchrten Gespr\u00e4che mit der Flagge der USA, teilten Kuria und das Verfassungsgericht am Montag in einer gemeinsamen Erkl\u00e4rung mit.&nbsp; In einer Diskussionsrunde sagte Lenaerts, dass die Mitgliedstaaten der Europ\u00e4ischen Union EU-Recht nicht als ausl\u00e4ndisches Recht betrachten sollten, und argumentierte, dass [&hellip;]<\/p>\n","protected":false},"author":2,"featured_media":745586,"comment_status":"open","ping_status":"open","sticky":false,"template":"","format":"standard","meta":{"_acf_changed":false,"_display_image":"","footnotes":""},"categories":[1081],"tags":[1082,1326],"class_list":["post-745585","post","type-post","status-publish","format-standard","has-post-thumbnail","hentry","category-politik","tag-europaische-union","tag-gericht"],"blocksy_meta":[],"acf":[],"author_username":"alk","telegram_post":"","public_post_metadata":{"breaking_news":"","important":"","csempe":"","center_tile":"","disable_thumbnail":"","target_lang":"","_featured_image_style":"","telegram_post":"","_xlat_group_id":""},"public_rank_math_data":{"title":"%title% %sep% %sitename%","description":"","focus_keyword":"EuGH-pr\u00e4sident","canonical_url":"","robots":"","primary_category":"1081","breadcrumb_title":"","facebook_title":"","facebook_description":"","facebook_image":"","facebook_image_id":"","twitter_title":"","twitter_description":"","twitter_image":"","twitter_image_id":"","twitter_card_type":"","twitter_use_facebook":"","advanced_robots":"","pillar_content":"","seo_score":"44","contentai_score":"","rich_snippet":""},"_links":{"self":[{"href":"https:\/\/dailynewshungary.com\/de\/wp-json\/wp\/v2\/posts\/745585","targetHints":{"allow":["GET"]}}],"collection":[{"href":"https:\/\/dailynewshungary.com\/de\/wp-json\/wp\/v2\/posts"}],"about":[{"href":"https:\/\/dailynewshungary.com\/de\/wp-json\/wp\/v2\/types\/post"}],"author":[{"embeddable":true,"href":"https:\/\/dailynewshungary.com\/de\/wp-json\/wp\/v2\/users\/2"}],"replies":[{"embeddable":true,"href":"https:\/\/dailynewshungary.com\/de\/wp-json\/wp\/v2\/comments?post=745585"}],"version-history":[{"count":0,"href":"https:\/\/dailynewshungary.com\/de\/wp-json\/wp\/v2\/posts\/745585\/revisions"}],"wp:featuredmedia":[{"embeddable":true,"href":"https:\/\/dailynewshungary.com\/de\/wp-json\/wp\/v2\/media\/745586"}],"wp:attachment":[{"href":"https:\/\/dailynewshungary.com\/de\/wp-json\/wp\/v2\/media?parent=745585"}],"wp:term":[{"taxonomy":"category","embeddable":true,"href":"https:\/\/dailynewshungary.com\/de\/wp-json\/wp\/v2\/categories?post=745585"},{"taxonomy":"post_tag","embeddable":true,"href":"https:\/\/dailynewshungary.com\/de\/wp-json\/wp\/v2\/tags?post=745585"}],"curies":[{"name":"wp","href":"https:\/\/api.w.org\/{rel}","templated":true}]}}