{"id":745817,"date":"2017-08-27T20:30:51","date_gmt":"2017-08-27T18:30:51","guid":{"rendered":"https:\/\/dailynewshungary.com\/de\/europaisches-gericht-gibt-am-6-september-sein-urteil-im-fall-der-migrantenquote-bekannt\/"},"modified":"2017-08-27T20:30:51","modified_gmt":"2017-08-27T18:30:51","slug":"europaisches-gericht-gibt-am-6-september-sein-urteil-im-fall-der-migrantenquote-bekannt","status":"publish","type":"post","link":"https:\/\/dailynewshungary.com\/de\/europaisches-gericht-gibt-am-6-september-sein-urteil-im-fall-der-migrantenquote-bekannt\/","title":{"rendered":"Europ\u00e4isches Gericht gibt am 6. September sein Urteil im Fall der Migrantenquote bekannt"},"content":{"rendered":"<p><strong>Der Gerichtshof der Europ\u00e4ischen Union teilte MTI mit, dass er am 6. September sein Urteil zu dem von Ungarn und der Slowakei eingeleiteten Fall bekannt geben werde, in dem die Rechtm\u00e4\u00dfigkeit des EU-Neuansiedlungsprogramms f\u00fcr Migranten angefochten werde.<\/strong><\/p>\n<p>Die ungarische Regierung wandte sich im Dezember 2015 wegen der Quotenregelung an das in Luxemburg ans\u00e4ssige Gericht und forderte den EuGH auf, die Resolution des Europ\u00e4ischen Rates \u00fcber die obligatorische Umsiedlung von 120.000 Asylsuchenden in Mitgliedstaaten als rechtswidrig aufzuheben.<\/p>\n<p>Die Regelung wurde einige Monate zuvor trotz des Einspruchs Ungarns von den EU-Innenministern in einer Mehrheitsabstimmung angenommen. Anschlie\u00dfend brachte Ungarn zehn inhaltliche und verfahrenstechnische Argumente f\u00fcr die Abschaffung des Quotensystems vor. Es argumentierte, dass zumindest der Teil, der das Land zur Aufnahme von 1.294 Asylbewerbern aus Italien und Griechenland verpflichtet, annulliert werden sollte.<\/p>\n<p>Im Juli schlug der zust\u00e4ndige Generalanwalt des Gerichts vor, den Fall abzuweisen, mit der Begr\u00fcndung, dass die rechtlichen Argumente der beiden L\u00e4nder unbegr\u00fcndet seien.<\/p>\n<p>Eine Entscheidung trifft die 15-k\u00f6pfige Gro\u00dfe Kammer des Gerichts mit einfacher Stimmenmehrheit.<\/p>\n","protected":false},"excerpt":{"rendered":"<p>Der Gerichtshof der Europ\u00e4ischen Union teilte MTI mit, dass er am 6. September sein Urteil zu dem von Ungarn und der Slowakei eingeleiteten Fall bekannt geben werde, in dem die Rechtm\u00e4\u00dfigkeit des EU-Neuansiedlungsprogramms f\u00fcr Migranten angefochten werde. Die ungarische Regierung wandte sich im Dezember 2015 wegen der Quotenregelung an das in Luxemburg ans\u00e4ssige Gericht und [&hellip;]<\/p>\n","protected":false},"author":2,"featured_media":745818,"comment_status":"open","ping_status":"open","sticky":false,"template":"","format":"standard","meta":{"_acf_changed":false,"_display_image":"","footnotes":""},"categories":[1081],"tags":[1082,2248,1326,1871,1445,1173],"class_list":["post-745817","post","type-post","status-publish","format-standard","has-post-thumbnail","hentry","category-politik","tag-europaische-union","tag-europarat","tag-gericht","tag-migrantenquoten","tag-migration","tag-slowakei"],"blocksy_meta":[],"acf":[],"author_username":"alk","telegram_post":"","public_post_metadata":{"breaking_news":"","important":"","csempe":"","center_tile":"","disable_thumbnail":"","target_lang":"","_featured_image_style":"","telegram_post":"","_xlat_group_id":""},"public_rank_math_data":{"title":"%title% %sep% %sitename%","description":"Der Gerichtshof der Europ\u00e4ischen Union teilte MTI mit, dass er am 6. September sein Urteil zu dem von Ungarn und der Slowakei eingeleiteten Fall bekannt geben werde.","focus_keyword":"Migrantenquote","canonical_url":"","robots":"","primary_category":"1081","breadcrumb_title":"","facebook_title":"","facebook_description":"","facebook_image":"","facebook_image_id":"","twitter_title":"","twitter_description":"","twitter_image":"","twitter_image_id":"","twitter_card_type":"","twitter_use_facebook":"","advanced_robots":"","pillar_content":"","seo_score":"44","contentai_score":"","rich_snippet":""},"_links":{"self":[{"href":"https:\/\/dailynewshungary.com\/de\/wp-json\/wp\/v2\/posts\/745817","targetHints":{"allow":["GET"]}}],"collection":[{"href":"https:\/\/dailynewshungary.com\/de\/wp-json\/wp\/v2\/posts"}],"about":[{"href":"https:\/\/dailynewshungary.com\/de\/wp-json\/wp\/v2\/types\/post"}],"author":[{"embeddable":true,"href":"https:\/\/dailynewshungary.com\/de\/wp-json\/wp\/v2\/users\/2"}],"replies":[{"embeddable":true,"href":"https:\/\/dailynewshungary.com\/de\/wp-json\/wp\/v2\/comments?post=745817"}],"version-history":[{"count":0,"href":"https:\/\/dailynewshungary.com\/de\/wp-json\/wp\/v2\/posts\/745817\/revisions"}],"wp:featuredmedia":[{"embeddable":true,"href":"https:\/\/dailynewshungary.com\/de\/wp-json\/wp\/v2\/media\/745818"}],"wp:attachment":[{"href":"https:\/\/dailynewshungary.com\/de\/wp-json\/wp\/v2\/media?parent=745817"}],"wp:term":[{"taxonomy":"category","embeddable":true,"href":"https:\/\/dailynewshungary.com\/de\/wp-json\/wp\/v2\/categories?post=745817"},{"taxonomy":"post_tag","embeddable":true,"href":"https:\/\/dailynewshungary.com\/de\/wp-json\/wp\/v2\/tags?post=745817"}],"curies":[{"name":"wp","href":"https:\/\/api.w.org\/{rel}","templated":true}]}}