{"id":745910,"date":"2017-08-24T10:30:11","date_gmt":"2017-08-24T08:30:11","guid":{"rendered":"https:\/\/dailynewshungary.com\/de\/minister-skizziert-weitere-erweiterung-der-designerdrogen-blacklist-in-ungarn\/"},"modified":"2017-08-24T10:30:11","modified_gmt":"2017-08-24T08:30:11","slug":"minister-skizziert-weitere-erweiterung-der-designerdrogen-blacklist-in-ungarn","status":"publish","type":"post","link":"https:\/\/dailynewshungary.com\/de\/minister-skizziert-weitere-erweiterung-der-designerdrogen-blacklist-in-ungarn\/","title":{"rendered":"Minister skizziert weitere Erweiterung der Designerdrogen-Blacklist in Ungarn"},"content":{"rendered":"<p><strong>Die schwarze Liste der Designerdrogen werde in den kommenden Monaten m\u00f6glicherweise weiter verl\u00e4ngert, um sich an die Ver\u00e4nderungen auf dem \u201cDrogenmarkt\u201d anzupassen, sagte der Staatssekret\u00e4r des Personalministeriums am Donnerstag der Presse.<\/strong><\/p>\n<p>Ungarn habe 2013 das strengste und am schnellsten reagierende Drogenregulierungssystem in Europa eingef\u00fchrt, das sich eng an die Ver\u00e4nderungen des \u201cDrogenmarktes\u201d anlehne, sagte Bence R\u00e9tv\u00e1riIn den letzten Jahren seien allein 73 neue Substanzen auf die schwarze Liste der Designerdrogen gesetzt worden, sagte erDie Regierung stelle au\u00dferdem 6 Milliarden Forint (19,8 Mio. EUR) f\u00fcr die Infrastrukturentwicklung von Zentren f\u00fcr psychische Gesundheit und Suchtbehandlung sowie 3 Milliarden f\u00fcr Pr\u00e4vention und 2 Milliarden f\u00fcr Schulsozialdienste bereit, sagte er.<\/p>\n<p>Die Aussage erfolgte, nachdem die Polizei am Sonntag angek\u00fcndigt hatte, eine Untersuchung zum m\u00f6glichen Auftreten einer neuen Substanz in Budapest einzuleiten, nachdem mehrere Menschen mit verwirrtem Verhalten ins Krankenhaus gebracht worden waren.<\/p>\n<p>Wie wir schon einmal geschrieben haben<a href=\"https:\/\/dailynewshungary.com\/de\/substanzkonsum-unter-ungarischen-studenten-uber-dem-europaischen-durchschnitt\/\" target=\"_blank\" rel=\"noopener\">&nbsp;Eine Umfrage \u00fcber die Alkohol &#8211; und Drogenkonsumgewohnheiten der 15-16-J\u00e4hrigen<\/a>&nbsp;Unter Beteiligung von 96 Tausend Jugendlichen aus 35 europ\u00e4ischen L\u00e4ndern durchgef\u00fchrt wurde, zeigen die Ergebnisse Ungarns \u00fcber den durchschnittlichen Tendenzen, was legale Psychopharmaka betrifft; Rauchen und Trinken unter Studenten scheint in Ungarn h\u00f6her zu sein als in anderen Teilen Europas.<\/p>\n","protected":false},"excerpt":{"rendered":"<p>Die schwarze Liste der Designerdrogen werde in den kommenden Monaten m\u00f6glicherweise weiter verl\u00e4ngert, um sich an die Ver\u00e4nderungen auf dem \u201cDrogenmarkt\u201d anzupassen, sagte der Staatssekret\u00e4r des Personalministeriums am Donnerstag der Presse. Ungarn habe 2013 das strengste und am schnellsten reagierende Drogenregulierungssystem in Europa eingef\u00fchrt, das sich eng an die Ver\u00e4nderungen des \u201cDrogenmarktes\u201d anlehne, sagte Bence [&hellip;]<\/p>\n","protected":false},"author":2,"featured_media":0,"comment_status":"open","ping_status":"open","sticky":false,"template":"","format":"standard","meta":{"_acf_changed":false,"_display_image":"","footnotes":""},"categories":[1081],"tags":[1346,1107,1344],"class_list":["post-745910","post","type-post","status-publish","format-standard","hentry","category-politik","tag-drogen","tag-gesundheit","tag-liste"],"blocksy_meta":[],"acf":[],"author_username":"alk","telegram_post":"","public_post_metadata":{"breaking_news":"","important":"","csempe":"","center_tile":"","disable_thumbnail":"","target_lang":"","_featured_image_style":"","telegram_post":"","_xlat_group_id":""},"public_rank_math_data":{"title":"%title% %sep% %sitename%","description":"Die schwarze Liste der Designerdrogen k\u00f6nnte in den kommenden Monaten weiter verl\u00e4ngert werden, um sich an die Ver\u00e4nderungen auf dem \"Drogenmarkt\" anzupassen.","focus_keyword":"Droge","canonical_url":"","robots":"","primary_category":"1081","breadcrumb_title":"","facebook_title":"","facebook_description":"","facebook_image":"","facebook_image_id":"","twitter_title":"","twitter_description":"","twitter_image":"","twitter_image_id":"","twitter_card_type":"","twitter_use_facebook":"","advanced_robots":"","pillar_content":"","seo_score":"52","contentai_score":"","rich_snippet":""},"_links":{"self":[{"href":"https:\/\/dailynewshungary.com\/de\/wp-json\/wp\/v2\/posts\/745910","targetHints":{"allow":["GET"]}}],"collection":[{"href":"https:\/\/dailynewshungary.com\/de\/wp-json\/wp\/v2\/posts"}],"about":[{"href":"https:\/\/dailynewshungary.com\/de\/wp-json\/wp\/v2\/types\/post"}],"author":[{"embeddable":true,"href":"https:\/\/dailynewshungary.com\/de\/wp-json\/wp\/v2\/users\/2"}],"replies":[{"embeddable":true,"href":"https:\/\/dailynewshungary.com\/de\/wp-json\/wp\/v2\/comments?post=745910"}],"version-history":[{"count":0,"href":"https:\/\/dailynewshungary.com\/de\/wp-json\/wp\/v2\/posts\/745910\/revisions"}],"wp:attachment":[{"href":"https:\/\/dailynewshungary.com\/de\/wp-json\/wp\/v2\/media?parent=745910"}],"wp:term":[{"taxonomy":"category","embeddable":true,"href":"https:\/\/dailynewshungary.com\/de\/wp-json\/wp\/v2\/categories?post=745910"},{"taxonomy":"post_tag","embeddable":true,"href":"https:\/\/dailynewshungary.com\/de\/wp-json\/wp\/v2\/tags?post=745910"}],"curies":[{"name":"wp","href":"https:\/\/api.w.org\/{rel}","templated":true}]}}