{"id":745917,"date":"2017-08-23T20:00:57","date_gmt":"2017-08-23T18:00:57","guid":{"rendered":"https:\/\/dailynewshungary.com\/de\/aber-wofur-gibt-es-die-lohnunion\/"},"modified":"2017-08-23T20:00:57","modified_gmt":"2017-08-23T18:00:57","slug":"aber-wofur-gibt-es-die-lohnunion","status":"publish","type":"post","link":"https:\/\/dailynewshungary.com\/de\/aber-wofur-gibt-es-die-lohnunion\/","title":{"rendered":"Aber wof\u00fcr gibt es die Lohnunion?"},"content":{"rendered":"<p><strong>Der Familientag von Jobbik, der am 20. August im Stadtpark Budapest stattfand, markierte den Beginn der Kampagne der Partei, Unterst\u00fctzungsbekundungen f\u00fcr die Lohngewerkschaft zu sammeln. Die Veranstaltung beinhaltete eine Diskussionsrunde mit M\u00e1rton Gy\u00f6ngy\u00f6si, Dr. Andrea Varga-Damm, D\u00e1niel Z. K\u00e1rp\u00e1t und L\u00e1szl\u00f3 Gy\u00f6rgy Luk\u00e1cs zu Themen wie der praktischen Umsetzung der Lohnunion bei der Sammlung der erforderlichen Anzahl von Unterschriften und warum die aktuellen Versuche der Fidesz-Regierung, die sterbende ungarische Wirtschaft und das Gesundheitssystem zu reparieren, nicht ausreichten.<\/strong><\/p>\n<p>\u00dcber ihre speziellen Bereiche sprechen, jeder <a href=\"https:\/\/dailynewshungary.com\/de\/der-grose-britische-zuguberfall-wie-eine-15-kopfige-bande-1963-26-millionen-pfund-stahl\/\" target=\"_blank\" rel=\"noopener\">Jobbik<\/a> Politiker dar, was die Lohngewerkschaftsinitiative f\u00fcr ihre jeweiligen Fachgebiete bedeuten w\u00fcrde.<\/p>\n<p>M\u00e1rton Gy\u00f6ngy\u00f6si wies darauf hin, dass Jobbiks Lohngewerkschaftsinitiative als erste das Ziel erkl\u00e4rte, dass der Lebensstandard der osteurop\u00e4ischen Mitgliedstaaten, einschlie\u00dflich Ungarns, dem westeurop\u00e4ischen entsprechen m\u00fcsse.<\/p>\n<p>In einer kurzen Zusammenfassung erl\u00e4utert Herr Gy\u00f6ngy\u00f6si, wie die Initiative die Phase der Sammlung von Unterst\u00fctzungsbekundungen erreichen konnte, dann spricht er dar\u00fcber, was passieren w\u00fcrde, wenn die eine Million Unterschriften alle gesammelt w\u00fcrden Wie er es ausdr\u00fcckte, bindet die B\u00fcrgerinitiative zwar nicht die Union an sich, aber wenn gen\u00fcgend Menschen hinter dem von G\u00e1bor Vona als \u201cPeitscherbock\u201d bezeichneten Projekt stehen, wird es eine erhebliche Kraft haben, die m\u00f6glicherweise eine interne Reform der EU zur Folge hat.<\/p>\n<p>Herr Gy\u00f6ngy\u00f6si wies auch darauf hin, wie falsch diejenigen lagen, die dachten, westliche L\u00e4nder seien nicht an einer Lohnunion interessiert: Ein Hauptgrund daf\u00fcr, dass britische B\u00fcrger f\u00fcr den Brexit stimmten, seien die sozialen Spannungen, die durch die billigen osteurop\u00e4ischen Arbeitskr\u00e4fte verursacht w\u00fcrden, und auch Frankreich und \u00d6sterreich seien gezwungen, nach Regulierungsm\u00f6glichkeiten zur L\u00f6sung des Problems zu suchen Der Politiker von Jobbik erkl\u00e4rte, dass die EU keinen Erfolg haben k\u00f6nne, solange sie durch Einkommensunterschiede zwischen Ost-West und Nord-S\u00fcd gespalten sei, und f\u00fcgte hinzu, dass sich die westlichen L\u00e4nder dessen klar bewusst seien.<\/p>\n<p>Seiner Meinung nach verstehen die westeurop\u00e4ischen Menschen auch, dass niedrige L\u00f6hne den Kern des Problems bilden, aber sie haben einen anderen Ansatz daf\u00fcr Als Beispiel nannte er die Tatsache, dass die IG Metall, eine der gr\u00f6\u00dften deutschen Gewerkschaften, bereits B\u00fcros in den St\u00e4dten Kecskem\u00e9t und Gy.r er\u00f6ffnet hatte, um f\u00fcr angemessene L\u00f6hne f\u00fcr die ungarischen Arbeiter der deutschen Automobilhersteller zu k\u00e4mpfen, damit diese Menschen keine Besch\u00e4ftigung in Deutschland suchen w\u00fcrden.<\/p>\n<p>Herr Gy\u00f6ngy\u00f6si betonte, dass wir globale Probleme nicht alleine l\u00f6sen k\u00f6nnten, sondern die auf Gro\u00dfunternehmen ausgerichtete Wirtschaftspolitik und der Ansatz, die Ungarn in den vergangenen 20 Jahren zerst\u00f6rt haben, k\u00f6nnten in der Tat durch einen Mechanismus ersetzt werden, der ungarische kleine und mittlere Unternehmen unterst\u00fctzt, und eine reformierte EU-Koh\u00e4sionspolitik k\u00f6nnte eine Garantie daf\u00fcr sein Hinzu kommt, dass jedes Land, das seine B\u00fcrger in geistiges und k\u00f6rperliches Elend bringt, keine Zukunft hat, wies der Politiker darauf hin, dass die ungarische Regierung genau das durch die Aufwertung von Gesundheitsversorgung und Bildung tue Deshalb w\u00fcrde Jobbik die tausend Milliarden HUF investieren, um die Subventionen multinationaler Unternehmen in diese beiden Bereiche zu k\u00fcrzen, schloss Herr Gy\u00f6ngy\u00f6si.<\/p>\n<p>Andrea Varga-Damm erkl\u00e4rte, dass die Lohnunion auch die Kluft zwischen den L\u00f6hnen von M\u00e4nnern und Frauen sowie das Ost-West-Lohngef\u00e4lle innerhalb Ungarns verringern und damit den Weg f\u00fcr eine politische L\u00f6sung in unserem Land ebnen k\u00f6nnte.<\/p>\n<p>Jobbiks MP-Kandidat betonte, dass die genannten Probleme in nationaler Kompetenz gel\u00f6st und geregelt werden m\u00fcssen, was voraussetze, dass die gr\u00f6\u00dfte Oppositionspartei in die Regierung kommt und ihr Wirtschaftsprogramm umsetzt Nach Ansicht von Dr. Varga-Damm k\u00f6nne die EU-Verordnung von innen heraus reformiert und umgestaltet werden, so dass es nicht darauf ankomme, welche Partei sp\u00e4ter in die Regierung kommt, da sie den Prozess der Wirtschafts &#8211; und Lohnentwicklung nicht behindern k\u00f6nnten, auf die totale Unsensibilit\u00e4t der ungarischen Regierungen in der Sache der ungarischen L\u00f6hne bezogen, nannte sie es absurd, dass sich eine euroskeptische Partei schlie\u00dflich an die EU-Gremien wenden musste, um in dieser Frage Fortschritte zu erzielen, f\u00fcgte sie hinzu, dass Gesundheitswesen und Bildung die gr\u00f6\u00dfte Notwendigkeit einer Lohnspaltung von Ungarn die notwendige Zielsetzung seien.<\/p>\n<p>Wenn Osteuropa leer wird, m\u00fcssen wir uns auf eine Situation im \u201eWilden Osten\u201cvorstellen. \u201eWild East\u201d wurde bei der Diskussion am runden Tisch erneut eine Erkl\u00e4rung abgegeben. (Foto: Bal\u00e1zs B\u00e9li)<\/p>\n<p>D\u00e1niel Z. K\u00e1rp\u00e1t wies darauf hin, welch schwere demografische Katastrophe wir erleben m\u00fcssen, da Osteuropa bald praktisch leer werden w\u00fcrde. \u201eWenn ein Land leer wird, m\u00fcssen wir uns auf eine Situation im \u201eWilden Osten\u201cvorbereiten, wenn dieser Prozess nicht gestoppt wird. \u201eEr betonte, dass in den letzten 10 Jahren mindestens 10 Prozent der ungarischen Bev\u00f6lkerung verschwunden sind.\u201c\u201eWenn ein Land leer wird, wird es ein Vakuum geben und die \u00fcbersch\u00fcssige Bev\u00f6lkerung Afrikas wird mehr als gl\u00fccklich sein, die L\u00fccke zu f\u00fcllen.\u201d, sagte Herr Z. K\u00e1rp\u00e1t und f\u00fcgte hinzu, dass Viktor Orb\u00e1n nicht als Ungarns Retter angesehen werden k\u00f6nne, da er Aufenthaltsgenehmigungen f\u00fcr Ausl\u00e4nder verkaufte, w\u00e4hrend seine Partei \u201eJobviks\u201cdie Sozialstandards\u201d-Vorschl\u00e4ge von alten Projekten abzog\u201d<\/p>\n<p>Nach Angaben des Oppositionsabgeordneten verf\u00fcgt nur Jobbik \u00fcber ein Programm, um die Auswanderung der Ungarn nach Westen zu stoppen. Unter Berufung auf einige schockierende Daten sagte Herr Z. K\u00e1rp\u00e1t, dass genau dieselben 12 multinationalen Unternehmen, die in Ostmitteleuropa t\u00e4tig seien, 20 Prozent Steuern in der Tschechischen Republik und nur 1 Prozent in Ungarn gezahlt h\u00e4tten. Deshalb denke er, dass diese Unternehmen \u201ereguliert\u201cwerden m\u00fcssen und wir der legalisierten Steuerhinterziehung ein Ende setzen m\u00fcssen. Entgegen etwaigen Missverst\u00e4ndnissen, f\u00fcgte er hinzu, werden sich diese Unternehmen nicht aus Ungarn zur\u00fcckziehen \u201eOstmitteleuropa muss kooperieren, denn wie die Migrationskrise bereits gezeigt hat, sind wir voneinander abh\u00e4ngig\u201d, betonte Herr Z. Kr\u00e1r\u00e1t.<\/p>\n<p>L\u00e1szl\u00f3 Gy\u00f6rgy Luk\u00e1cs betonte, dass die Gesundheitsversorgung das hei\u00dfeste Thema in Ungarn sei, da sahen auch unsere B\u00fcrger das gr\u00f6\u00dfte Problem. Er identifizierte tragisch niedrige L\u00f6hne als das wichtigste Problem der Region und sagte, die Lohnunion k\u00f6nne eine L\u00f6sung daf\u00fcr sein und den Angeh\u00f6rigen der Gesundheitsberufe Hoffnung geben.<\/p>\n<p>\u201eEs wird L\u00f6hne geben, f\u00fcr die es sich lohnt, an den Krankenhausbetten zu stehen.\u201cversprach Jobbiks Gesundheitsfachpolitiker f\u00fcr den Fall, dass die W\u00e4hler Jobbik im Jahr 2018 vertrauen sollten. Als er \u00fcber die Abwanderung von medizinischem Fachpersonal sprach, sagte er, dass der Arbeitskr\u00e4ftemangel im t\u00e4glichen Leben der Krankenh\u00e4user am sp\u00fcrbarsten sei Krankenh\u00e4user: Das Personal war \u00fcberlastet und frustriert, was sich offensichtlich auf die Zufriedenheit und den emotionalen Komfort der Patienten auswirkte, w\u00e4hrend auch das Serviceniveau auf das N\u00f6tigste gesunken war.<\/p>\n<p>Nach Ansicht von Herrn Luk\u00e1cs motivieren die aktuellen L\u00f6hne niemanden, diesen Karriereweg zu w\u00e4hlen, aber er wies auch darauf hin, dass die EU auch keine umfassende Gesundheitspolitik oder ein umfassendes Gesundheitskonzept habe. Er sagte, dass die Lohnunion dieses Problem m\u00f6glicherweise auch beheben werde. Als er \u00fcber die regionalen Lohnunterschiede innerhalb Ungarns nachdachte, behauptete er, dass die Lohnunion auch in diesem Bereich helfen k\u00f6nne. Abschlie\u00dfend betonte er, dass fehlgeleitete Entwicklungsprojekte keine Arbeitskr\u00e4fterhaltungsbefugnis h\u00e4tten. Um diese Situation zu \u00e4ndern, brauche Ungarn eine Regierung, die dazu in der Lage und bereit sei, f\u00fcgte er hinzu.<\/p>\n<p style=\"text-align: center;\">[button link=\u201dhttps:\/\/ec.europa.eu\/citizens-initiative\/33\/public\/index.do?lang=en\u201d type=\u201dbig\u201d color=\u201dblue\u201d newwindow=\u201dyes\u201d] WAGE UNION \u2013 Europ\u00e4ische B\u00fcrgerinitiative finden Sie hier![\/button]<\/p>\n","protected":false},"excerpt":{"rendered":"<p>Der Familientag von Jobbik, der am 20. August im Stadtpark Budapest stattfand, markierte den Beginn der Kampagne der Partei, Unterst\u00fctzungsbekundungen f\u00fcr die Lohngewerkschaft zu sammeln. Die Veranstaltung beinhaltete eine Diskussionsrunde mit M\u00e1rton Gy\u00f6ngy\u00f6si, Dr. Andrea Varga-Damm, D\u00e1niel Z. K\u00e1rp\u00e1t und L\u00e1szl\u00f3 Gy\u00f6rgy Luk\u00e1cs zu Themen wie der praktischen Umsetzung der Lohnunion bei der Sammlung der [&hellip;]<\/p>\n","protected":false},"author":2,"featured_media":745918,"comment_status":"open","ping_status":"open","sticky":false,"template":"","format":"standard","meta":{"_acf_changed":false,"_display_image":"","footnotes":""},"categories":[1081],"tags":[1082,1632],"class_list":["post-745917","post","type-post","status-publish","format-standard","has-post-thumbnail","hentry","category-politik","tag-europaische-union","tag-jobbik"],"blocksy_meta":[],"acf":[],"author_username":"alk","telegram_post":"","public_post_metadata":{"breaking_news":"","important":"","csempe":"","center_tile":"","disable_thumbnail":"","target_lang":"","_featured_image_style":"","telegram_post":"","_xlat_group_id":""},"public_rank_math_data":{"title":"%title% %sep% %sitename%","description":"\u00dcber ihre Spezialgebiete erkl\u00e4rte jeder Jobbik-Politiker, was die Lohngewerkschaftsinitiative f\u00fcr sein jeweiliges Fachgebiet bedeuten w\u00fcrde.","focus_keyword":"Lohngewerkschaft","canonical_url":"","robots":"","primary_category":"1081","breadcrumb_title":"","facebook_title":"","facebook_description":"","facebook_image":"","facebook_image_id":"","twitter_title":"","twitter_description":"","twitter_image":"","twitter_image_id":"","twitter_card_type":"","twitter_use_facebook":"","advanced_robots":"","pillar_content":"","seo_score":"65","contentai_score":"","rich_snippet":""},"_links":{"self":[{"href":"https:\/\/dailynewshungary.com\/de\/wp-json\/wp\/v2\/posts\/745917","targetHints":{"allow":["GET"]}}],"collection":[{"href":"https:\/\/dailynewshungary.com\/de\/wp-json\/wp\/v2\/posts"}],"about":[{"href":"https:\/\/dailynewshungary.com\/de\/wp-json\/wp\/v2\/types\/post"}],"author":[{"embeddable":true,"href":"https:\/\/dailynewshungary.com\/de\/wp-json\/wp\/v2\/users\/2"}],"replies":[{"embeddable":true,"href":"https:\/\/dailynewshungary.com\/de\/wp-json\/wp\/v2\/comments?post=745917"}],"version-history":[{"count":0,"href":"https:\/\/dailynewshungary.com\/de\/wp-json\/wp\/v2\/posts\/745917\/revisions"}],"wp:featuredmedia":[{"embeddable":true,"href":"https:\/\/dailynewshungary.com\/de\/wp-json\/wp\/v2\/media\/745918"}],"wp:attachment":[{"href":"https:\/\/dailynewshungary.com\/de\/wp-json\/wp\/v2\/media?parent=745917"}],"wp:term":[{"taxonomy":"category","embeddable":true,"href":"https:\/\/dailynewshungary.com\/de\/wp-json\/wp\/v2\/categories?post=745917"},{"taxonomy":"post_tag","embeddable":true,"href":"https:\/\/dailynewshungary.com\/de\/wp-json\/wp\/v2\/tags?post=745917"}],"curies":[{"name":"wp","href":"https:\/\/api.w.org\/{rel}","templated":true}]}}