{"id":745943,"date":"2017-08-23T07:30:19","date_gmt":"2017-08-23T05:30:19","guid":{"rendered":"https:\/\/dailynewshungary.com\/de\/ungarischer-ukw-terrorgefahr-in-europa-immer-noch-sehr-hoch\/"},"modified":"2017-08-23T07:30:19","modified_gmt":"2017-08-23T05:30:19","slug":"ungarischer-ukw-terrorgefahr-in-europa-immer-noch-sehr-hoch","status":"publish","type":"post","link":"https:\/\/dailynewshungary.com\/de\/ungarischer-ukw-terrorgefahr-in-europa-immer-noch-sehr-hoch\/","title":{"rendered":"Ungarischer UKW: Terrorgefahr in Europa immer noch sehr hoch"},"content":{"rendered":"<p><strong>Die j\u00fcngsten Ereignisse h\u00e4tten gezeigt, dass die Terrorgefahr in Europa st\u00e4rker denn je geworden sei, sagte Ungarns Au\u00dfenminister am Dienstag.<\/strong><\/p>\n<p>Es w\u00e4re die Pflicht der europ\u00e4ischen Staats &#8211; und Regierungschefs, die Sicherheit des Kontinents zu garantierenDie dazu Unf\u00e4higen sind nicht in der Lage, ihre Posten zu besetzen, sagte P\u00e9ter Szijj\u00e1rt\u00f3 auf einer Pressekonferenz.<\/p>\n<p>Die Reaktion der europ\u00e4ischen Politiker auf die j\u00fcngsten Anschl\u00e4ge in Barcelona und Finnland sei \u201calarmierend\u201d, sagte Szijj\u00e1rt\u00f3Nach dem Beileid sagen die europ\u00e4ischen Staats- und Regierungschefs normalerweise weiter \u201ewir lassen uns nicht einsch\u00fcchtern und lassen uns nicht am Leben der europ\u00e4ischen B\u00fcrger \u00e4ndern\u201csagte er\u201d.<\/p>\n<p>Diese F\u00fchrer h\u00e4tten \u201cihren Blick auf die Realit\u00e4t verlorenWenn das alles ist, was sie tun k\u00f6nnen, ist Europa in gro\u00dfer Gefahr\u201d, sagte er.<\/p>\n<p>Szijj\u00e1rt\u00f3 sagte, die Anschl\u00e4ge im Sommer rechtfertigen den ungarischen Standpunkt, Migranten au\u00dferhalb Europas zu halten \u201cSobald sie hineingelassen werden, verliert Europa die Schlacht\u201d, sagte er.<\/p>\n<p>Der Terroranschlag vom Donnerstag in Barcelona macht darauf aufmerksam, dass die wachsende Bedrohung durch den Terrorismus in Europa alle L\u00e4nder des Kontinents betrifft, die<a href=\"https:\/\/dailynewshungary.com\/de\/ungarischer-ukw-die-wachsende-terrorgefahr-betrifft-ganz-europa\/\" target=\"_blank\" rel=\"noopener\"> Ungarns Au\u00dfenminister sagte<\/a> Am Freitag, nach dem Anschlag von Barcelona.<\/p>\n<p><a href=\"https:\/\/dailynewshungary.com\/de\/eilmeldung-ungarischer-staatsangehoriger-bei-anschlag-in-barcelona-verletzt\/\" target=\"_blank\" rel=\"noopener\">Wie wir schrieben<\/a>, ein ungarischer Staatsb\u00fcrger wurde bei dem Terroranschlag am Donnerstag in Barcelona leicht verletzt.<\/p>\n<p>Laut der offiziellen Website der Regierung h\u00e4tten sich seit dem Anschlag in Barcelona am 18. August 121 ungarische Staatsangeh\u00f6rige im Urlaub in Spanien beim Konsulardienst registriert, stellte er fest \u201eZum Zeitpunkt des Angriffs waren 100 Personen registriert, die alle ordnungsgem\u00e4\u00df kontaktiert wurden.\u201cf\u00fcgte er hinzu. \u201eSicherheit ist mittlerweile auch zu einem wichtigen Kriterium bei der Planung von Reisen innerhalb Europas geworden, und die wahren Fragen der europ\u00e4ischen Sicherheit bleiben ungel\u00f6st, weil viele nicht in der Lage sind, sie objektiv zu diskutieren\u201d, sagte Herr Szijj\u00e1rt\u00f3.<\/p>\n<p>\u201cMan muss sich ansehen, wer die T\u00e4ter dieser Angriffe sind: illegale Einwanderer oder Menschen, die als Einwanderer angekommen sind oder deren Familien nach Europa gekommen sind, und deren Integration erfolglos war\u201d, sagte der Au\u00dfenminister \u201cEs gab nat\u00fcrlich erfolgreiche soziale Integrationsprozesse, aber es gab auch gescheiterte, und an einigen Stellen sind Parallelgesellschaften entstanden\u201d, erkl\u00e4rte er.<\/p>\n<p><em>Foto: MTI\/AP\/Emilio Morenatti<\/em><\/p>\n","protected":false},"excerpt":{"rendered":"<p>Die j\u00fcngsten Ereignisse h\u00e4tten gezeigt, dass die Terrorgefahr in Europa st\u00e4rker denn je geworden sei, sagte Ungarns Au\u00dfenminister am Dienstag. Es w\u00e4re die Pflicht der europ\u00e4ischen Staats &#8211; und Regierungschefs, die Sicherheit des Kontinents zu garantierenDie dazu Unf\u00e4higen sind nicht in der Lage, ihre Posten zu besetzen, sagte P\u00e9ter Szijj\u00e1rt\u00f3 auf einer Pressekonferenz. Die Reaktion [&hellip;]<\/p>\n","protected":false},"author":2,"featured_media":745944,"comment_status":"open","ping_status":"open","sticky":false,"template":"","format":"standard","meta":{"_acf_changed":false,"_display_image":"","footnotes":""},"categories":[1081],"tags":[1470,1082,1445,1543],"class_list":["post-745943","post","type-post","status-publish","format-standard","has-post-thumbnail","hentry","category-politik","tag-ausenministerium-fur-ungarn","tag-europaische-union","tag-migration","tag-terrorismus"],"blocksy_meta":[],"acf":[],"author_username":"alk","telegram_post":"","public_post_metadata":{"breaking_news":"","important":"","csempe":"","center_tile":"","disable_thumbnail":"","target_lang":"","_featured_image_style":"","telegram_post":"","_xlat_group_id":""},"public_rank_math_data":{"title":"%title% %sep% %sitename%","description":"Die j\u00fcngsten Ereignisse h\u00e4tten gezeigt, dass die Terrorgefahr in Europa st\u00e4rker denn je geworden sei, sagte Ungarns Au\u00dfenminister am Dienstag.","focus_keyword":"Terror","canonical_url":"","robots":"","primary_category":"1081","breadcrumb_title":"","facebook_title":"","facebook_description":"","facebook_image":"","facebook_image_id":"","twitter_title":"","twitter_description":"","twitter_image":"","twitter_image_id":"","twitter_card_type":"","twitter_use_facebook":"","advanced_robots":"","pillar_content":"","seo_score":"67","contentai_score":"","rich_snippet":""},"_links":{"self":[{"href":"https:\/\/dailynewshungary.com\/de\/wp-json\/wp\/v2\/posts\/745943","targetHints":{"allow":["GET"]}}],"collection":[{"href":"https:\/\/dailynewshungary.com\/de\/wp-json\/wp\/v2\/posts"}],"about":[{"href":"https:\/\/dailynewshungary.com\/de\/wp-json\/wp\/v2\/types\/post"}],"author":[{"embeddable":true,"href":"https:\/\/dailynewshungary.com\/de\/wp-json\/wp\/v2\/users\/2"}],"replies":[{"embeddable":true,"href":"https:\/\/dailynewshungary.com\/de\/wp-json\/wp\/v2\/comments?post=745943"}],"version-history":[{"count":0,"href":"https:\/\/dailynewshungary.com\/de\/wp-json\/wp\/v2\/posts\/745943\/revisions"}],"wp:featuredmedia":[{"embeddable":true,"href":"https:\/\/dailynewshungary.com\/de\/wp-json\/wp\/v2\/media\/745944"}],"wp:attachment":[{"href":"https:\/\/dailynewshungary.com\/de\/wp-json\/wp\/v2\/media?parent=745943"}],"wp:term":[{"taxonomy":"category","embeddable":true,"href":"https:\/\/dailynewshungary.com\/de\/wp-json\/wp\/v2\/categories?post=745943"},{"taxonomy":"post_tag","embeddable":true,"href":"https:\/\/dailynewshungary.com\/de\/wp-json\/wp\/v2\/tags?post=745943"}],"curies":[{"name":"wp","href":"https:\/\/api.w.org\/{rel}","templated":true}]}}