{"id":746058,"date":"2017-08-18T13:00:33","date_gmt":"2017-08-18T11:00:33","guid":{"rendered":"https:\/\/dailynewshungary.com\/de\/ungarischer-ukw-die-wachsende-terrorgefahr-betrifft-ganz-europa\/"},"modified":"2017-08-18T13:00:33","modified_gmt":"2017-08-18T11:00:33","slug":"ungarischer-ukw-die-wachsende-terrorgefahr-betrifft-ganz-europa","status":"publish","type":"post","link":"https:\/\/dailynewshungary.com\/de\/ungarischer-ukw-die-wachsende-terrorgefahr-betrifft-ganz-europa\/","title":{"rendered":"Ungarischer UKW: Die wachsende Terrorgefahr betrifft ganz Europa"},"content":{"rendered":"<p><strong>Der Terroranschlag vom Donnerstag in Barcelona mache darauf aufmerksam, dass die wachsende Terrorgefahr in Europa alle L\u00e4nder des Kontinents betreffe, sagte Ungarns Au\u00dfenminister.&nbsp;<\/strong><\/p>\n<p>\u201cEs ist f\u00fcr jeden offensichtlich, dass es einen Zusammenhang zwischen illegaler Migration und <a href=\"https:\/\/dailynewshungary.com\/de\/der-grose-britische-zuguberfall-wie-eine-15-kopfige-bande-1963-26-millionen-pfund-stahl\/\" target=\"_blank\" rel=\"noopener\">Terrorismus<\/a>\u201e\u201d, sagte P\u00e9ter Szijj\u00e1rt\u00f3 am Freitag gegen\u00fcber MTI.<\/p>\n<p>Europa m\u00fcsse sich sch\u00fctzen und die Sicherheit der Europ\u00e4er garantieren, sagte Szijj\u00e1rt\u00f3Dies erfordere die St\u00e4rkung der Schengen-Grenzen Europas und eine \u00c4nderung der Br\u00fcsseler Migrationspolitik, betonte er.<\/p>\n<p>Die ungarische Regierung werde weiterhin alles tun, um durch den Schutz der Au\u00dfengrenzen und die Eind\u00e4mmung der illegalen Migration zur Wiederherstellung der Sicherheit Europas beizutragen, sagte der Minister.<\/p>\n<p>Nach dem Anschlag von Barcelona haben Ungarns Pr\u00e4sident, Premierminister und Parlamentspr\u00e4sident ihren spanischen Amtskollegen ihr Beileid zum Ausdruck gebracht <a href=\"https:\/\/dailynewshungary.com\/de\/ungarische-fuhrer-drucken-ihr-beileid-zum-angriff-auf-barcelona-aus\/\" target=\"_blank\" rel=\"noopener\">Terroranschlag in Barcelona<\/a> Donnerstag Nachmittag.<\/p>\n<p><em>Foto: MTI\/EPA\/David Armengou<\/em><\/p>\n","protected":false},"excerpt":{"rendered":"<p>Der Terroranschlag vom Donnerstag in Barcelona mache darauf aufmerksam, dass die wachsende Terrorgefahr in Europa alle L\u00e4nder des Kontinents betreffe, sagte Ungarns Au\u00dfenminister.&nbsp; \u201cEs ist f\u00fcr jeden offensichtlich, dass es einen Zusammenhang zwischen illegaler Migration und Terrorismus\u201e\u201d, sagte P\u00e9ter Szijj\u00e1rt\u00f3 am Freitag gegen\u00fcber MTI. Europa m\u00fcsse sich sch\u00fctzen und die Sicherheit der Europ\u00e4er garantieren, sagte [&hellip;]<\/p>\n","protected":false},"author":2,"featured_media":746059,"comment_status":"open","ping_status":"open","sticky":false,"template":"","format":"standard","meta":{"_acf_changed":false,"_display_image":"","footnotes":""},"categories":[1081],"tags":[1082,1445,1131,1543],"class_list":["post-746058","post","type-post","status-publish","format-standard","has-post-thumbnail","hentry","category-politik","tag-europaische-union","tag-migration","tag-spanien","tag-terrorismus"],"blocksy_meta":[],"acf":[],"author_username":"alk","telegram_post":"","public_post_metadata":{"breaking_news":"","important":"","csempe":"","center_tile":"","disable_thumbnail":"","target_lang":"","_featured_image_style":"","telegram_post":"","_xlat_group_id":""},"public_rank_math_data":{"title":"%title% %sep% %sitename%","description":"Der Terroranschlag vom Donnerstag in Barcelona macht darauf aufmerksam, dass die wachsende Bedrohung durch den Terrorismus in Europa alle L\u00e4nder des Kontinents betrifft.","focus_keyword":"Terror","canonical_url":"","robots":"","primary_category":"1081","breadcrumb_title":"","facebook_title":"","facebook_description":"","facebook_image":"","facebook_image_id":"","twitter_title":"","twitter_description":"","twitter_image":"","twitter_image_id":"","twitter_card_type":"","twitter_use_facebook":"","advanced_robots":"","pillar_content":"","seo_score":"57","contentai_score":"","rich_snippet":""},"_links":{"self":[{"href":"https:\/\/dailynewshungary.com\/de\/wp-json\/wp\/v2\/posts\/746058","targetHints":{"allow":["GET"]}}],"collection":[{"href":"https:\/\/dailynewshungary.com\/de\/wp-json\/wp\/v2\/posts"}],"about":[{"href":"https:\/\/dailynewshungary.com\/de\/wp-json\/wp\/v2\/types\/post"}],"author":[{"embeddable":true,"href":"https:\/\/dailynewshungary.com\/de\/wp-json\/wp\/v2\/users\/2"}],"replies":[{"embeddable":true,"href":"https:\/\/dailynewshungary.com\/de\/wp-json\/wp\/v2\/comments?post=746058"}],"version-history":[{"count":0,"href":"https:\/\/dailynewshungary.com\/de\/wp-json\/wp\/v2\/posts\/746058\/revisions"}],"wp:featuredmedia":[{"embeddable":true,"href":"https:\/\/dailynewshungary.com\/de\/wp-json\/wp\/v2\/media\/746059"}],"wp:attachment":[{"href":"https:\/\/dailynewshungary.com\/de\/wp-json\/wp\/v2\/media?parent=746058"}],"wp:term":[{"taxonomy":"category","embeddable":true,"href":"https:\/\/dailynewshungary.com\/de\/wp-json\/wp\/v2\/categories?post=746058"},{"taxonomy":"post_tag","embeddable":true,"href":"https:\/\/dailynewshungary.com\/de\/wp-json\/wp\/v2\/tags?post=746058"}],"curies":[{"name":"wp","href":"https:\/\/api.w.org\/{rel}","templated":true}]}}