{"id":746060,"date":"2017-08-18T11:59:16","date_gmt":"2017-08-18T09:59:16","guid":{"rendered":"https:\/\/dailynewshungary.com\/de\/eilmeldung-ungarischer-staatsangehoriger-bei-anschlag-in-barcelona-verletzt\/"},"modified":"2017-08-18T11:59:16","modified_gmt":"2017-08-18T09:59:16","slug":"eilmeldung-ungarischer-staatsangehoriger-bei-anschlag-in-barcelona-verletzt","status":"publish","type":"post","link":"https:\/\/dailynewshungary.com\/de\/eilmeldung-ungarischer-staatsangehoriger-bei-anschlag-in-barcelona-verletzt\/","title":{"rendered":"EILMELDUNG \u2013 Ungarischer Staatsangeh\u00f6riger bei Anschlag in Barcelona verletzt"},"content":{"rendered":"<p><strong>Beim Terroranschlag am Donnerstag in Barcelona sei ein ungarischer Staatsb\u00fcrger leicht verletzt worden, sagte ein Beamter des Au\u00dfenministeriums.&nbsp;<\/strong><\/p>\n<p>Die Frau habe bei dem Angriff einen Armbruch erlitten, aber das Krankenhaus bereits verlassen, sagte Staatssekret\u00e4r Levente Magyar am Freitag auf einer Pressekonferenz.<\/p>\n<p>Sie sei vom ungarischen Generalkonsulat in Barcelona kontaktiert worden, ben\u00f6tige jedoch keine konsularische Unterst\u00fctzung, sagte Magyar.<\/p>\n<p>Der Staatssekret\u00e4r best\u00e4tigte, dass bei dem von der militanten Gruppe Islamischer Staat behaupteten Angriff keine ungarischen Staatsb\u00fcrger get\u00f6tet worden seien. Derzeit gebe es in Katalonien rund 3.000 ungarische Staatsb\u00fcrger, sagte er.<\/p>\n<p>Magyar bekr\u00e4ftigte die scharfe Verurteilung des Anschlags durch UngarnDiesmal habe der Terrorismus ein Land getroffen, \u201cdas relativ friedlich gelebt hat\u201d, was bedeutet, dass der Terrorismus \u201cunabh\u00e4ngig und jederzeit zuschlagen kann\u201d, f\u00fcgte er hinzu.<\/p>\n<p>Ungarn sei jedoch bisher \u201cvor diesem alptraumhaften Wahnsinn\u201d gesch\u00fctzt worden, der Westeuropa heimgesucht habe, sagte Magyar und f\u00fcgte hinzu, dass die Regierung entschlossen sei, dies so zu halten.<\/p>\n<p>Er sagte, der Zusammenhang zwischen illegaler Migration und der Bedrohung durch den Terrorismus in Europa sei klar Magyar sagte, dass die ungarische Regierung \u201ceine der wenigen\u201d sei, die bereit sei, in dieser Frage Ma\u00dfnahmen zu ergreifen.<\/p>\n<p>\u201cWir w\u00fcrden gerne Ma\u00dfnahmen sehen\u201d, sagte Magyar und f\u00fcgte hinzu, dass Ungarn bereit sei, seine Politik fortzusetzen, die seiner Meinung nach dazu beitragen k\u00f6nnte, solche Angriffe in Zukunft zu verhindern.<\/p>\n<p>Zum Thema des zweiten Anschlags im katalanischen Ferienort Cambrils, bei dem sieben Menschen verletzt wurden, sagte Magyar, das Au\u00dfenministerium habe noch keine offiziellen Informationen \u00fcber Verwundete erhalten, da auch beim Ministerium keine Anfragen zu dem Anschlag eingegangen seien, \u201cgibt es gro\u00dfe Hoffnung\u201d, dass keine Ungarn verletzt wurden, f\u00fcgte der Staatssekret\u00e4r hinzu.<\/p>\n<p><a href=\"https:\/\/dailynewshungary.com\/de\/ungarische-fuhrer-drucken-ihr-beileid-zum-angriff-auf-barcelona-aus\/\">Wie wir heute geschrieben haben<\/a>\u201eUngarns Pr\u00e4sident, Premierminister und Parlamentspr\u00e4sident haben ihren spanischen Amtskollegen ihr Beileid zum Terroranschlag in Barcelona zum Ausdruck gebracht.<\/p>\n<p><em>Foto: MTI\/AP\/Giannis Papanikos<\/em><\/p>\n","protected":false},"excerpt":{"rendered":"<p>Beim Terroranschlag am Donnerstag in Barcelona sei ein ungarischer Staatsb\u00fcrger leicht verletzt worden, sagte ein Beamter des Au\u00dfenministeriums.&nbsp; Die Frau habe bei dem Angriff einen Armbruch erlitten, aber das Krankenhaus bereits verlassen, sagte Staatssekret\u00e4r Levente Magyar am Freitag auf einer Pressekonferenz. Sie sei vom ungarischen Generalkonsulat in Barcelona kontaktiert worden, ben\u00f6tige jedoch keine konsularische Unterst\u00fctzung, [&hellip;]<\/p>\n","protected":false},"author":2,"featured_media":746061,"comment_status":"open","ping_status":"open","sticky":false,"template":"","format":"standard","meta":{"_acf_changed":false,"_display_image":"","footnotes":""},"categories":[1098],"tags":[1131,1543],"class_list":["post-746060","post","type-post","status-publish","format-standard","has-post-thumbnail","hentry","category-gesellschaft","tag-spanien","tag-terrorismus"],"blocksy_meta":[],"acf":[],"author_username":"alk","telegram_post":"","public_post_metadata":{"breaking_news":"","important":"","csempe":"","center_tile":"","disable_thumbnail":"","target_lang":"","_featured_image_style":"","telegram_post":"","_xlat_group_id":""},"public_rank_math_data":{"title":"%title% %sep% %sitename%","description":"","focus_keyword":"Barcelona-angriff","canonical_url":"","robots":"","primary_category":"1098","breadcrumb_title":"","facebook_title":"","facebook_description":"","facebook_image":"","facebook_image_id":"","twitter_title":"","twitter_description":"","twitter_image":"","twitter_image_id":"","twitter_card_type":"","twitter_use_facebook":"","advanced_robots":"","pillar_content":"","seo_score":"47","contentai_score":"","rich_snippet":""},"_links":{"self":[{"href":"https:\/\/dailynewshungary.com\/de\/wp-json\/wp\/v2\/posts\/746060","targetHints":{"allow":["GET"]}}],"collection":[{"href":"https:\/\/dailynewshungary.com\/de\/wp-json\/wp\/v2\/posts"}],"about":[{"href":"https:\/\/dailynewshungary.com\/de\/wp-json\/wp\/v2\/types\/post"}],"author":[{"embeddable":true,"href":"https:\/\/dailynewshungary.com\/de\/wp-json\/wp\/v2\/users\/2"}],"replies":[{"embeddable":true,"href":"https:\/\/dailynewshungary.com\/de\/wp-json\/wp\/v2\/comments?post=746060"}],"version-history":[{"count":0,"href":"https:\/\/dailynewshungary.com\/de\/wp-json\/wp\/v2\/posts\/746060\/revisions"}],"wp:featuredmedia":[{"embeddable":true,"href":"https:\/\/dailynewshungary.com\/de\/wp-json\/wp\/v2\/media\/746061"}],"wp:attachment":[{"href":"https:\/\/dailynewshungary.com\/de\/wp-json\/wp\/v2\/media?parent=746060"}],"wp:term":[{"taxonomy":"category","embeddable":true,"href":"https:\/\/dailynewshungary.com\/de\/wp-json\/wp\/v2\/categories?post=746060"},{"taxonomy":"post_tag","embeddable":true,"href":"https:\/\/dailynewshungary.com\/de\/wp-json\/wp\/v2\/tags?post=746060"}],"curies":[{"name":"wp","href":"https:\/\/api.w.org\/{rel}","templated":true}]}}