{"id":746615,"date":"2017-07-27T12:31:10","date_gmt":"2017-07-27T10:31:10","guid":{"rendered":"https:\/\/dailynewshungary.com\/de\/kabinett-orban-der-generalanwalt-des-europaischen-gerichtshofs-hat-eine-politische-entscheidung-getroffen\/"},"modified":"2017-07-27T12:31:10","modified_gmt":"2017-07-27T10:31:10","slug":"kabinett-orban-der-generalanwalt-des-europaischen-gerichtshofs-hat-eine-politische-entscheidung-getroffen","status":"publish","type":"post","link":"https:\/\/dailynewshungary.com\/de\/kabinett-orban-der-generalanwalt-des-europaischen-gerichtshofs-hat-eine-politische-entscheidung-getroffen\/","title":{"rendered":"Kabinett Orb\u00e1n: Der Generalanwalt des Europ\u00e4ischen Gerichtshofs hat eine politische Entscheidung getroffen"},"content":{"rendered":"<p><strong>\u201cDer Generalanwalt des Europ\u00e4ischen Gerichtshofs (EuGH) ist nicht zu einer rechtlichen Entscheidung gekommen, sondern hat in viel gr\u00f6\u00dferem Ma\u00dfe eine politische Entscheidung getroffen, als er das empfahl <a href=\"https:\/\/dailynewshungary.com\/de\/der-generalanwalt-eines-europaischen-gerichts-pladiert-fur-die-abweisung-des-falles-in-der-slowakei-und-ungarn-zur-umsiedlung-von-migranten-update\/\" target=\"_blank\" rel=\"noopener\">Die gemeinsame Vorlage Ungarns und der Slowakei im Quotenfall ist abzulehnen<\/a>\u201cerkl\u00e4rte der Chef-Sicherheitsberater des Premierministers in der Sendung des ungarischen M1-Fernsehens am Donnerstagabend \u00fcber aktuelle Angelegenheiten.<\/strong><\/p>\n<p>Der Standpunkt des Generalanwalts ist nach Gy\u00f6rgy Bakondi kein juristisches Argument \u201cEs ist vielmehr ein Standpunkt, der der Aus\u00fcbung politischen Drucks entspricht, der der Durchsetzung des Br\u00fcsseler Zentralwillens dient, der mit dem Soros-Plan einhergeht\u201d, sagte er.<\/p>\n<p>\u201cMit anderen Worten, wir sehen eines der Elemente der Reihe von Schritten, die die Einwanderungspolitik Ungarns angreifen, aber die ungarische Regierung wird sich politischem oder juristischem Druck nicht beugen\u201d, betonte er.<\/p>\n<p>Wie Herr Bakondi erkl\u00e4rte, sollten laut Soros-Plan jedes Jahr etwa eine Million Menschen nach Europa einreisen und jeweils 4,5 Millionen Forint (14.700 EUR) in Fremdw\u00e4hrung erhalten, um ihnen den Start in ein neues Leben zu erleichtern. \u201eDer Plan sieht auch die Einrichtung einer europ\u00e4ischen Einwanderungsbeh\u00f6rde vor, die dar\u00fcber entscheidet, ob Migranten den Asylstatus erhalten.\u201chob der Chefsicherheitsberater hervor und betonte, dass die ungarische Regierung diesen Plan in keiner Weise unterst\u00fctzt. \u201eNach dem EuGH-Verfahren gibt ein Generalanwalt zun\u00e4chst eine Stellungnahme zu einem bestimmten Fall ab, woraufhin das Gremium seine offizielle Entscheidung trifft\u201d, f\u00fcgte er zur Erl\u00e4uterung hinzu.<\/p>\n<p>\u201cIn diesem Fall ist das 120-seitige Dokument, das der Generalanwalt herausgegeben hat, insofern \u00e4u\u00dferst seltsam, als es keine detaillierte juristische Argumentation enth\u00e4lt, sondern eine politische Argumentation, die auf Solidarit\u00e4t zwischen den Mitgliedstaaten der Europ\u00e4ischen Union aufbaut\u201d, sagte Herr Bakondi.<\/p>\n<p>Die ungarische Regierung wandte sich im Dezember 2015 an den Europ\u00e4ischen Gerichtshof und forderte die Aufhebung des verbindlichen Mechanismus zur Neuansiedlung von 120 Tausend Asylsuchenden, den der EU-Innenministerrat einige Monate zuvor mit qualifizierter Mehrheit angenommen hatte Abstimmung, trotz Protesten unter anderem aus Ungarn und der Slowakei.<\/p>\n<p>In der ungarischen Stellungnahme wurden zehn inhaltliche und verfahrenstechnische Argumente angef\u00fchrt, in denen die Ung\u00fcltigerkl\u00e4rung der Ratsresolution gefordert wurde, oder zumindest der Teil, wonach Ungarn 1294 Asylsuchende, 988 f\u00fcr Griechenland und 306 aus Italien aufnehmen muss.<\/p>\n<p>Die ungarische Partei f\u00fchrt vor allem an, dass der Rat kein Mandat f\u00fcr den Erlass einer solchen Resolution hatte und dass er kein Recht hatte, die Resolution gem\u00e4\u00df den EU-Vorschriften zu verabschieden, au\u00dferdem sei der Mechanismus selbst f\u00fcr die Bew\u00e4ltigung der Einwanderungskrise ungeeignet.<\/p>\n","protected":false},"excerpt":{"rendered":"<p>\u201cDer Generalanwalt des Europ\u00e4ischen Gerichtshofs (EuGH) ist nicht zu einer rechtlichen Entscheidung gekommen, sondern hat in viel gr\u00f6\u00dferem Ma\u00dfe eine politische Entscheidung getroffen, als er das empfahl Die gemeinsame Vorlage Ungarns und der Slowakei im Quotenfall ist abzulehnen\u201cerkl\u00e4rte der Chef-Sicherheitsberater des Premierministers in der Sendung des ungarischen M1-Fernsehens am Donnerstagabend \u00fcber aktuelle Angelegenheiten. Der Standpunkt [&hellip;]<\/p>\n","protected":false},"author":2,"featured_media":746616,"comment_status":"open","ping_status":"open","sticky":false,"template":"","format":"standard","meta":{"_acf_changed":false,"_display_image":"","footnotes":""},"categories":[1081],"tags":[1082,1326,1871,1445,1173],"class_list":["post-746615","post","type-post","status-publish","format-standard","has-post-thumbnail","hentry","category-politik","tag-europaische-union","tag-gericht","tag-migrantenquoten","tag-migration","tag-slowakei"],"blocksy_meta":[],"acf":[],"author_username":"alk","telegram_post":"","public_post_metadata":{"breaking_news":"","important":"","csempe":"","center_tile":"","disable_thumbnail":"","target_lang":"","_featured_image_style":"","telegram_post":"","_xlat_group_id":""},"public_rank_math_data":{"title":"%title% %sep% %sitename%","description":"\u201cDer Generalanwalt des Europ\u00e4ischen Gerichtshofs (EuGH) ist nicht zu einer rechtlichen Entscheidung gekommen, sondern hat in viel gr\u00f6\u00dferem Ma\u00dfe eine politische Entscheidung getroffen","focus_keyword":"Generalanwalt des Europ\u00e4ischen Gerichtshofs","canonical_url":"","robots":"","primary_category":"1081","breadcrumb_title":"","facebook_title":"","facebook_description":"","facebook_image":"","facebook_image_id":"","twitter_title":"","twitter_description":"","twitter_image":"","twitter_image_id":"","twitter_card_type":"","twitter_use_facebook":"","advanced_robots":"","pillar_content":"","seo_score":"51","contentai_score":"","rich_snippet":""},"_links":{"self":[{"href":"https:\/\/dailynewshungary.com\/de\/wp-json\/wp\/v2\/posts\/746615","targetHints":{"allow":["GET"]}}],"collection":[{"href":"https:\/\/dailynewshungary.com\/de\/wp-json\/wp\/v2\/posts"}],"about":[{"href":"https:\/\/dailynewshungary.com\/de\/wp-json\/wp\/v2\/types\/post"}],"author":[{"embeddable":true,"href":"https:\/\/dailynewshungary.com\/de\/wp-json\/wp\/v2\/users\/2"}],"replies":[{"embeddable":true,"href":"https:\/\/dailynewshungary.com\/de\/wp-json\/wp\/v2\/comments?post=746615"}],"version-history":[{"count":0,"href":"https:\/\/dailynewshungary.com\/de\/wp-json\/wp\/v2\/posts\/746615\/revisions"}],"wp:featuredmedia":[{"embeddable":true,"href":"https:\/\/dailynewshungary.com\/de\/wp-json\/wp\/v2\/media\/746616"}],"wp:attachment":[{"href":"https:\/\/dailynewshungary.com\/de\/wp-json\/wp\/v2\/media?parent=746615"}],"wp:term":[{"taxonomy":"category","embeddable":true,"href":"https:\/\/dailynewshungary.com\/de\/wp-json\/wp\/v2\/categories?post=746615"},{"taxonomy":"post_tag","embeddable":true,"href":"https:\/\/dailynewshungary.com\/de\/wp-json\/wp\/v2\/tags?post=746615"}],"curies":[{"name":"wp","href":"https:\/\/api.w.org\/{rel}","templated":true}]}}