{"id":746807,"date":"2017-07-20T07:30:19","date_gmt":"2017-07-20T05:30:19","guid":{"rendered":"https:\/\/dailynewshungary.com\/de\/v4-ermachtigt-fico-mit-der-eu-uber-doppelte-lebensmittelstandards-zu-diskutieren\/"},"modified":"2017-07-20T07:30:19","modified_gmt":"2017-07-20T05:30:19","slug":"v4-ermachtigt-fico-mit-der-eu-uber-doppelte-lebensmittelstandards-zu-diskutieren","status":"publish","type":"post","link":"https:\/\/dailynewshungary.com\/de\/v4-ermachtigt-fico-mit-der-eu-uber-doppelte-lebensmittelstandards-zu-diskutieren\/","title":{"rendered":"V4 erm\u00e4chtigt Fico, mit der EU \u00fcber doppelte Lebensmittelstandards zu diskutieren"},"content":{"rendered":"<p><strong>Ministerpr\u00e4sidenten von <a href=\"https:\/\/dailynewshungary.com\/de\/der-grose-britische-zuguberfall-wie-eine-15-kopfige-bande-1963-26-millionen-pfund-stahl\/\" target=\"_blank\" rel=\"noopener noreferrer\">Die Visegrad-Gruppe L\u00e4nder<\/a> haben dem slowakischen Premierminister Robert Fico die Genehmigung erteilt, am kommenden Donnerstag mit dem Leiter der Europ\u00e4ischen Kommission, Jean-Claude Juncker, Beschwerden \u00fcber minderwertige Lebensmittel zu besprechen, die von westlichen Unternehmen in der Region vertrieben werden.<\/strong><\/p>\n<p>Nach Gespr\u00e4chen mit seinen V4-Kollegen und dem israelischen Premierminister Benjamin Netanyahu am Mittwoch in Budapest sagte Fico, dass sich V4-Menschen aufgrund von \u201ezweitklassigen B\u00fcrgern\u201cgef\u00fchlt h\u00e4tten <a href=\"https:\/\/dailynewshungary.com\/de\/auf-den-europaischen-lebensmittelmarkten-wird-mit-zweierlei-mas-gemessen\/\" target=\"_blank\" rel=\"noopener noreferrer\">Die \u201cduale Qualit\u00e4t\u201d der Produkte<\/a>, was seiner Meinung nach zu einem wachsenden Misstrauen gegen\u00fcber der EU beitrug.<\/p>\n<p>Bohuslav Sobotka, der tschechische Ministerpr\u00e4sident, sagte, dass die Regeln auf europ\u00e4ischer Ebene ge\u00e4ndert werden sollten \u201cWir liefern nicht Unternehmen, die jedem Mitgliedsstaat unterschiedliche Qualit\u00e4t liefern\u201d, sagte er und f\u00fcgte hinzu, dass seine Amtskollegen seine Position teilten.<\/p>\n<p>Die polnische Premierministerin Beata Szydlo sagte, dass die V4 auch Verhandlungen \u00fcber Mitarbeiter in Auslandsmissionen aufnehmen werde und dass die Gruppe au\u00dferdem einen Brief an den italienischen Premierminister zum Thema der Fl\u00fcchtlingskrise im Mittelmeer geschrieben habe.<\/p>\n<p><em>Foto: MTI<\/em><\/p>\n","protected":false},"excerpt":{"rendered":"<p>Ministerpr\u00e4sidenten von Die Visegrad-Gruppe L\u00e4nder haben dem slowakischen Premierminister Robert Fico die Genehmigung erteilt, am kommenden Donnerstag mit dem Leiter der Europ\u00e4ischen Kommission, Jean-Claude Juncker, Beschwerden \u00fcber minderwertige Lebensmittel zu besprechen, die von westlichen Unternehmen in der Region vertrieben werden. Nach Gespr\u00e4chen mit seinen V4-Kollegen und dem israelischen Premierminister Benjamin Netanyahu am Mittwoch in Budapest [&hellip;]<\/p>\n","protected":false},"author":2,"featured_media":746808,"comment_status":"open","ping_status":"open","sticky":false,"template":"","format":"standard","meta":{"_acf_changed":false,"_display_image":"","footnotes":""},"categories":[1081],"tags":[1605,1082,1173,1923],"class_list":["post-746807","post","type-post","status-publish","format-standard","has-post-thumbnail","hentry","category-politik","tag-ernahrung","tag-europaische-union","tag-slowakei","tag-visegrad-vier"],"blocksy_meta":[],"acf":[],"author_username":"alk","telegram_post":"","public_post_metadata":{"breaking_news":"","important":"","csempe":"","center_tile":"","disable_thumbnail":"","target_lang":"","_featured_image_style":"","telegram_post":"","_xlat_group_id":""},"public_rank_math_data":{"title":"%title% %sep% %sitename%","description":"V4-L\u00e4nder haben Fico die Genehmigung erteilt, mit EG-Chef Juncker Beschwerden \u00fcber minderwertige Lebensmittel zu besprechen","focus_keyword":"Fico","canonical_url":"","robots":"","primary_category":"1081","breadcrumb_title":"","facebook_title":"","facebook_description":"","facebook_image":"","facebook_image_id":"","twitter_title":"","twitter_description":"","twitter_image":"","twitter_image_id":"","twitter_card_type":"","twitter_use_facebook":"","advanced_robots":"","pillar_content":"","seo_score":"63","contentai_score":"","rich_snippet":""},"_links":{"self":[{"href":"https:\/\/dailynewshungary.com\/de\/wp-json\/wp\/v2\/posts\/746807","targetHints":{"allow":["GET"]}}],"collection":[{"href":"https:\/\/dailynewshungary.com\/de\/wp-json\/wp\/v2\/posts"}],"about":[{"href":"https:\/\/dailynewshungary.com\/de\/wp-json\/wp\/v2\/types\/post"}],"author":[{"embeddable":true,"href":"https:\/\/dailynewshungary.com\/de\/wp-json\/wp\/v2\/users\/2"}],"replies":[{"embeddable":true,"href":"https:\/\/dailynewshungary.com\/de\/wp-json\/wp\/v2\/comments?post=746807"}],"version-history":[{"count":0,"href":"https:\/\/dailynewshungary.com\/de\/wp-json\/wp\/v2\/posts\/746807\/revisions"}],"wp:featuredmedia":[{"embeddable":true,"href":"https:\/\/dailynewshungary.com\/de\/wp-json\/wp\/v2\/media\/746808"}],"wp:attachment":[{"href":"https:\/\/dailynewshungary.com\/de\/wp-json\/wp\/v2\/media?parent=746807"}],"wp:term":[{"taxonomy":"category","embeddable":true,"href":"https:\/\/dailynewshungary.com\/de\/wp-json\/wp\/v2\/categories?post=746807"},{"taxonomy":"post_tag","embeddable":true,"href":"https:\/\/dailynewshungary.com\/de\/wp-json\/wp\/v2\/tags?post=746807"}],"curies":[{"name":"wp","href":"https:\/\/api.w.org\/{rel}","templated":true}]}}