{"id":746811,"date":"2017-07-19T22:00:09","date_gmt":"2017-07-19T20:00:09","guid":{"rendered":"https:\/\/dailynewshungary.com\/de\/visegrad-four-unterstutzt-italien-in-bezug-auf-die-migrationskrise\/"},"modified":"2017-07-19T22:00:09","modified_gmt":"2017-07-19T20:00:09","slug":"visegrad-four-unterstutzt-italien-in-bezug-auf-die-migrationskrise","status":"publish","type":"post","link":"https:\/\/dailynewshungary.com\/de\/visegrad-four-unterstutzt-italien-in-bezug-auf-die-migrationskrise\/","title":{"rendered":"Visegrad Four unterst\u00fctzt Italien in Bezug auf die Migrationskrise"},"content":{"rendered":"<p><strong>Die Visegrad-Gruppe hat einen Brief an den italienischen Premierminister geschickt, in dem sie ihm die Unterst\u00fctzung der V4 im Zusammenhang mit dem zusichert <a href=\"https:\/\/dailynewshungary.com\/de\/der-grose-britische-zuguberfall-wie-eine-15-kopfige-bande-1963-26-millionen-pfund-stahl\/\" target=\"_blank\" rel=\"noopener noreferrer\">Migrationskrise<\/a>.<\/strong><\/p>\n<p>In dem auf der V4-Website ver\u00f6ffentlichten Brief an Paolo Gentiloni wird darauf hingewiesen, dass die V4-Premierminister bereit sind, zu den europ\u00e4ischen und italienischen Bem\u00fchungen beizutragen, irregul\u00e4re Migrationsstr\u00f6me nach Europa zu stoppen <a href=\"https:\/\/dailynewshungary.com\/de\/der-grose-britische-zuguberfall-wie-eine-15-kopfige-bande-1963-26-millionen-pfund-stahl\/\" target=\"_blank\" rel=\"noopener noreferrer\">Italien<\/a> Libyens und der anderen L\u00e4nder Nordafrikas mit allen ihnen zur Verf\u00fcgung stehenden Mitteln.<\/p>\n<p>Die Premierminister schrieben, dass die V4 davon \u00fcberzeugt sei, dass die Grundursachen der Migration angegangen werden m\u00fcssten und dass die Politik widerspiegeln m\u00fcsse, dass die \u00fcberwiegende Mehrheit der Ank\u00fcnfte in der Migrationswelle Wirtschaftsmigranten seien.<\/p>\n<p>\u201cWir glauben, dass echte Asylbewerber identifiziert werden m\u00fcssen, bevor sie in die Europ\u00e4ische Union einreisen [und] die Au\u00dfengrenzen m\u00fcssen gesch\u00fctzt werden\u201d, hei\u00dft es in dem von Viktor Orb\u00e1n, Robert Fico, Bohuslav Sobotka und Beata Szydlo unterzeichneten Brief.<\/p>\n<p>Sie k\u00f6nnen alle V4-Anweisungen lesen <a href=\"http:\/\/www.visegradgroup.eu\/documents\/official-statements\" target=\"_blank\" rel=\"noopener noreferrer\">HIER<\/a>.<\/p>\n<p><em>Foto: MTI<\/em><\/p>\n","protected":false},"excerpt":{"rendered":"<p>Die Visegrad-Gruppe hat einen Brief an den italienischen Premierminister geschickt, in dem sie ihm die Unterst\u00fctzung der V4 im Zusammenhang mit dem zusichert Migrationskrise. In dem auf der V4-Website ver\u00f6ffentlichten Brief an Paolo Gentiloni wird darauf hingewiesen, dass die V4-Premierminister bereit sind, zu den europ\u00e4ischen und italienischen Bem\u00fchungen beizutragen, irregul\u00e4re Migrationsstr\u00f6me nach Europa zu stoppen [&hellip;]<\/p>\n","protected":false},"author":2,"featured_media":746812,"comment_status":"open","ping_status":"open","sticky":false,"template":"","format":"standard","meta":{"_acf_changed":false,"_display_image":"","footnotes":""},"categories":[1081],"tags":[1155,1082,1170,1445,1128,1923],"class_list":["post-746811","post","type-post","status-publish","format-standard","has-post-thumbnail","hentry","category-politik","tag-afrika","tag-europaische-union","tag-italien","tag-migration","tag-viktor-orban","tag-visegrad-vier"],"blocksy_meta":[],"acf":[],"author_username":"alk","telegram_post":"","public_post_metadata":{"breaking_news":"","important":"","csempe":"","center_tile":"","disable_thumbnail":"","target_lang":"","_featured_image_style":"","telegram_post":"","_xlat_group_id":""},"public_rank_math_data":{"title":"%title% %sep% %sitename%","description":"Die Visegrad-Gruppe hat einen Brief an den italienischen Premierminister geschickt, in dem sie ihm die Unterst\u00fctzung der Visegrad-Vier im Zusammenhang mit der Migrationskrise zusichert.","focus_keyword":"Italien","canonical_url":"","robots":"","primary_category":"1081","breadcrumb_title":"","facebook_title":"","facebook_description":"","facebook_image":"","facebook_image_id":"","twitter_title":"","twitter_description":"","twitter_image":"","twitter_image_id":"","twitter_card_type":"","twitter_use_facebook":"","advanced_robots":"","pillar_content":"","seo_score":"69","contentai_score":"","rich_snippet":""},"_links":{"self":[{"href":"https:\/\/dailynewshungary.com\/de\/wp-json\/wp\/v2\/posts\/746811","targetHints":{"allow":["GET"]}}],"collection":[{"href":"https:\/\/dailynewshungary.com\/de\/wp-json\/wp\/v2\/posts"}],"about":[{"href":"https:\/\/dailynewshungary.com\/de\/wp-json\/wp\/v2\/types\/post"}],"author":[{"embeddable":true,"href":"https:\/\/dailynewshungary.com\/de\/wp-json\/wp\/v2\/users\/2"}],"replies":[{"embeddable":true,"href":"https:\/\/dailynewshungary.com\/de\/wp-json\/wp\/v2\/comments?post=746811"}],"version-history":[{"count":0,"href":"https:\/\/dailynewshungary.com\/de\/wp-json\/wp\/v2\/posts\/746811\/revisions"}],"wp:featuredmedia":[{"embeddable":true,"href":"https:\/\/dailynewshungary.com\/de\/wp-json\/wp\/v2\/media\/746812"}],"wp:attachment":[{"href":"https:\/\/dailynewshungary.com\/de\/wp-json\/wp\/v2\/media?parent=746811"}],"wp:term":[{"taxonomy":"category","embeddable":true,"href":"https:\/\/dailynewshungary.com\/de\/wp-json\/wp\/v2\/categories?post=746811"},{"taxonomy":"post_tag","embeddable":true,"href":"https:\/\/dailynewshungary.com\/de\/wp-json\/wp\/v2\/tags?post=746811"}],"curies":[{"name":"wp","href":"https:\/\/api.w.org\/{rel}","templated":true}]}}