{"id":746894,"date":"2017-07-17T14:20:34","date_gmt":"2017-07-17T12:20:34","guid":{"rendered":"https:\/\/dailynewshungary.com\/de\/uber-5000-beschaftigte-des-offentlichen-dienstes-streiken-in-ungarn\/"},"modified":"2017-07-17T14:20:34","modified_gmt":"2017-07-17T12:20:34","slug":"uber-5000-beschaftigte-des-offentlichen-dienstes-streiken-in-ungarn","status":"publish","type":"post","link":"https:\/\/dailynewshungary.com\/de\/uber-5000-beschaftigte-des-offentlichen-dienstes-streiken-in-ungarn\/","title":{"rendered":"\u00dcber 5000 Besch\u00e4ftigte des \u00f6ffentlichen Dienstes streiken in Ungarn"},"content":{"rendered":"<p><strong>\u00dcber 5.000 Menschen arbeiten in <a href=\"https:\/\/dailynewshungary.com\/de\/gewerkschaft-der-beschaftigten-im-offentlichen-dienst-kundigt-streik-an\/\" target=\"_blank\" rel=\"noopener noreferrer\">Der \u00f6ffentliche Sektor f\u00fchrte einen 2-st\u00fcndigen Streik durch<\/a> Am Montagmorgen forderte Erzs\u00e9bet Boros, Gewerkschaftsleiter MKKSZ, h\u00f6here L\u00f6hne, sagte er auf einer Pressekonferenz.<\/strong><\/p>\n<p>Boros stellte fest, dass die Besch\u00e4ftigten in den Kommunen seit 9 Jahren keine Gehaltserh\u00f6hung mehr hatten, und schlug die Einf\u00fchrung von Karrieremodellen vor, nach denen die Gehaltsbasis in dem Sektor von 38.650 Forint pro Monat auf 60.000 angehoben w\u00fcrdeAls alternative L\u00f6sung sagte sie, dass eine Gehaltserh\u00f6hung von 25 Prozent als \u201cHinspiel\u201d in einem dreij\u00e4hrigen Programm gew\u00e4hrt werden k\u00f6nnte.<\/p>\n<p>Der Gewerkschaftsf\u00fchrer sagte, dass die Gespr\u00e4che mit der Regierung in zwei Wochen wieder aufgenommen w\u00fcrden.<\/p>\n<p><a href=\"https:\/\/dailynewshungary.com\/de\/jobbik-unterstutzt-lohnforderungen-des-offentlichen-sektors\/\" target=\"_blank\" rel=\"noopener noreferrer\">Wie wir gestern geschrieben haben<\/a>Die Opposition Jobbik sagte, sie unterst\u00fctze die Lohnforderungen der Gewerkschaft des \u00f6ffentlichen Sektors (MKKSZ).<\/p>\n<p><em>Foto: MTI<\/em><\/p>\n","protected":false},"excerpt":{"rendered":"<p>\u00dcber 5.000 Menschen arbeiten in Der \u00f6ffentliche Sektor f\u00fchrte einen 2-st\u00fcndigen Streik durch Am Montagmorgen forderte Erzs\u00e9bet Boros, Gewerkschaftsleiter MKKSZ, h\u00f6here L\u00f6hne, sagte er auf einer Pressekonferenz. Boros stellte fest, dass die Besch\u00e4ftigten in den Kommunen seit 9 Jahren keine Gehaltserh\u00f6hung mehr hatten, und schlug die Einf\u00fchrung von Karrieremodellen vor, nach denen die Gehaltsbasis in [&hellip;]<\/p>\n","protected":false},"author":2,"featured_media":746895,"comment_status":"open","ping_status":"open","sticky":false,"template":"","format":"standard","meta":{"_acf_changed":false,"_display_image":"","footnotes":""},"categories":[1281],"tags":[1657,1104],"class_list":["post-746894","post","type-post","status-publish","format-standard","has-post-thumbnail","hentry","category-geschaft","tag-streik","tag-wirtschaft"],"blocksy_meta":[],"acf":[],"author_username":"alk","telegram_post":"","public_post_metadata":{"breaking_news":"","important":"","csempe":"","center_tile":"","disable_thumbnail":"","target_lang":"","_featured_image_style":"","telegram_post":"","_xlat_group_id":""},"public_rank_math_data":{"title":"%title% %sep% %sitename%","description":"\u00dcber 5.000 im \u00f6ffentlichen Dienst t\u00e4tige Personen haben am Montagmorgen einen 2-st\u00fcndigen Streik abgehalten, in dem h\u00f6here L\u00f6hne in Ungarn-Erzs\u00e9bet Boros gefordert wurden","focus_keyword":"\u00d6ffentlicher Sektor","canonical_url":"","robots":"","primary_category":"1281","breadcrumb_title":"","facebook_title":"","facebook_description":"","facebook_image":"","facebook_image_id":"","twitter_title":"","twitter_description":"","twitter_image":"","twitter_image_id":"","twitter_card_type":"","twitter_use_facebook":"","advanced_robots":"","pillar_content":"","seo_score":"63","contentai_score":"","rich_snippet":""},"_links":{"self":[{"href":"https:\/\/dailynewshungary.com\/de\/wp-json\/wp\/v2\/posts\/746894","targetHints":{"allow":["GET"]}}],"collection":[{"href":"https:\/\/dailynewshungary.com\/de\/wp-json\/wp\/v2\/posts"}],"about":[{"href":"https:\/\/dailynewshungary.com\/de\/wp-json\/wp\/v2\/types\/post"}],"author":[{"embeddable":true,"href":"https:\/\/dailynewshungary.com\/de\/wp-json\/wp\/v2\/users\/2"}],"replies":[{"embeddable":true,"href":"https:\/\/dailynewshungary.com\/de\/wp-json\/wp\/v2\/comments?post=746894"}],"version-history":[{"count":0,"href":"https:\/\/dailynewshungary.com\/de\/wp-json\/wp\/v2\/posts\/746894\/revisions"}],"wp:featuredmedia":[{"embeddable":true,"href":"https:\/\/dailynewshungary.com\/de\/wp-json\/wp\/v2\/media\/746895"}],"wp:attachment":[{"href":"https:\/\/dailynewshungary.com\/de\/wp-json\/wp\/v2\/media?parent=746894"}],"wp:term":[{"taxonomy":"category","embeddable":true,"href":"https:\/\/dailynewshungary.com\/de\/wp-json\/wp\/v2\/categories?post=746894"},{"taxonomy":"post_tag","embeddable":true,"href":"https:\/\/dailynewshungary.com\/de\/wp-json\/wp\/v2\/tags?post=746894"}],"curies":[{"name":"wp","href":"https:\/\/api.w.org\/{rel}","templated":true}]}}