{"id":747136,"date":"2017-07-08T14:30:59","date_gmt":"2017-07-08T12:30:59","guid":{"rendered":"https:\/\/dailynewshungary.com\/de\/orban-verspricht-politische-rechtliche-gewalt-gegen-befurworter-der-migration-einzusetzen\/"},"modified":"2017-07-08T14:30:59","modified_gmt":"2017-07-08T12:30:59","slug":"orban-verspricht-politische-rechtliche-gewalt-gegen-befurworter-der-migration-einzusetzen","status":"publish","type":"post","link":"https:\/\/dailynewshungary.com\/de\/orban-verspricht-politische-rechtliche-gewalt-gegen-befurworter-der-migration-einzusetzen\/","title":{"rendered":"Orb\u00e1n verspricht, \u201epolitische, rechtliche Gewalt\u2019 gegen Bef\u00fcrworter der Migration einzusetzen"},"content":{"rendered":"<p><strong>Die Regierung werde \u201cdie politische und rechtliche Kraft des ungarischen Staates\u201d gegen jeden einsetzen, der die Sicherheit des Landes durch die F\u00f6rderung illegaler Migration zu gef\u00e4hrden versucht, ohne R\u00fccksicht auf deren \u201cHerkunft, Religionszugeh\u00f6rigkeit oder Finanzstatus\u201d, die <a href=\"https:\/\/dailynewshungary.com\/de\/der-grose-britische-zuguberfall-wie-eine-15-kopfige-bande-1963-26-millionen-pfund-stahl\/\" target=\"_blank\" rel=\"noopener noreferrer\">Ministerpr\u00e4sident Viktor Orb\u00e1n<\/a> Sagte in einem Brief an den Chef des ungarischen j\u00fcdischen Verbandes Mazsihisz.<\/strong><\/p>\n<p>In seinem Brief, den das Presseb\u00fcro des Premierministers am Freitag an MTI schickte, verwies Orb\u00e1n auf a <a href=\"https:\/\/dailynewshungary.com\/de\/judischer-verband-fordert-orban-auf-soros-plakatkampagne-fallen-zu-lassen-aktualisierung\/\" target=\"_blank\" rel=\"noopener noreferrer\">J\u00fcngster Anruf von Mazsihisz<\/a> Dass die Regierung eine Plakatkampagne fallen lassen sollte, die den US-Finanzier George Soros darstellt, und sagte, dass Soros daran arbeite, \u201eseinen Reichtum, seine Macht, seinen Einfluss und das von ihm finanzierte Netzwerk von NGOs zu nutzen, um Millionen von Migranten in der Europ\u00e4ischen Union anzusiedeln\u201c\u201d.<\/p>\n<p>\u201cWir werden unsere Heimat, die Sicherheit unserer Familien und des Alltagslebens, unsere Errungenschaften und Kultur sch\u00fctzen\u201d, sagte der Premierminister und f\u00fcgte hinzu, dass \u201cnur die Ungarn entscheiden sollten, mit wem sie zusammenleben wollen\u201d.<\/p>\n<p>Er bestand darauf, dass \u201edie \u00fcberwiegende Mehrheit der Ungarn einstimmig zustimmte, dass die Zukunft Ungarns und der Europ\u00e4ischen Union von der Reaktion auf das Problem der illegalen Migration abh\u00e4ngt\u201cund f\u00fcgte hinzu, dass \u201edie h\u00e4ufigen Terroranschl\u00e4ge und Gewalt insbesondere Auswirkungen auf die europ\u00e4ische j\u00fcdische Gemeinschaft haben.\u201c\u201d.<\/p>\n<p>\u201cAls Premierminister ist es meine Pflicht, Ungarn und seine B\u00fcrger zu sch\u00fctzen\u201d, sagte Orb\u00e1n und f\u00fcgte hinzu, dass Ungarns j\u00fcdische Gemeinde immer auf den Schutz der Regierung angewiesen sein k\u00f6nne.<\/p>\n","protected":false},"excerpt":{"rendered":"<p>Die Regierung werde \u201cdie politische und rechtliche Kraft des ungarischen Staates\u201d gegen jeden einsetzen, der die Sicherheit des Landes durch die F\u00f6rderung illegaler Migration zu gef\u00e4hrden versucht, ohne R\u00fccksicht auf deren \u201cHerkunft, Religionszugeh\u00f6rigkeit oder Finanzstatus\u201d, die Ministerpr\u00e4sident Viktor Orb\u00e1n Sagte in einem Brief an den Chef des ungarischen j\u00fcdischen Verbandes Mazsihisz. In seinem Brief, den [&hellip;]<\/p>\n","protected":false},"author":2,"featured_media":747137,"comment_status":"open","ping_status":"open","sticky":false,"template":"","format":"standard","meta":{"_acf_changed":false,"_display_image":"","footnotes":""},"categories":[1081],"tags":[1082,1134,1157,1128],"class_list":["post-747136","post","type-post","status-publish","format-standard","has-post-thumbnail","hentry","category-politik","tag-europaische-union","tag-religion","tag-vereinigte-staaten","tag-viktor-orban"],"blocksy_meta":[],"acf":[],"author_username":"alk","telegram_post":"","public_post_metadata":{"breaking_news":"","important":"","csempe":"","center_tile":"","disable_thumbnail":"","target_lang":"","_featured_image_style":"","telegram_post":"","_xlat_group_id":""},"public_rank_math_data":{"title":"%title% %sep% %sitename%","description":"Orb\u00e1n verwies auf einen k\u00fcrzlichen Aufruf von Mazsihisz, dass die Regierung eine Plakatkampagne mit dem US-Finanzier George Soros aufgeben sollte.","focus_keyword":"Orb\u00e1n","canonical_url":"","robots":"","primary_category":"1081","breadcrumb_title":"","facebook_title":"","facebook_description":"","facebook_image":"","facebook_image_id":"","twitter_title":"","twitter_description":"","twitter_image":"","twitter_image_id":"","twitter_card_type":"","twitter_use_facebook":"","advanced_robots":"","pillar_content":"","seo_score":"62","contentai_score":"","rich_snippet":""},"_links":{"self":[{"href":"https:\/\/dailynewshungary.com\/de\/wp-json\/wp\/v2\/posts\/747136","targetHints":{"allow":["GET"]}}],"collection":[{"href":"https:\/\/dailynewshungary.com\/de\/wp-json\/wp\/v2\/posts"}],"about":[{"href":"https:\/\/dailynewshungary.com\/de\/wp-json\/wp\/v2\/types\/post"}],"author":[{"embeddable":true,"href":"https:\/\/dailynewshungary.com\/de\/wp-json\/wp\/v2\/users\/2"}],"replies":[{"embeddable":true,"href":"https:\/\/dailynewshungary.com\/de\/wp-json\/wp\/v2\/comments?post=747136"}],"version-history":[{"count":0,"href":"https:\/\/dailynewshungary.com\/de\/wp-json\/wp\/v2\/posts\/747136\/revisions"}],"wp:featuredmedia":[{"embeddable":true,"href":"https:\/\/dailynewshungary.com\/de\/wp-json\/wp\/v2\/media\/747137"}],"wp:attachment":[{"href":"https:\/\/dailynewshungary.com\/de\/wp-json\/wp\/v2\/media?parent=747136"}],"wp:term":[{"taxonomy":"category","embeddable":true,"href":"https:\/\/dailynewshungary.com\/de\/wp-json\/wp\/v2\/categories?post=747136"},{"taxonomy":"post_tag","embeddable":true,"href":"https:\/\/dailynewshungary.com\/de\/wp-json\/wp\/v2\/tags?post=747136"}],"curies":[{"name":"wp","href":"https:\/\/api.w.org\/{rel}","templated":true}]}}