{"id":747193,"date":"2017-07-06T15:20:29","date_gmt":"2017-07-06T13:20:29","guid":{"rendered":"https:\/\/dailynewshungary.com\/de\/judischer-verband-fordert-orban-auf-soros-plakatkampagne-fallen-zu-lassen-aktualisierung\/"},"modified":"2017-07-06T15:20:29","modified_gmt":"2017-07-06T13:20:29","slug":"judischer-verband-fordert-orban-auf-soros-plakatkampagne-fallen-zu-lassen-aktualisierung","status":"publish","type":"post","link":"https:\/\/dailynewshungary.com\/de\/judischer-verband-fordert-orban-auf-soros-plakatkampagne-fallen-zu-lassen-aktualisierung\/","title":{"rendered":"J\u00fcdischer Verband fordert Orb\u00e1n auf, Soros Plakatkampagne fallen zu lassen \u2013 AKTUALISIERUNG"},"content":{"rendered":"<p><strong>Der Leiter des Bundes J\u00fcdischer Gemeinden in Ungarn (Mazsihisz) hat dazu aufgerufen <a href=\"https:\/\/dailynewshungary.com\/de\/der-grose-britische-zuguberfall-wie-eine-15-kopfige-bande-1963-26-millionen-pfund-stahl\/\" target=\"_blank\" rel=\"noopener noreferrer\">Ministerpr\u00e4sident Viktor Orb\u00e1n<\/a> j\u00fcngsten Plakatkampagne der Regierung, die den US-Finanzier George Soros darstellt, ein Ende zu setzen.<\/strong><\/p>\n<p>Obwohl die Kampagne \u201enicht offen antisemitisch\u201cist, sei sie in der Lage, antisemitische Gef\u00fchle in den Menschen zu sch\u00fcren, sagte Andr\u00e1s Heisler am Donnerstag in einer Erkl\u00e4rung.<\/p>\n<p>Mit Bezug auf das j\u00fcngste Auftauchen antisemitischer Graffiti auf einigen Plakatw\u00e4nden in Budapest sagte Heisler, Mazsihisz\u2018Bef\u00fcrchtungen seien nicht unbegr\u00fcndet.<\/p>\n<p>Er sagte, die Mitglieder der Regierung h\u00e4tten \u201ceine historische Verantwortung, die Ausbreitung von Hass und Spaltung zu verhindern\u201d in Ungarn.<\/p>\n<p>\u201cIch bitte Sie, aktiv zu werden, damit dieser Albtraum so schnell wie m\u00f6glich ein Ende haben kann\u201d, schrieb Heisler.<\/p>\n<p>Fr\u00fcher am Tag sagte Istv\u00e1n Hollik, ein Abgeordneter der mitregierenden Christdemokraten, auf einer Pressekonferenz, dass die Regierung keine Toleranz gegen\u00fcber Antisemitismus habe.<\/p>\n<p>Auf die Bitte, sich zu einem fr\u00fcheren Brief Heislers zu \u00e4u\u00dfern, in dem er warnte, dass die Kampagne antisemitische Gef\u00fchle sch\u00fcren k\u00f6nnte, sagte Hollik, der Grund, warum die Regierung gegen illegale Migration gek\u00e4mpft habe, sei, damit sie Ungarn und die j\u00fcdische Gemeinde Ungarns sch\u00fctzen k\u00f6nne. Er f\u00fcgte hinzu, dass Soros hingegen \u201eDruck auf die ungarische Regierung aus\u00fcbt\u201cwegen illegaler Migration. \u201eDaum geht es in der Plakatkampagne\u201d, sagte Hollik.<\/p>\n<p><a href=\"https:\/\/dailynewshungary.com\/de\/orban-trifft-israels-aschkenasischen-oberrabbiner\/\">Wie wir schrieben<\/a>\u201ePremierminister Orb\u00e1n traf heute David Lau, den aschkenasischen Oberrabbiner Israels, zu Gespr\u00e4chen in Budapest.<\/p>\n<p>Bei einer w\u00f6chentlichen Pressekonferenz bestritt Regierungsstellenchef J\u00e1nos L\u00e1z\u00e1r, dass die Plakatkampagne etwas mit der Identit\u00e4t oder Herkunft von Soros zu tun habe. Ziel sei es, auf \u201cdie Gefahr aufmerksam zu machen, die Soros im Zusammenhang mit Migration birgt\u201d, sagte erDie ungarische Regierung sei bereit, alle j\u00fcdischen B\u00fcrger zu sch\u00fctzen und habe Nulltoleranz gegen\u00fcber Antisemitismus erkl\u00e4rt, f\u00fcgte er hinzu.<\/p>\n<p>Premierminister Viktor Orb\u00e1n werde eine schriftliche Antwort an Heisler senden, sagte L\u00e1z\u00e1r.<\/p>\n<p><em>Foto: Daily News Ungarn<\/em><\/p>\n","protected":false},"excerpt":{"rendered":"<p>Der Leiter des Bundes J\u00fcdischer Gemeinden in Ungarn (Mazsihisz) hat dazu aufgerufen Ministerpr\u00e4sident Viktor Orb\u00e1n j\u00fcngsten Plakatkampagne der Regierung, die den US-Finanzier George Soros darstellt, ein Ende zu setzen. Obwohl die Kampagne \u201enicht offen antisemitisch\u201cist, sei sie in der Lage, antisemitische Gef\u00fchle in den Menschen zu sch\u00fcren, sagte Andr\u00e1s Heisler am Donnerstag in einer Erkl\u00e4rung. [&hellip;]<\/p>\n","protected":false},"author":2,"featured_media":747194,"comment_status":"open","ping_status":"open","sticky":false,"template":"","format":"standard","meta":{"_acf_changed":false,"_display_image":"","footnotes":""},"categories":[1081],"tags":[1134,1157,1128],"class_list":["post-747193","post","type-post","status-publish","format-standard","has-post-thumbnail","hentry","category-politik","tag-religion","tag-vereinigte-staaten","tag-viktor-orban"],"blocksy_meta":[],"acf":[],"author_username":"alk","telegram_post":"","public_post_metadata":{"breaking_news":"","important":"","csempe":"","center_tile":"","disable_thumbnail":"","target_lang":"","_featured_image_style":"","telegram_post":"","_xlat_group_id":""},"public_rank_math_data":{"title":"%title% %sep% %sitename%","description":"Der Vorsitzende des Verbandes j\u00fcdischer Gemeinden in Ungarn (Mazsihisz) hat Premierminister Orb\u00e1n aufgefordert, die Plakatkampagne der Regierung zu beenden.","focus_keyword":"Plakatkampagne","canonical_url":"","robots":"","primary_category":"1081","breadcrumb_title":"","facebook_title":"","facebook_description":"","facebook_image":"","facebook_image_id":"","twitter_title":"","twitter_description":"","twitter_image":"","twitter_image_id":"","twitter_card_type":"","twitter_use_facebook":"","advanced_robots":"","pillar_content":"","seo_score":"56","contentai_score":"","rich_snippet":""},"_links":{"self":[{"href":"https:\/\/dailynewshungary.com\/de\/wp-json\/wp\/v2\/posts\/747193","targetHints":{"allow":["GET"]}}],"collection":[{"href":"https:\/\/dailynewshungary.com\/de\/wp-json\/wp\/v2\/posts"}],"about":[{"href":"https:\/\/dailynewshungary.com\/de\/wp-json\/wp\/v2\/types\/post"}],"author":[{"embeddable":true,"href":"https:\/\/dailynewshungary.com\/de\/wp-json\/wp\/v2\/users\/2"}],"replies":[{"embeddable":true,"href":"https:\/\/dailynewshungary.com\/de\/wp-json\/wp\/v2\/comments?post=747193"}],"version-history":[{"count":0,"href":"https:\/\/dailynewshungary.com\/de\/wp-json\/wp\/v2\/posts\/747193\/revisions"}],"wp:featuredmedia":[{"embeddable":true,"href":"https:\/\/dailynewshungary.com\/de\/wp-json\/wp\/v2\/media\/747194"}],"wp:attachment":[{"href":"https:\/\/dailynewshungary.com\/de\/wp-json\/wp\/v2\/media?parent=747193"}],"wp:term":[{"taxonomy":"category","embeddable":true,"href":"https:\/\/dailynewshungary.com\/de\/wp-json\/wp\/v2\/categories?post=747193"},{"taxonomy":"post_tag","embeddable":true,"href":"https:\/\/dailynewshungary.com\/de\/wp-json\/wp\/v2\/tags?post=747193"}],"curies":[{"name":"wp","href":"https:\/\/api.w.org\/{rel}","templated":true}]}}