{"id":747211,"date":"2017-07-05T20:45:02","date_gmt":"2017-07-05T18:45:02","guid":{"rendered":"https:\/\/dailynewshungary.com\/de\/radikale-greifen-schwule-an-roma-werden-zu-gefangnisstrafen-verurteilt\/"},"modified":"2017-07-05T20:45:02","modified_gmt":"2017-07-05T18:45:02","slug":"radikale-greifen-schwule-an-roma-werden-zu-gefangnisstrafen-verurteilt","status":"publish","type":"post","link":"https:\/\/dailynewshungary.com\/de\/radikale-greifen-schwule-an-roma-werden-zu-gefangnisstrafen-verurteilt\/","title":{"rendered":"Radikale greifen Schwule an, Roma werden zu Gef\u00e4ngnisstrafen verurteilt"},"content":{"rendered":"<p><strong><a href=\"https:\/\/dailynewshungary.com\/de\/der-grose-britische-zuguberfall-wie-eine-15-kopfige-bande-1963-26-millionen-pfund-stahl\/\" target=\"_blank\" rel=\"noopener noreferrer\">Ein Berufungsgericht<\/a> Am Mittwoch wurde gegen einen Mann eine dreij\u00e4hrige Haftstrafe wegen verbaler und k\u00f6rperlicher \u00dcbergriffe auf Teilnehmer verh\u00e4ngt <a href=\"https:\/\/dailynewshungary.com\/de\/der-grose-britische-zuguberfall-wie-eine-15-kopfige-bande-1963-26-millionen-pfund-stahl\/\" target=\"_blank\" rel=\"noopener noreferrer\">Budapest<\/a> Stolzmarsch vor vier Jahren.<\/strong><\/p>\n<p>Vier weitere Angeklagte seien im verbindlichen Urteil zu Bew\u00e4hrungsstrafen verurteilt worden, sagte die Schwulenrechtsgruppe H\u00e1tt\u00e9r T\u00e1rsas\u00e1g gegen\u00fcber MTI.<\/p>\n<p>Am 6. Juli 2013 waren drei M\u00e4nner auf dem Heimweg vom Pride-Event, als ihnen eine Gruppe von 20-30 Radikalen in schwarzen Uniformen den Weg versperrteDie Angreifer riefen \u201cDu bist Schwuchteln, du bist Zigeuner\u201d und verpr\u00fcgelten sie Eine anschlie\u00dfende Untersuchung ergab, dass es sich bei den Angreifern um Mitglieder der Neuen Ungarischen Gardebewegung handelte.<\/p>\n<p>In seinem sekund\u00e4ren Urteil verwarf das Gericht einen Teil des prim\u00e4ren Urteils, in dem es hie\u00df, dass das Singen homophober Parolen zur Meinungsfreiheit geh\u00f6re und daher nicht strafrechtlich verfolgt werden d\u00fcrfe. Das Berufungsgericht sagte jedoch, dass solche Ges\u00e4nge Angst sch\u00fcren k\u00f6nnten und illegal seien.<\/p>\n","protected":false},"excerpt":{"rendered":"<p>Ein Berufungsgericht Am Mittwoch wurde gegen einen Mann eine dreij\u00e4hrige Haftstrafe wegen verbaler und k\u00f6rperlicher \u00dcbergriffe auf Teilnehmer verh\u00e4ngt Budapest Stolzmarsch vor vier Jahren. Vier weitere Angeklagte seien im verbindlichen Urteil zu Bew\u00e4hrungsstrafen verurteilt worden, sagte die Schwulenrechtsgruppe H\u00e1tt\u00e9r T\u00e1rsas\u00e1g gegen\u00fcber MTI. Am 6. Juli 2013 waren drei M\u00e4nner auf dem Heimweg vom Pride-Event, als [&hellip;]<\/p>\n","protected":false},"author":2,"featured_media":747212,"comment_status":"open","ping_status":"open","sticky":false,"template":"","format":"standard","meta":{"_acf_changed":false,"_display_image":"","footnotes":""},"categories":[1098],"tags":[1111,1560,1494,1267,2074],"class_list":["post-747211","post","type-post","status-publish","format-standard","has-post-thumbnail","hentry","category-gesellschaft","tag-budapest","tag-ethnische","tag-hof","tag-rechte","tag-roma"],"blocksy_meta":[],"acf":[],"author_username":"alk","telegram_post":"","public_post_metadata":{"breaking_news":"","important":"","csempe":"","center_tile":"","disable_thumbnail":"","target_lang":"","_featured_image_style":"","telegram_post":"","_xlat_group_id":""},"public_rank_math_data":{"title":"%title% %sep% %sitename%","description":"Ein Berufungsgericht verh\u00e4ngte gegen einen Mann eine dreij\u00e4hrige Haftstrafe wegen verbaler und k\u00f6rperlicher \u00dcbergriffe auf Teilnehmer des Budapest Pride-Marsches vor vier Jahren.","focus_keyword":"Budapest Pride","canonical_url":"","robots":"","primary_category":"1098","breadcrumb_title":"","facebook_title":"","facebook_description":"","facebook_image":"","facebook_image_id":"","twitter_title":"","twitter_description":"","twitter_image":"","twitter_image_id":"","twitter_card_type":"","twitter_use_facebook":"","advanced_robots":"","pillar_content":"","seo_score":"17","contentai_score":"","rich_snippet":""},"_links":{"self":[{"href":"https:\/\/dailynewshungary.com\/de\/wp-json\/wp\/v2\/posts\/747211","targetHints":{"allow":["GET"]}}],"collection":[{"href":"https:\/\/dailynewshungary.com\/de\/wp-json\/wp\/v2\/posts"}],"about":[{"href":"https:\/\/dailynewshungary.com\/de\/wp-json\/wp\/v2\/types\/post"}],"author":[{"embeddable":true,"href":"https:\/\/dailynewshungary.com\/de\/wp-json\/wp\/v2\/users\/2"}],"replies":[{"embeddable":true,"href":"https:\/\/dailynewshungary.com\/de\/wp-json\/wp\/v2\/comments?post=747211"}],"version-history":[{"count":0,"href":"https:\/\/dailynewshungary.com\/de\/wp-json\/wp\/v2\/posts\/747211\/revisions"}],"wp:featuredmedia":[{"embeddable":true,"href":"https:\/\/dailynewshungary.com\/de\/wp-json\/wp\/v2\/media\/747212"}],"wp:attachment":[{"href":"https:\/\/dailynewshungary.com\/de\/wp-json\/wp\/v2\/media?parent=747211"}],"wp:term":[{"taxonomy":"category","embeddable":true,"href":"https:\/\/dailynewshungary.com\/de\/wp-json\/wp\/v2\/categories?post=747211"},{"taxonomy":"post_tag","embeddable":true,"href":"https:\/\/dailynewshungary.com\/de\/wp-json\/wp\/v2\/tags?post=747211"}],"curies":[{"name":"wp","href":"https:\/\/api.w.org\/{rel}","templated":true}]}}