{"id":747236,"date":"2017-07-05T10:36:07","date_gmt":"2017-07-05T08:36:07","guid":{"rendered":"https:\/\/dailynewshungary.com\/de\/visegrad-vier-sind-heute-bedeutungsvoller-als-in-der-vergangenheit-sagt-regierungsbeamter\/"},"modified":"2017-07-05T10:36:07","modified_gmt":"2017-07-05T08:36:07","slug":"visegrad-vier-sind-heute-bedeutungsvoller-als-in-der-vergangenheit-sagt-regierungsbeamter","status":"publish","type":"post","link":"https:\/\/dailynewshungary.com\/de\/visegrad-vier-sind-heute-bedeutungsvoller-als-in-der-vergangenheit-sagt-regierungsbeamter\/","title":{"rendered":"Visegrad Vier sind heute bedeutungsvoller als in der Vergangenheit, sagt Regierungsbeamter"},"content":{"rendered":"<p><strong><a href=\"https:\/\/dailynewshungary.com\/de\/der-grose-britische-zuguberfall-wie-eine-15-kopfige-bande-1963-26-millionen-pfund-stahl\/\" target=\"_blank\" rel=\"noopener noreferrer\">Die Visegrad-Vier<\/a> Zusammenarbeit sei \u201cjetzt viel sinnvoller\u201d als in der Vergangenheit, sagte ein Beamter des Justizministeriums bei einer Veranstaltung anl\u00e4sslich der \u00dcbernahme des rotierenden Vorsitzes der V4-Gruppe durch Ungarn am Dienstag in Wien.<\/strong><\/p>\n<p>Die V4-Allianz zeigt die Zusammenarbeit mit<a href=\"https:\/\/dailynewshungary.com\/de\/der-grose-britische-zuguberfall-wie-eine-15-kopfige-bande-1963-26-millionen-pfund-stahl\/\" target=\"_blank\" rel=\"noopener noreferrer\"> der Europ\u00e4ischen Union<\/a> und wie wichtig es sei, die unterschiedlichen Bed\u00fcrfnisse der Regionen Europas \u201cnicht mit F\u00fc\u00dfen zu treten\u201d, sagte Justizministerialstaatssekret\u00e4r P\u00e1l V\u00f6lner bei der Veranstaltung gegen\u00fcber MTI.<\/p>\n<p>Obwohl die \u00dcbergabe der Pr\u00e4sidentschaft nur ein \u201eEreignis des Protokolls\u201cist, weil es um die V4 geht, m\u00fcsse ihr geb\u00fchrende Aufmerksamkeit geschenkt werden, sagte V\u00f6lner und argumentierte, dass die V4-L\u00e4nder die Zusammenarbeit ernst nehmen und es als Ehre betrachten, die Pr\u00e4sidentschaft der Gruppe zu \u00fcbernehmen.<\/p>\n<p>V\u00f6lner sagte, der Brexit habe gezeigt, dass der Wille der Nationalstaaten nicht au\u00dfer Kraft gesetzt werden k\u00f6nne, und f\u00fcgte hinzu, dass sowohl die Werte als auch die Interessen der europ\u00e4ischen Nationen ber\u00fccksichtigt werden m\u00fcssten.<\/p>\n","protected":false},"excerpt":{"rendered":"<p>Die Visegrad-Vier Zusammenarbeit sei \u201cjetzt viel sinnvoller\u201d als in der Vergangenheit, sagte ein Beamter des Justizministeriums bei einer Veranstaltung anl\u00e4sslich der \u00dcbernahme des rotierenden Vorsitzes der V4-Gruppe durch Ungarn am Dienstag in Wien. Die V4-Allianz zeigt die Zusammenarbeit mit der Europ\u00e4ischen Union und wie wichtig es sei, die unterschiedlichen Bed\u00fcrfnisse der Regionen Europas \u201cnicht mit [&hellip;]<\/p>\n","protected":false},"author":2,"featured_media":747237,"comment_status":"open","ping_status":"open","sticky":false,"template":"","format":"standard","meta":{"_acf_changed":false,"_display_image":"","footnotes":""},"categories":[1081],"tags":[1082,1129,1923],"class_list":["post-747236","post","type-post","status-publish","format-standard","has-post-thumbnail","hentry","category-politik","tag-europaische-union","tag-osterreich","tag-visegrad-vier"],"blocksy_meta":[],"acf":[],"author_username":"alk","telegram_post":"","public_post_metadata":{"breaking_news":"","important":"","csempe":"","center_tile":"","disable_thumbnail":"","target_lang":"","_featured_image_style":"","telegram_post":"","_xlat_group_id":""},"public_rank_math_data":{"title":"%title% %sep% %sitename%","description":"Die Visegrad-Four-Kooperation sei \"jetzt viel sinnvoller\" als in der Vergangenheit, sagte ein Beamter des Justizministeriums in Wien, \u00d6sterreich.","focus_keyword":"Visegrad Vier","canonical_url":"","robots":"","primary_category":"1081","breadcrumb_title":"","facebook_title":"","facebook_description":"","facebook_image":"","facebook_image_id":"","twitter_title":"","twitter_description":"","twitter_image":"","twitter_image_id":"","twitter_card_type":"","twitter_use_facebook":"","advanced_robots":"","pillar_content":"","seo_score":"59","contentai_score":"","rich_snippet":""},"_links":{"self":[{"href":"https:\/\/dailynewshungary.com\/de\/wp-json\/wp\/v2\/posts\/747236","targetHints":{"allow":["GET"]}}],"collection":[{"href":"https:\/\/dailynewshungary.com\/de\/wp-json\/wp\/v2\/posts"}],"about":[{"href":"https:\/\/dailynewshungary.com\/de\/wp-json\/wp\/v2\/types\/post"}],"author":[{"embeddable":true,"href":"https:\/\/dailynewshungary.com\/de\/wp-json\/wp\/v2\/users\/2"}],"replies":[{"embeddable":true,"href":"https:\/\/dailynewshungary.com\/de\/wp-json\/wp\/v2\/comments?post=747236"}],"version-history":[{"count":0,"href":"https:\/\/dailynewshungary.com\/de\/wp-json\/wp\/v2\/posts\/747236\/revisions"}],"wp:featuredmedia":[{"embeddable":true,"href":"https:\/\/dailynewshungary.com\/de\/wp-json\/wp\/v2\/media\/747237"}],"wp:attachment":[{"href":"https:\/\/dailynewshungary.com\/de\/wp-json\/wp\/v2\/media?parent=747236"}],"wp:term":[{"taxonomy":"category","embeddable":true,"href":"https:\/\/dailynewshungary.com\/de\/wp-json\/wp\/v2\/categories?post=747236"},{"taxonomy":"post_tag","embeddable":true,"href":"https:\/\/dailynewshungary.com\/de\/wp-json\/wp\/v2\/tags?post=747236"}],"curies":[{"name":"wp","href":"https:\/\/api.w.org\/{rel}","templated":true}]}}