{"id":747424,"date":"2017-06-28T12:32:42","date_gmt":"2017-06-28T10:32:42","guid":{"rendered":"https:\/\/dailynewshungary.com\/de\/ungarische-melone-in-den-geschaften-welche-ist-die-beste\/"},"modified":"2017-06-28T12:32:42","modified_gmt":"2017-06-28T10:32:42","slug":"ungarische-melone-in-den-geschaften-welche-ist-die-beste","status":"publish","type":"post","link":"https:\/\/dailynewshungary.com\/de\/ungarische-melone-in-den-geschaften-welche-ist-die-beste\/","title":{"rendered":"Ungarische Melone in den Gesch\u00e4ften \u2013 welche ist die beste?"},"content":{"rendered":"<p><strong>Die Ernte beginnt aufgrund der gro\u00dfen Hitze fr\u00fcher, berichtet privatbankar.hu. Die Ungarische Interprofessionelle Organisation f\u00fcr Obst und Gem\u00fcse (FruitVeb) hat angek\u00fcndigt, dass die Ernte von Wassermelonen in gro\u00dfer Zahl in der ersten Juliwoche beginnen wird, falls das Wetter bis dahin g\u00fcnstig sein wird. Das ist 5-10 Tage fr\u00fcher als im letzten Jahr.<\/strong><\/p>\n<h4>Die Ernte wird in diesem Jahr geringer ausfallen<\/h4>\n<p>G\u00e4rtner pflanzten in diesem Jahr Wassermelonen auf 5-5,2 Tausend Hektar an.Die landwirtschaftliche Nutzfl\u00e4che hat sich seit 2016 um 8-10 Prozent verringert. Den j\u00fcngsten Einsch\u00e4tzungen zufolge betr\u00e4gt die erwartete Erntemenge 200-210 Tonnen, was 10 Prozent weniger ist als die 230 Tonnen des letzten Jahres.<\/p>\n<p>Die meisten G\u00e4rtner, die Wassermelonen anpflanzen, haben erhebliche \u00c4nderungen in Bezug auf Technologie und Art vorgenommen und hoffen daher, dass sie die Kunden bei g\u00fcnstigem Wetter mit hochwertigen Melonen versorgen k\u00f6nnen.<\/p>\n<p>Die Rate der veredelten Melonen ist gewachsen und dominant geworden: Es sind die zwei Drittel der gepflanzten Fr\u00fcchte, Der Hauptvorteil dieser Technologie besteht darin, dass der Schutz vor bestimmten Krankheitserregern unn\u00f6tig wurde, keine Fruchtfolge alle 5-6 Jahre erforderlich ist und aufgrund der gr\u00f6\u00dferen Wurzeln und des Blattwerks die Gefahr einer Verschlechterung viel geringer ist.<\/p>\n<h4>Was suchen wir?<\/h4>\n<p>Der Wassermelonenverbrauch in Ungarn betr\u00e4gt 15-16 kg pro Kopf und Jahr. Kunden suchen normalerweise nach Wassermelonen mittlerer Gr\u00f6\u00dfe, 4-6 kg, da diese leicht zu transportieren und zu k\u00fchlen sind. Die gro\u00dfen Wassermelonen, die schwerer als 8-10 kg sind, wurden in den letzten Jahren schwierig zu verkaufen Die Rate kernloser Wassermelonen w\u00e4chst sowohl im Export als auch im Inland stetig. Was die wachsende Vielfalt betrifft, so traten die Wassermelonen mit Gelbfleischschilden zus\u00e4tzlich zu den Wassermelonen mit Rotfleisch auch in 1-2 Prozent auf.<\/p>\n<p>Der Export startet in der Regel zwischen dem 5-10. Juli und dauert bis Ende August, rund 60-80 Tausend Tonnen der produzierten Wassermelonen sind f\u00fcr den Export pro Jahr bestimmt, Unsere Hauptm\u00e4rkte umfassen Deutschland, Polen, Tschechien und die baltischen Staaten.<\/p>\n<p>Die Saison der Honigtau-Melonen begann dank der Polyethylen-Gew\u00e4chsh\u00e4user bereits Ende Mai. Die Saison dauert bis Ende September. Auf dem 800 Hektar gro\u00dfen Gebiet werden etwa 18-19 Tausend Tonnen Ernte erwartet, davon 90-95 Prozent auf den ungarischen M\u00e4rkten.<\/p>\n<p>Ce: bm<\/p>\n","protected":false},"excerpt":{"rendered":"<p>Die Ernte beginnt aufgrund der gro\u00dfen Hitze fr\u00fcher, berichtet privatbankar.hu. Die Ungarische Interprofessionelle Organisation f\u00fcr Obst und Gem\u00fcse (FruitVeb) hat angek\u00fcndigt, dass die Ernte von Wassermelonen in gro\u00dfer Zahl in der ersten Juliwoche beginnen wird, falls das Wetter bis dahin g\u00fcnstig sein wird. Das ist 5-10 Tage fr\u00fcher als im letzten Jahr. Die Ernte wird [&hellip;]<\/p>\n","protected":false},"author":14,"featured_media":747425,"comment_status":"open","ping_status":"open","sticky":false,"template":"","format":"standard","meta":{"_acf_changed":false,"_display_image":"","footnotes":""},"categories":[1281],"tags":[1475,1175,1089],"class_list":["post-747424","post","type-post","status-publish","format-standard","has-post-thumbnail","hentry","category-geschaft","tag-landwirtschaft","tag-lebensmittel","tag-nutzlich"],"blocksy_meta":[],"acf":[],"author_username":"fegyo.kinga","telegram_post":"","public_post_metadata":{"breaking_news":"","important":"","csempe":"","center_tile":"","disable_thumbnail":"","target_lang":"","_featured_image_style":"","telegram_post":"","_xlat_group_id":""},"public_rank_math_data":{"title":"%title% %sep% %sitename%","description":"Die ungarische Wassermelone ist nicht nur in Ungarn, sondern auch in Deutschland und Polen ein Favorit. Die Ernte beginnt bald, ein paar Tage zuvor.","focus_keyword":"Wassermelone","canonical_url":"","robots":"","primary_category":"1281","breadcrumb_title":"","facebook_title":"","facebook_description":"","facebook_image":"","facebook_image_id":"","twitter_title":"","twitter_description":"","twitter_image":"","twitter_image_id":"","twitter_card_type":"","twitter_use_facebook":"","advanced_robots":"","pillar_content":"","seo_score":"","contentai_score":"","rich_snippet":""},"_links":{"self":[{"href":"https:\/\/dailynewshungary.com\/de\/wp-json\/wp\/v2\/posts\/747424","targetHints":{"allow":["GET"]}}],"collection":[{"href":"https:\/\/dailynewshungary.com\/de\/wp-json\/wp\/v2\/posts"}],"about":[{"href":"https:\/\/dailynewshungary.com\/de\/wp-json\/wp\/v2\/types\/post"}],"author":[{"embeddable":true,"href":"https:\/\/dailynewshungary.com\/de\/wp-json\/wp\/v2\/users\/14"}],"replies":[{"embeddable":true,"href":"https:\/\/dailynewshungary.com\/de\/wp-json\/wp\/v2\/comments?post=747424"}],"version-history":[{"count":0,"href":"https:\/\/dailynewshungary.com\/de\/wp-json\/wp\/v2\/posts\/747424\/revisions"}],"wp:featuredmedia":[{"embeddable":true,"href":"https:\/\/dailynewshungary.com\/de\/wp-json\/wp\/v2\/media\/747425"}],"wp:attachment":[{"href":"https:\/\/dailynewshungary.com\/de\/wp-json\/wp\/v2\/media?parent=747424"}],"wp:term":[{"taxonomy":"category","embeddable":true,"href":"https:\/\/dailynewshungary.com\/de\/wp-json\/wp\/v2\/categories?post=747424"},{"taxonomy":"post_tag","embeddable":true,"href":"https:\/\/dailynewshungary.com\/de\/wp-json\/wp\/v2\/tags?post=747424"}],"curies":[{"name":"wp","href":"https:\/\/api.w.org\/{rel}","templated":true}]}}