{"id":747436,"date":"2017-06-27T22:00:47","date_gmt":"2017-06-27T20:00:47","guid":{"rendered":"https:\/\/dailynewshungary.com\/de\/orban-verurteilt-die-vandalisierung-des-serbischen-friedhofs\/"},"modified":"2017-06-27T22:00:47","modified_gmt":"2017-06-27T20:00:47","slug":"orban-verurteilt-die-vandalisierung-des-serbischen-friedhofs","status":"publish","type":"post","link":"https:\/\/dailynewshungary.com\/de\/orban-verurteilt-die-vandalisierung-des-serbischen-friedhofs\/","title":{"rendered":"Orb\u00e1n verurteilt die Vandalisierung des serbischen Friedhofs"},"content":{"rendered":"<p><strong>Viktor Orb\u00e1n, Ungarns Premierminister, habe die Zerst\u00f6rung von Gr\u00e4bern auf dem serbischen Friedhof in Budakal\u00e1sz n\u00f6rdlich von Budapest verurteilt, sagte der Pressechef des Premierministers.<\/strong><\/p>\n<p>\u201cEs sollten alle m\u00f6glichen Anstrengungen unternommen werden, um sicherzustellen, dass diese inakzeptable Tat keinen Schatten auf die ungarisch-serbische Freundschaft oder die historische Verbesserung der bilateralen Beziehungen in den letzten Jahren wirft\u201d, zitierte Bertalan Havasi Orb\u00e1n.<\/p>\n<p>Der Premierminister habe den Innenminister S\u00e1ndor Pinter angewiesen, sich auf die Untersuchung des Vorfalls, die Aufsp\u00fcrung der T\u00e4ter und ihre Strafverfolgung zu konzentrieren, f\u00fcgte er hinzu.<\/p>\n<p><a href=\"https:\/\/dailynewshungary.com\/de\/die-serbische-minderheitenselbstverwaltung-verurteilt-die-vandalisierung-des-serbischen-friedhofs-in-budakalasz\/\" target=\"_blank\" rel=\"noopener noreferrer\">Wie wir schrieben<\/a>, f\u00fcnfzehn Gr\u00e4ber wurden in den fr\u00fchen Morgenstunden des vergangenen Donnerstags besch\u00e4digt Denkm\u00e4ler und Steinvasen wurden niedergerissen, Krypten ge\u00f6ffnet und ihre Decken zerschlagen.<\/p>\n<p><em>Foto: MTI<\/em><\/p>\n","protected":false},"excerpt":{"rendered":"<p>Viktor Orb\u00e1n, Ungarns Premierminister, habe die Zerst\u00f6rung von Gr\u00e4bern auf dem serbischen Friedhof in Budakal\u00e1sz n\u00f6rdlich von Budapest verurteilt, sagte der Pressechef des Premierministers. \u201cEs sollten alle m\u00f6glichen Anstrengungen unternommen werden, um sicherzustellen, dass diese inakzeptable Tat keinen Schatten auf die ungarisch-serbische Freundschaft oder die historische Verbesserung der bilateralen Beziehungen in den letzten Jahren wirft\u201d, [&hellip;]<\/p>\n","protected":false},"author":2,"featured_media":747437,"comment_status":"open","ping_status":"open","sticky":false,"template":"","format":"standard","meta":{"_acf_changed":false,"_display_image":"","footnotes":""},"categories":[1151],"tags":[3753,1488,1128],"class_list":["post-747436","post","type-post","status-publish","format-standard","has-post-thumbnail","hentry","category-kulturen","tag-ethnie","tag-serbia","tag-viktor-orban"],"blocksy_meta":[],"acf":[],"author_username":"alk","telegram_post":"","public_post_metadata":{"breaking_news":"","important":"","csempe":"","center_tile":"","disable_thumbnail":"","target_lang":"","_featured_image_style":"","telegram_post":"","_xlat_group_id":""},"public_rank_math_data":{"title":"%title% %sep% %sitename%","description":"Viktor Orb\u00e1n, Ungarns Premierminister, hat die Zerst\u00f6rung von Gr\u00e4bern auf dem serbischen Friedhof in Budakal\u00e1sz n\u00f6rdlich von Budapest verurteilt.","focus_keyword":"Serbisch","canonical_url":"","robots":"","primary_category":"1151","breadcrumb_title":"","facebook_title":"","facebook_description":"","facebook_image":"","facebook_image_id":"","twitter_title":"","twitter_description":"","twitter_image":"","twitter_image_id":"","twitter_card_type":"","twitter_use_facebook":"","advanced_robots":"","pillar_content":"","seo_score":"","contentai_score":"","rich_snippet":""},"_links":{"self":[{"href":"https:\/\/dailynewshungary.com\/de\/wp-json\/wp\/v2\/posts\/747436","targetHints":{"allow":["GET"]}}],"collection":[{"href":"https:\/\/dailynewshungary.com\/de\/wp-json\/wp\/v2\/posts"}],"about":[{"href":"https:\/\/dailynewshungary.com\/de\/wp-json\/wp\/v2\/types\/post"}],"author":[{"embeddable":true,"href":"https:\/\/dailynewshungary.com\/de\/wp-json\/wp\/v2\/users\/2"}],"replies":[{"embeddable":true,"href":"https:\/\/dailynewshungary.com\/de\/wp-json\/wp\/v2\/comments?post=747436"}],"version-history":[{"count":0,"href":"https:\/\/dailynewshungary.com\/de\/wp-json\/wp\/v2\/posts\/747436\/revisions"}],"wp:featuredmedia":[{"embeddable":true,"href":"https:\/\/dailynewshungary.com\/de\/wp-json\/wp\/v2\/media\/747437"}],"wp:attachment":[{"href":"https:\/\/dailynewshungary.com\/de\/wp-json\/wp\/v2\/media?parent=747436"}],"wp:term":[{"taxonomy":"category","embeddable":true,"href":"https:\/\/dailynewshungary.com\/de\/wp-json\/wp\/v2\/categories?post=747436"},{"taxonomy":"post_tag","embeddable":true,"href":"https:\/\/dailynewshungary.com\/de\/wp-json\/wp\/v2\/tags?post=747436"}],"curies":[{"name":"wp","href":"https:\/\/api.w.org\/{rel}","templated":true}]}}