{"id":747459,"date":"2017-06-27T11:45:19","date_gmt":"2017-06-27T09:45:19","guid":{"rendered":"https:\/\/dailynewshungary.com\/de\/franzosische-ungarische-regierungen-bereit-die-positionen-der-anderen-kennenzulernen\/"},"modified":"2017-06-27T11:45:19","modified_gmt":"2017-06-27T09:45:19","slug":"franzosische-ungarische-regierungen-bereit-die-positionen-der-anderen-kennenzulernen","status":"publish","type":"post","link":"https:\/\/dailynewshungary.com\/de\/franzosische-ungarische-regierungen-bereit-die-positionen-der-anderen-kennenzulernen\/","title":{"rendered":"Franz\u00f6sische, ungarische Regierungen bereit, die Positionen der anderen kennenzulernen"},"content":{"rendered":"<p><strong>Das Neue <a href=\"https:\/\/dailynewshungary.com\/de\/der-grose-britische-zuguberfall-wie-eine-15-kopfige-bande-1963-26-millionen-pfund-stahl\/\" target=\"_blank\" rel=\"noopener noreferrer\">Franz\u00f6sisch<\/a> Regierung und Ungarns Regierung h\u00e4tten die gegenseitige Absicht, die Positionen der anderen kennenzulernen und einen Dialog zu beginnen, sagte Regierungssprecher Zolt\u00e1n Kov\u00e1cs nach Gespr\u00e4chen mit den Beratern des franz\u00f6sischen Pr\u00e4sidenten Emmanuel Macron am Montag.<\/strong><\/p>\n<p>Der Sprecher stattete Paris einen eint\u00e4gigen Besuch ab, um offizielle Verbindungen zur neuen Regierung und zur franz\u00f6sischen Presse herzustellenDer Besuch ist seit zwei Monaten vorbereitet und <a href=\"https:\/\/dailynewshungary.com\/de\/orban-die-zusammenarbeit-mit-frankreich-soll-auf-gegenseitigem-respekt-basieren\/\" target=\"_blank\" rel=\"noopener noreferrer\">Treffen der Visegrad-Gruppe zwischen den F\u00fchrern der Visegrad-Gruppe und Macron letzte Woche auf einem Gipfeltreffen der Europ\u00e4ischen Union<\/a> Besonders aktuell gemacht, sagte er.<\/p>\n<p>\u201cWenn es gegenseitigen Respekt gibt, dann gibt es eine ernsthafte Chance f\u00fcr einen Dialog, f\u00fcr den es eine Forderung gibt, wie sie von allen ge\u00e4u\u00dfert wird\u201d, sagte er.<\/p>\n<blockquote>\n<p>\u201cDas ist eine neue Entwicklung nach den Vorw\u00fcrfen, Drohungen und Erpressungen der letzten Jahre\u201d, f\u00fcgte er hinzu.<\/p>\n<\/blockquote>\n<p>Kov\u00e1cs stellte fest, dass Macron vor dem EU-Gipfel in einem von acht europ\u00e4ischen Zeitungen ver\u00f6ffentlichten Interview einige \u201eunh\u00f6fliche\u201c\u00c4u\u00dferungen gemacht habe, die die richtige Reaktion der Visegrad Four ausl\u00f6sten. Ungarn ging von der Position aus, dass \u201edie Grundlage f\u00fcr den Dialog gegenseitiger Respekt und ein Verst\u00e4ndnis daf\u00fcr ist, dass unsere Institutionen in bestimmten Fragen unterschiedlicher Meinung sind, aber wir respektieren diese Unterschiede und streben immer noch nach Konsens und den M\u00f6glichkeiten der Zusammenarbeit\u201d, sagte er.<\/p>\n<p>Deutlich wurde es bei Macrons Treffen mit <a href=\"https:\/\/dailynewshungary.com\/de\/der-grose-britische-zuguberfall-wie-eine-15-kopfige-bande-1963-26-millionen-pfund-stahl\/\" target=\"_blank\" rel=\"noopener noreferrer\">Die Visegrad-Vier<\/a>&nbsp;F\u00fchrungskr\u00e4fte, dass, wenn es um konkrete Themen geht, dann \u201ces nicht nur eine Chance f\u00fcr einen richtigen Dialog gibt, sondern auch einen Modus daf\u00fcr und der richtige Ton gefunden werden kann\u201d.<\/p>\n<p>Der Sprecher sagte seinen franz\u00f6sischen Verhandlungspartnern, dass die V4-Zusammenarbeit eine Form biete, die einen Rahmen f\u00fcr k\u00fcnftige Gespr\u00e4che bieten k\u00f6nne.<\/p>\n<p>\u201eDiese L\u00e4ndergruppe unternimmt Anstrengungen, damit ihre Position zu allen Fragen, die die Zukunft Europas betreffen, so behandelt wird, dass sie die gleiche Relevanz hat wie die Meinung jedes westeurop\u00e4ischen Mitgliedsstaats.\u201cf\u00fcgte er hinzu.<\/p>\n","protected":false},"excerpt":{"rendered":"<p>Das Neue Franz\u00f6sisch Regierung und Ungarns Regierung h\u00e4tten die gegenseitige Absicht, die Positionen der anderen kennenzulernen und einen Dialog zu beginnen, sagte Regierungssprecher Zolt\u00e1n Kov\u00e1cs nach Gespr\u00e4chen mit den Beratern des franz\u00f6sischen Pr\u00e4sidenten Emmanuel Macron am Montag. Der Sprecher stattete Paris einen eint\u00e4gigen Besuch ab, um offizielle Verbindungen zur neuen Regierung und zur franz\u00f6sischen Presse [&hellip;]<\/p>\n","protected":false},"author":2,"featured_media":747460,"comment_status":"open","ping_status":"open","sticky":false,"template":"","format":"standard","meta":{"_acf_changed":false,"_display_image":"","footnotes":""},"categories":[1081],"tags":[1082,1249,1923],"class_list":["post-747459","post","type-post","status-publish","format-standard","has-post-thumbnail","hentry","category-politik","tag-europaische-union","tag-frankreich","tag-visegrad-vier"],"blocksy_meta":[],"acf":[],"author_username":"alk","telegram_post":"","public_post_metadata":{"breaking_news":"","important":"","csempe":"","center_tile":"","disable_thumbnail":"","target_lang":"","_featured_image_style":"","telegram_post":"","_xlat_group_id":""},"public_rank_math_data":{"title":"%title% %sep% %sitename%","description":"Die neue franz\u00f6sische Regierung und Ungarns Regierung haben die gegenseitige Absicht, die Positionen der anderen kennenzulernen und einen Dialog zu beginnen, so Regierungssprecher.","focus_keyword":"Franz\u00f6sisch","canonical_url":"","robots":"","primary_category":"1081","breadcrumb_title":"","facebook_title":"","facebook_description":"","facebook_image":"","facebook_image_id":"","twitter_title":"","twitter_description":"","twitter_image":"","twitter_image_id":"","twitter_card_type":"","twitter_use_facebook":"","advanced_robots":"","pillar_content":"","seo_score":"","contentai_score":"","rich_snippet":""},"_links":{"self":[{"href":"https:\/\/dailynewshungary.com\/de\/wp-json\/wp\/v2\/posts\/747459","targetHints":{"allow":["GET"]}}],"collection":[{"href":"https:\/\/dailynewshungary.com\/de\/wp-json\/wp\/v2\/posts"}],"about":[{"href":"https:\/\/dailynewshungary.com\/de\/wp-json\/wp\/v2\/types\/post"}],"author":[{"embeddable":true,"href":"https:\/\/dailynewshungary.com\/de\/wp-json\/wp\/v2\/users\/2"}],"replies":[{"embeddable":true,"href":"https:\/\/dailynewshungary.com\/de\/wp-json\/wp\/v2\/comments?post=747459"}],"version-history":[{"count":0,"href":"https:\/\/dailynewshungary.com\/de\/wp-json\/wp\/v2\/posts\/747459\/revisions"}],"wp:featuredmedia":[{"embeddable":true,"href":"https:\/\/dailynewshungary.com\/de\/wp-json\/wp\/v2\/media\/747460"}],"wp:attachment":[{"href":"https:\/\/dailynewshungary.com\/de\/wp-json\/wp\/v2\/media?parent=747459"}],"wp:term":[{"taxonomy":"category","embeddable":true,"href":"https:\/\/dailynewshungary.com\/de\/wp-json\/wp\/v2\/categories?post=747459"},{"taxonomy":"post_tag","embeddable":true,"href":"https:\/\/dailynewshungary.com\/de\/wp-json\/wp\/v2\/tags?post=747459"}],"curies":[{"name":"wp","href":"https:\/\/api.w.org\/{rel}","templated":true}]}}