{"id":747775,"date":"2017-06-15T23:00:21","date_gmt":"2017-06-15T21:00:21","guid":{"rendered":"https:\/\/dailynewshungary.com\/de\/ungarn-v4-prasidentschaft-konzentriert-sich-auf-vier-themen\/"},"modified":"2017-06-15T23:00:21","modified_gmt":"2017-06-15T21:00:21","slug":"ungarn-v4-prasidentschaft-konzentriert-sich-auf-vier-themen","status":"publish","type":"post","link":"https:\/\/dailynewshungary.com\/de\/ungarn-v4-prasidentschaft-konzentriert-sich-auf-vier-themen\/","title":{"rendered":"Ungarn V4-Pr\u00e4sidentschaft konzentriert sich auf vier Themen"},"content":{"rendered":"<p><strong>Die Regierung plant, sich w\u00e4hrend der ungarischen Regierung auf vier Hauptthemen zu konzentrieren <a href=\"https:\/\/dailynewshungary.com\/de\/der-grose-britische-zuguberfall-wie-eine-15-kopfige-bande-1963-26-millionen-pfund-stahl\/\" target=\"_blank\" rel=\"noopener noreferrer\">Visegrad-Gruppe (V4)<\/a> Die Pr\u00e4sidentschaft soll im Juli beginnen, sagte der Chef des Regierungsb\u00fcros am Donnerstag.<\/strong><\/p>\n<p>Ein geplantes Thema ist eine \u00dcberpr\u00fcfung dessen, was die <a href=\"https:\/\/dailynewshungary.com\/de\/der-grose-britische-zuguberfall-wie-eine-15-kopfige-bande-1963-26-millionen-pfund-stahl\/\" target=\"_blank\" rel=\"noopener noreferrer\">Europ\u00e4ische Union<\/a> Mittel f\u00fcr die V4-Staaten in den kommenden Jahren, sagte L\u00e1z\u00e1r in einer regelm\u00e4\u00dfigen PressekonferenzDie anderen Themen sind regionale Zusammenarbeit, m\u00f6gliche Infrastrukturprojekte, wie die Digitalisierung zur Verbesserung der wirtschaftlichen Wettbewerbsf\u00e4higkeit beitragen kann und welche Rolle die V4-Staaten (Tschechische Republik, Polen, Ungarn und Slowakei) bei der globalen Politikgestaltung spielen k\u00f6nnen.<\/p>\n<p>Die Kabinettssitzung habe die damit verbundenen Pl\u00e4ne \u00fcberpr\u00fcft und ausf\u00fchrlich besprochen, sagte er.<\/p>\n<p>Ungarns V4-Pr\u00e4sidentschaft werde vom 1. Juli bis zum 30. Juni n\u00e4chsten Jahres dauern, f\u00fcgte er hinzu.<\/p>\n<p>Zu einem anderen Thema sagte L\u00e1z\u00e1r, dass Verhandlungen mit der EU \u00fcber die Finanzierung nach 2020 im Gange seien. \u201eUngarn schlie\u00dft eine \u00dcberpr\u00fcfung der Finanzfragen, die das Land betreffen, \u201enicht aus\u201csagte er.<\/p>\n<p>\u201cUngarn ist ein souver\u00e4ner Staat, der mit der EU in einer Partnerschaft kooperiert; er wird seinen Verpflichtungen nachkommen und von seinen Rechten Gebrauch machen, aber keinen Erpressungsversuchen erliegen\u201d Er f\u00fcgte hinzu, dass die ungarische Regierung kein anderes Abkommen als \u201ceines, das den Interessen des Landes dient\u201d akzeptieren w\u00fcrde.<\/p>\n<p>Unterdessen sagte L\u00e1z\u00e1r, bei einer \u00dcberpr\u00fcfung der staatlichen Familienleistungsregelung \u201ccsok\u201d werde beurteilt, ob es Sache des Staates sein sollte, die Finanzierung statt der Gesch\u00e4ftsbanken zu verwalten Schlussfolgerungen werden bis sp\u00e4testens September gezogenEr f\u00fcgte hinzu, dass viele Antragsteller Verfahren als zu komplex und b\u00fcrokratisch empfunden h\u00e4tten, w\u00e4hrend einige Banken statt des staatlichen Plans eigene Produkte beworben h\u00e4tten.<\/p>\n<p>Bez\u00fcglich einer kritischen Reaktion auf Ungarns k\u00fcrzlich verabschiedetes Gesetz \u00fcber zivile Organisationen sagte Lazar, die Regierung \u201eachte\u201cdie Position der US-Botschaft in Budapest \u201erespektiert\u201d und kritische Bemerkungen h\u00e4tten keinen Einfluss auf die bilateralen Beziehungen.<\/p>\n<p>Unter Bezugnahme auf einen Plan der ungarischen Union f\u00fcr b\u00fcrgerliche Freiheiten (TASZ) und der NGOs des ungarischen Helsinki-Komitees, das Gesetz zu boykottieren, sagte L\u00e1z\u00e1r: \u201eUnsere Demokratie ist eine Demokratie und vieles ist m\u00f6glich, wenn man die Konsequenzen tr\u00e4gt.\u201c&#8230; Ungarn ist ein Land, in dem das Gesetz f\u00fcr alle gilt und sich daran halten sollte\u201d.<\/p>\n<p>L\u00e1z\u00e1r wurde zu Presseberichten befragt, denen zufolge \u201cradikale linke Aktivisten\u201d provokative Aktionen planen k\u00f6nnten, um bei k\u00fcnftigen Demonstrationen Polizeigewalt hervorzurufen L\u00e1z\u00e1r antwortete, dass er darauf vertraue, dass die Polizei solche Vorkommnisse geordnet und selbstdiszipliniert handhaben werdeEr sagte, er erwarte provokative Entwicklungen in einem \u201crohen\u201d Wahlkampf ab September, aber die Polizei garantiere \u201ceine n\u00fcchterne und gesetzestreue Haltung\u201d.<\/p>\n<p><em>Bild von orientpress.hu<\/em><\/p>\n","protected":false},"excerpt":{"rendered":"<p>Die Regierung plant, sich w\u00e4hrend der ungarischen Regierung auf vier Hauptthemen zu konzentrieren Visegrad-Gruppe (V4) Die Pr\u00e4sidentschaft soll im Juli beginnen, sagte der Chef des Regierungsb\u00fcros am Donnerstag. Ein geplantes Thema ist eine \u00dcberpr\u00fcfung dessen, was die Europ\u00e4ische Union Mittel f\u00fcr die V4-Staaten in den kommenden Jahren, sagte L\u00e1z\u00e1r in einer regelm\u00e4\u00dfigen PressekonferenzDie anderen Themen [&hellip;]<\/p>\n","protected":false},"author":2,"featured_media":747776,"comment_status":"open","ping_status":"open","sticky":false,"template":"","format":"standard","meta":{"_acf_changed":false,"_display_image":"","footnotes":""},"categories":[1081],"tags":[1082,1923],"class_list":["post-747775","post","type-post","status-publish","format-standard","has-post-thumbnail","hentry","category-politik","tag-europaische-union","tag-visegrad-vier"],"blocksy_meta":[],"acf":[],"author_username":"alk","telegram_post":"","public_post_metadata":{"breaking_news":"","important":"","csempe":"","center_tile":"","disable_thumbnail":"","target_lang":"","_featured_image_style":"","telegram_post":"","_xlat_group_id":""},"public_rank_math_data":{"title":"%title% %sep% %sitename%","description":"Die Regierung plant, sich w\u00e4hrend der Pr\u00e4sidentschaft der ungarischen Visegrad-Gruppe (V4), die im Juli beginnen soll, auf vier Hauptthemen zu konzentrieren, sagte der Chef des Regierungsb\u00fcros.","focus_keyword":"Visegrad-gruppe","canonical_url":"","robots":"","primary_category":"1081","breadcrumb_title":"","facebook_title":"","facebook_description":"","facebook_image":"","facebook_image_id":"","twitter_title":"","twitter_description":"","twitter_image":"","twitter_image_id":"","twitter_card_type":"","twitter_use_facebook":"","advanced_robots":"","pillar_content":"","seo_score":"20","contentai_score":"","rich_snippet":""},"_links":{"self":[{"href":"https:\/\/dailynewshungary.com\/de\/wp-json\/wp\/v2\/posts\/747775","targetHints":{"allow":["GET"]}}],"collection":[{"href":"https:\/\/dailynewshungary.com\/de\/wp-json\/wp\/v2\/posts"}],"about":[{"href":"https:\/\/dailynewshungary.com\/de\/wp-json\/wp\/v2\/types\/post"}],"author":[{"embeddable":true,"href":"https:\/\/dailynewshungary.com\/de\/wp-json\/wp\/v2\/users\/2"}],"replies":[{"embeddable":true,"href":"https:\/\/dailynewshungary.com\/de\/wp-json\/wp\/v2\/comments?post=747775"}],"version-history":[{"count":0,"href":"https:\/\/dailynewshungary.com\/de\/wp-json\/wp\/v2\/posts\/747775\/revisions"}],"wp:featuredmedia":[{"embeddable":true,"href":"https:\/\/dailynewshungary.com\/de\/wp-json\/wp\/v2\/media\/747776"}],"wp:attachment":[{"href":"https:\/\/dailynewshungary.com\/de\/wp-json\/wp\/v2\/media?parent=747775"}],"wp:term":[{"taxonomy":"category","embeddable":true,"href":"https:\/\/dailynewshungary.com\/de\/wp-json\/wp\/v2\/categories?post=747775"},{"taxonomy":"post_tag","embeddable":true,"href":"https:\/\/dailynewshungary.com\/de\/wp-json\/wp\/v2\/tags?post=747775"}],"curies":[{"name":"wp","href":"https:\/\/api.w.org\/{rel}","templated":true}]}}