{"id":747789,"date":"2017-06-15T17:00:29","date_gmt":"2017-06-15T15:00:29","guid":{"rendered":"https:\/\/dailynewshungary.com\/de\/das-berufungsgericht-szeged-weist-das-erstinstanzliche-urteil-fur-syrer-ab-die-an-grenzubertrittsunruhen-beteiligt-waren\/"},"modified":"2017-06-15T17:00:29","modified_gmt":"2017-06-15T15:00:29","slug":"das-berufungsgericht-szeged-weist-das-erstinstanzliche-urteil-fur-syrer-ab-die-an-grenzubertrittsunruhen-beteiligt-waren","status":"publish","type":"post","link":"https:\/\/dailynewshungary.com\/de\/das-berufungsgericht-szeged-weist-das-erstinstanzliche-urteil-fur-syrer-ab-die-an-grenzubertrittsunruhen-beteiligt-waren\/","title":{"rendered":"Das Berufungsgericht Szeged weist das erstinstanzliche Urteil f\u00fcr Syrer ab, die an Grenz\u00fcbertrittsunruhen beteiligt waren"},"content":{"rendered":"<p><strong>Ein Berufungsgericht in Szeged wies am Donnerstag das erstinstanzliche Urteil gegen einen Syrer ab, der wegen verurteilt wurde<a href=\"https:\/\/dailynewshungary.com\/de\/der-grose-britische-zuguberfall-wie-eine-15-kopfige-bande-1963-26-millionen-pfund-stahl\/\" target=\"_blank\" rel=\"noopener noreferrer\"> Terrorismus<\/a> Anklagen wegen seiner Rolle in <a href=\"https:\/\/dailynewshungary.com\/de\/migranten-auf-serbischer-seite-versuchen-die-grenze-mit-gewalt-zu-uberqueren-aktualisieren-video-fotos\/\" target=\"_blank\" rel=\"noopener noreferrer\">Ein Aufstand von Migranten am ungarischen Grenz\u00fcbergang R\u00f6szke zu Serbien im Herbst 2015<\/a>. Das Berufungsgericht hat ein neues Verfahren angeordnet.<\/strong><\/p>\n<p>https:\/\/www.youtube.com\/watch?v=9Y2Ci4bajD0<\/p>\n<p>Im Vorurteil eines Gerichts in Szeged vom November 2016 wurde Ahmed H wegen terroristischer Aktivit\u00e4ten im Zusammenhang mit illegalem Grenz\u00fcbertritt sowie Anstiftung zu Gewalt im Zusammenhang mit einem Aufstand zu zehn Jahren Gef\u00e4ngnis verurteilt.<\/p>\n<p>Auch das Gericht in S\u00fcdungarn entschied, dass vor der endg\u00fcltigen Ausweisung mindestens zwei Drittel seiner Amtszeit verb\u00fc\u00dft werden m\u00fcssen.<\/p>\n<p>Im Rahmen seiner Verurteilung wurde Ahmed H. verurteilt, weil er Migranten, die Steine auf die Polizei an der ungarischen Grenze warfen, mit einem Megaphon geleitet hatte.<\/p>\n<p>Die Staatsanwaltschaft beantragte eine l\u00e4ngere Haftstrafe, w\u00e4hrend die Verteidigung eine Abweisung der Terrorismusvorw\u00fcrfe und eine Strafmilderung f\u00fcr die anderen Anklagepunkte forderte.<\/p>\n<p>Richter Erik Mez oflaki sagte in seiner Begr\u00fcndung, das erstinstanzliche Gericht solle die ihm vorgelegten Beweismittel sowohl einzeln als auch insgesamt \u00fcberpr\u00fcfen und abw\u00e4gen, Stattdessen habe das Gericht sein Urteil gef\u00e4llt, ohne die Grundlage f\u00fcr die Pr\u00fcfung oder Abweisung der einzelnen Beweismittel zu kl\u00e4ren, sagte Mez oflakiDie Beweismittel und Argumente, auf die es sein Urteil st\u00fctzte, seien ebenfalls nicht klargestellt worden, f\u00fcgte er hinzuDer Richter sagte, dieser Fehler des erstinstanzlichen Gerichts habe sich grundlegend auf die rechtliche Qualifikation des Vorgehens des Angeklagten ausgewirkt.<\/p>\n<p>Nach dem Urteil sagte der Chef des Regierungsb\u00fcros, die Einmischung von au\u00dfen in den Fall sei ein Hinweis auf den europ\u00e4ischen \u201cDruck\u201d auf Ungarn. J\u00e1nos L\u00e1z\u00e1r verwies auf Ahmed H. als \u201ceinen angeblichen politischen Fl\u00fcchtling mit sieben P\u00e4ssen und einer Villa auf Zypern\u201d und bestand darauf, dass die Linke im Europ\u00e4ischen Parlament \u201cauf die Seite\u201d des Angeklagten getreten sei, ihn \u201cauf ein Podest gestellt und als idealen Fl\u00fcchtling dargestellt habe\u201d Er wies auch darauf hin, dass das erstinstanzliche Urteil in einer aktuellen Entschlie\u00dfung des EP als Kritikpunkt an der ungarischen Regierung angef\u00fchrt wurde.<\/p>\n<p>P\u00e9ter Szijj\u00e1rt\u00f3, der ungarische Au\u00dfenminister, sagte Ende Mai dieses Jahres, dass die ungarische Regierung an internationale Organisationen appellieren werde, sich gegen eine aktuelle Resolution des Europ\u00e4ischen Parlaments zu wenden, die den Mann unter ihren Schutz stellt. \u201eDas EP, sagte er, \u201enahm Partei f\u00fcr einen Terroristen und nicht f\u00fcr Ungarn und seine Polizei, die angegriffen worden waren.\u201cund f\u00fcgte hinzu, dass die Regierung ihren Appell an die Vereinten Nationen, den Europarat, die OSZE und die NATO richten werde.<\/p>\n<p>Im Dezember letzten Jahres gab das US-Au\u00dfenministerium eine Erkl\u00e4rung heraus, in der es seine Besorgnis \u00fcber die \u201cVerfolgung und Verurteilung von Ahmed Hamed in Ungarn auf der Grundlage einer weiten Auslegung dessen, was &#8216;Terrorismus&#8217; ausmacht\u201d zum Ausdruck brachte. Es forderte die ungarische Regierung auf, \u201ceine transparente Untersuchung durchzuf\u00fchren, mit Beitr\u00e4gen unabh\u00e4ngiger zivilgesellschaftlicher Gruppen\u201d<\/p>\n<p>Amnesty International begr\u00fc\u00dfte das Urteil des Berufungsgerichts in einer Erkl\u00e4rung und bezeichnete es als \u201ceinen wichtigen Schritt in Richtung Gerechtigkeit\u201d f\u00fcr Ahmed H.<\/p>\n","protected":false},"excerpt":{"rendered":"<p>Ein Berufungsgericht in Szeged wies am Donnerstag das erstinstanzliche Urteil gegen einen Syrer ab, der wegen verurteilt wurde Terrorismus Anklagen wegen seiner Rolle in Ein Aufstand von Migranten am ungarischen Grenz\u00fcbergang R\u00f6szke zu Serbien im Herbst 2015. Das Berufungsgericht hat ein neues Verfahren angeordnet. https:\/\/www.youtube.com\/watch?v=9Y2Ci4bajD0 Im Vorurteil eines Gerichts in Szeged vom November 2016 wurde [&hellip;]<\/p>\n","protected":false},"author":2,"featured_media":747790,"comment_status":"open","ping_status":"open","sticky":false,"template":"","format":"standard","meta":{"_acf_changed":false,"_display_image":"","footnotes":""},"categories":[1098],"tags":[1326,1445,1580,1236,1267,1299,1386,1543,1076,1157],"class_list":["post-747789","post","type-post","status-publish","format-standard","has-post-thumbnail","hentry","category-gesellschaft","tag-gericht","tag-migration","tag-naher-osten","tag-polizei","tag-rechte","tag-schengen","tag-szeged","tag-terrorismus","tag-ungarn","tag-vereinigte-staaten"],"blocksy_meta":[],"acf":[],"author_username":"alk","telegram_post":"","public_post_metadata":{"breaking_news":"","important":"","csempe":"","center_tile":"","disable_thumbnail":"","target_lang":"","_featured_image_style":"","telegram_post":"","_xlat_group_id":""},"public_rank_math_data":{"title":"%title% %sep% %sitename%","description":"Ein Berufungsgericht in Szeged wies am Donnerstag das erstinstanzliche Urteil gegen einen wegen Terrorismusvorw\u00fcrfen verurteilten Syrer ab","focus_keyword":"Gericht","canonical_url":"","robots":"","primary_category":"1098","breadcrumb_title":"","facebook_title":"","facebook_description":"","facebook_image":"","facebook_image_id":"","twitter_title":"","twitter_description":"","twitter_image":"","twitter_image_id":"","twitter_card_type":"","twitter_use_facebook":"","advanced_robots":"","pillar_content":"","seo_score":"63","contentai_score":"","rich_snippet":""},"_links":{"self":[{"href":"https:\/\/dailynewshungary.com\/de\/wp-json\/wp\/v2\/posts\/747789","targetHints":{"allow":["GET"]}}],"collection":[{"href":"https:\/\/dailynewshungary.com\/de\/wp-json\/wp\/v2\/posts"}],"about":[{"href":"https:\/\/dailynewshungary.com\/de\/wp-json\/wp\/v2\/types\/post"}],"author":[{"embeddable":true,"href":"https:\/\/dailynewshungary.com\/de\/wp-json\/wp\/v2\/users\/2"}],"replies":[{"embeddable":true,"href":"https:\/\/dailynewshungary.com\/de\/wp-json\/wp\/v2\/comments?post=747789"}],"version-history":[{"count":0,"href":"https:\/\/dailynewshungary.com\/de\/wp-json\/wp\/v2\/posts\/747789\/revisions"}],"wp:featuredmedia":[{"embeddable":true,"href":"https:\/\/dailynewshungary.com\/de\/wp-json\/wp\/v2\/media\/747790"}],"wp:attachment":[{"href":"https:\/\/dailynewshungary.com\/de\/wp-json\/wp\/v2\/media?parent=747789"}],"wp:term":[{"taxonomy":"category","embeddable":true,"href":"https:\/\/dailynewshungary.com\/de\/wp-json\/wp\/v2\/categories?post=747789"},{"taxonomy":"post_tag","embeddable":true,"href":"https:\/\/dailynewshungary.com\/de\/wp-json\/wp\/v2\/tags?post=747789"}],"curies":[{"name":"wp","href":"https:\/\/api.w.org\/{rel}","templated":true}]}}