{"id":747879,"date":"2017-06-12T20:00:22","date_gmt":"2017-06-12T18:00:22","guid":{"rendered":"https:\/\/dailynewshungary.com\/de\/v4-lander-sind-sich-einig-dass-entscheidungen-uber-die-umverteilung-von-migranten-vom-europaischen-rat-getroffen-werden-sollten\/"},"modified":"2017-06-12T20:00:22","modified_gmt":"2017-06-12T18:00:22","slug":"v4-lander-sind-sich-einig-dass-entscheidungen-uber-die-umverteilung-von-migranten-vom-europaischen-rat-getroffen-werden-sollten","status":"publish","type":"post","link":"https:\/\/dailynewshungary.com\/de\/v4-lander-sind-sich-einig-dass-entscheidungen-uber-die-umverteilung-von-migranten-vom-europaischen-rat-getroffen-werden-sollten\/","title":{"rendered":"V4-L\u00e4nder sind sich einig, dass Entscheidungen \u00fcber die Umverteilung von Migranten vom Europ\u00e4ischen Rat getroffen werden sollten"},"content":{"rendered":"<p><strong>Die Innenminister der <a href=\"https:\/\/dailynewshungary.com\/de\/der-grose-britische-zuguberfall-wie-eine-15-kopfige-bande-1963-26-millionen-pfund-stahl\/\" target=\"_blank\" rel=\"noopener noreferrer\">Visegrad 4 (V4)-L\u00e4nder (Polen, Slowakei, Tschechische Republik und Ungarn)<\/a> Am Montag eine gemeinsame Erkl\u00e4rung gebilligt, in der er dr\u00e4ngt <a href=\"https:\/\/dailynewshungary.com\/de\/der-grose-britische-zuguberfall-wie-eine-15-kopfige-bande-1963-26-millionen-pfund-stahl\/\" target=\"_blank\" rel=\"noopener noreferrer\">der Europ\u00e4ischen Union<\/a> dass Entscheidungen \u00fcber die Umverteilung von Migranten einstimmig vom Europ\u00e4ischen Rat und nicht auf Ministerebene getroffen werden sollten.<\/strong><\/p>\n<p>Nach einem Treffen in Warschau sagte S\u00e1ndor Pinter, Ungarns Innenminister, dass \u201edie Stimme der Visegrad-L\u00e4nder innerhalb der EU immer mehr geh\u00f6rt wird, da der Block bereit ist, sich an die Realit\u00e4t anzupassen als zuvor.\u201cUngarn soll im Juli die rotierende Pr\u00e4sidentschaft \u00fcbernehmen der Visegrad-Gruppe, und die Regierung \u201ewird w\u00e4hrend ihrer Amtszeit als V4-Pr\u00e4sident an unseren gemeinsamen Grunds\u00e4tzen festhalten\u201d, sagte Pinter.<\/p>\n<p>Die Minister schlagen vor, die Entscheidung \u00fcber die Umverteilung von Migranten unter den EU-Mitgliedstaaten in die H\u00e4nde des Europ\u00e4ischen Rates zu legen, des aus den Staats &#8211; und Regierungschefs der Mitgliedstaaten bestehenden GremiumsDie Frage liegt bisher in der Zust\u00e4ndigkeit des Rates der Europ\u00e4ischen Union, der sich aus den Ministern der Mitgliedstaaten zusammensetzt.<\/p>\n<p>Der Europ\u00e4ische Rat beschlie\u00dft \u00fcberwiegend im Konsens, im Gegensatz zum Rat der Europ\u00e4ischen Union \u00fcberwiegend mit qualifizierter MehrheitEin einvernehmlicher Entscheidungsprozess w\u00e4re in einer so heiklen Frage viel w\u00fcnschenswerter, sagte der polnische Innenminister Mariusz Blaszczak der Presse.<\/p>\n<p><em>Foto: orientpress.hu<\/em><\/p>\n","protected":false},"excerpt":{"rendered":"<p>Die Innenminister der Visegrad 4 (V4)-L\u00e4nder (Polen, Slowakei, Tschechische Republik und Ungarn) Am Montag eine gemeinsame Erkl\u00e4rung gebilligt, in der er dr\u00e4ngt der Europ\u00e4ischen Union dass Entscheidungen \u00fcber die Umverteilung von Migranten einstimmig vom Europ\u00e4ischen Rat und nicht auf Ministerebene getroffen werden sollten. Nach einem Treffen in Warschau sagte S\u00e1ndor Pinter, Ungarns Innenminister, dass \u201edie [&hellip;]<\/p>\n","protected":false},"author":2,"featured_media":747880,"comment_status":"open","ping_status":"open","sticky":false,"template":"","format":"standard","meta":{"_acf_changed":false,"_display_image":"","footnotes":""},"categories":[1081],"tags":[1082,2097,1871,1445,1923],"class_list":["post-747879","post","type-post","status-publish","format-standard","has-post-thumbnail","hentry","category-politik","tag-europaische-union","tag-europaischer-gerichtshof-fur-menschenrechte","tag-migrantenquoten","tag-migration","tag-visegrad-vier"],"blocksy_meta":[],"acf":[],"author_username":"alk","telegram_post":"","public_post_metadata":{"breaking_news":"","important":"","csempe":"","center_tile":"","disable_thumbnail":"","target_lang":"","_featured_image_style":"","telegram_post":"","_xlat_group_id":""},"public_rank_math_data":{"title":"%title% %sep% %sitename%","description":"Die Innenminister der Visegrad-4-L\u00e4nder (V4) (Polen, Slowakei, Tschechische Republik und Ungarn) treffen sich in Warschau","focus_keyword":"Visegrad Vier","canonical_url":"","robots":"","primary_category":"1081","breadcrumb_title":"","facebook_title":"","facebook_description":"","facebook_image":"","facebook_image_id":"","twitter_title":"","twitter_description":"","twitter_image":"","twitter_image_id":"","twitter_card_type":"","twitter_use_facebook":"","advanced_robots":"","pillar_content":"","seo_score":"9","contentai_score":"","rich_snippet":""},"_links":{"self":[{"href":"https:\/\/dailynewshungary.com\/de\/wp-json\/wp\/v2\/posts\/747879","targetHints":{"allow":["GET"]}}],"collection":[{"href":"https:\/\/dailynewshungary.com\/de\/wp-json\/wp\/v2\/posts"}],"about":[{"href":"https:\/\/dailynewshungary.com\/de\/wp-json\/wp\/v2\/types\/post"}],"author":[{"embeddable":true,"href":"https:\/\/dailynewshungary.com\/de\/wp-json\/wp\/v2\/users\/2"}],"replies":[{"embeddable":true,"href":"https:\/\/dailynewshungary.com\/de\/wp-json\/wp\/v2\/comments?post=747879"}],"version-history":[{"count":0,"href":"https:\/\/dailynewshungary.com\/de\/wp-json\/wp\/v2\/posts\/747879\/revisions"}],"wp:featuredmedia":[{"embeddable":true,"href":"https:\/\/dailynewshungary.com\/de\/wp-json\/wp\/v2\/media\/747880"}],"wp:attachment":[{"href":"https:\/\/dailynewshungary.com\/de\/wp-json\/wp\/v2\/media?parent=747879"}],"wp:term":[{"taxonomy":"category","embeddable":true,"href":"https:\/\/dailynewshungary.com\/de\/wp-json\/wp\/v2\/categories?post=747879"},{"taxonomy":"post_tag","embeddable":true,"href":"https:\/\/dailynewshungary.com\/de\/wp-json\/wp\/v2\/tags?post=747879"}],"curies":[{"name":"wp","href":"https:\/\/api.w.org\/{rel}","templated":true}]}}