{"id":747907,"date":"2017-06-11T20:55:20","date_gmt":"2017-06-11T18:55:20","guid":{"rendered":"https:\/\/dailynewshungary.com\/de\/kabinett-orban-eu-visumbefreiung-fur-ukraine-durchbruch-fur-ethnische-ungarn-in-transkarpatien\/"},"modified":"2017-06-11T20:55:20","modified_gmt":"2017-06-11T18:55:20","slug":"kabinett-orban-eu-visumbefreiung-fur-ukraine-durchbruch-fur-ethnische-ungarn-in-transkarpatien","status":"publish","type":"post","link":"https:\/\/dailynewshungary.com\/de\/kabinett-orban-eu-visumbefreiung-fur-ukraine-durchbruch-fur-ethnische-ungarn-in-transkarpatien\/","title":{"rendered":"Kabinett Orb\u00e1n: EU-Visumbefreiung f\u00fcr Ukraine-Durchbruch f\u00fcr ethnische Ungarn in Transkarpatien"},"content":{"rendered":"<p><strong>Das System der Europ\u00e4ischen Union zur Befreiung von der Visumpflicht f\u00fcr die Ukraine sei ein gro\u00dfer Durchbruch f\u00fcr ethnische Ungarn in Transkarpatien, da es ihnen erheblich dabei helfen werde, ihre Verbindungen zu Ungarn zu st\u00e4rken, sagte der Staatssekret\u00e4r f\u00fcr ungarische Gemeinschaften im Ausland am Sonntag.<\/strong><\/p>\n<p>\u00c1rp\u00e1d J\u00e1nos Pot\u00e1pi sagte gegen\u00fcber MTI, dass die Befreiung von der Visumpflicht einen Meilenstein in der EU-Integration der Ukraine darstelle, die Ungarn von Anfang an engagiert unterst\u00fctzt habe.<\/p>\n<p>Ungarn geh\u00f6rte zu den ersten L\u00e4ndern, die das EU-Assoziierungsabkommen der Ukraine ratifizierten, und in den letzten Jahren unternahm es eine Reihe von Anstrengungen, um Verz\u00f6gerungen bei der Einf\u00fchrung der Regelung f\u00fcr die Befreiung von der Visumpflicht zu verhindern Aus diesem Grund sei die Tatsache, dass die Regelung gestern Abend in Kraft getreten sei, auch ein Erfolg der ungarischen Regierung, sagte er.<\/p>\n<p>Ungarn habe ein Eigeninteresse an einer demokratischen, politisch und wirtschaftlich starken Ukraine, die die Rechte nationaler Minderheiten respektiereDie Befreiung von der Visumpflicht sei unter diesem Aspekt von entscheidender Bedeutung, sagte er.<\/p>\n<p><em>Foto: MTI\/EPA\/Pavlo Palamarcsuk<\/em><\/p>\n","protected":false},"excerpt":{"rendered":"<p>Das System der Europ\u00e4ischen Union zur Befreiung von der Visumpflicht f\u00fcr die Ukraine sei ein gro\u00dfer Durchbruch f\u00fcr ethnische Ungarn in Transkarpatien, da es ihnen erheblich dabei helfen werde, ihre Verbindungen zu Ungarn zu st\u00e4rken, sagte der Staatssekret\u00e4r f\u00fcr ungarische Gemeinschaften im Ausland am Sonntag. \u00c1rp\u00e1d J\u00e1nos Pot\u00e1pi sagte gegen\u00fcber MTI, dass die Befreiung von [&hellip;]<\/p>\n","protected":false},"author":2,"featured_media":747908,"comment_status":"open","ping_status":"open","sticky":false,"template":"","format":"standard","meta":{"_acf_changed":false,"_display_image":"","footnotes":""},"categories":[1081],"tags":[1082,1299,1092],"class_list":["post-747907","post","type-post","status-publish","format-standard","has-post-thumbnail","hentry","category-politik","tag-europaische-union","tag-schengen","tag-ukraine"],"blocksy_meta":[],"acf":[],"author_username":"alk","telegram_post":"","public_post_metadata":{"breaking_news":"","important":"","csempe":"","center_tile":"","disable_thumbnail":"","target_lang":"","_featured_image_style":"","telegram_post":"","_xlat_group_id":""},"public_rank_math_data":{"title":"%title% %sep% %sitename%","description":"","focus_keyword":"Transkarpatien","canonical_url":"","robots":"","primary_category":"1081","breadcrumb_title":"","facebook_title":"","facebook_description":"","facebook_image":"","facebook_image_id":"","twitter_title":"","twitter_description":"","twitter_image":"","twitter_image_id":"","twitter_card_type":"","twitter_use_facebook":"","advanced_robots":"","pillar_content":"","seo_score":"50","contentai_score":"","rich_snippet":""},"_links":{"self":[{"href":"https:\/\/dailynewshungary.com\/de\/wp-json\/wp\/v2\/posts\/747907","targetHints":{"allow":["GET"]}}],"collection":[{"href":"https:\/\/dailynewshungary.com\/de\/wp-json\/wp\/v2\/posts"}],"about":[{"href":"https:\/\/dailynewshungary.com\/de\/wp-json\/wp\/v2\/types\/post"}],"author":[{"embeddable":true,"href":"https:\/\/dailynewshungary.com\/de\/wp-json\/wp\/v2\/users\/2"}],"replies":[{"embeddable":true,"href":"https:\/\/dailynewshungary.com\/de\/wp-json\/wp\/v2\/comments?post=747907"}],"version-history":[{"count":0,"href":"https:\/\/dailynewshungary.com\/de\/wp-json\/wp\/v2\/posts\/747907\/revisions"}],"wp:featuredmedia":[{"embeddable":true,"href":"https:\/\/dailynewshungary.com\/de\/wp-json\/wp\/v2\/media\/747908"}],"wp:attachment":[{"href":"https:\/\/dailynewshungary.com\/de\/wp-json\/wp\/v2\/media?parent=747907"}],"wp:term":[{"taxonomy":"category","embeddable":true,"href":"https:\/\/dailynewshungary.com\/de\/wp-json\/wp\/v2\/categories?post=747907"},{"taxonomy":"post_tag","embeddable":true,"href":"https:\/\/dailynewshungary.com\/de\/wp-json\/wp\/v2\/tags?post=747907"}],"curies":[{"name":"wp","href":"https:\/\/api.w.org\/{rel}","templated":true}]}}