{"id":747976,"date":"2017-06-09T10:33:34","date_gmt":"2017-06-09T08:33:34","guid":{"rendered":"https:\/\/dailynewshungary.com\/de\/ungarns-mol-ist-bereit-anteile-an-ina-zu-verkaufen\/"},"modified":"2017-06-09T10:33:34","modified_gmt":"2017-06-09T08:33:34","slug":"ungarns-mol-ist-bereit-anteile-an-ina-zu-verkaufen","status":"publish","type":"post","link":"https:\/\/dailynewshungary.com\/de\/ungarns-mol-ist-bereit-anteile-an-ina-zu-verkaufen\/","title":{"rendered":"Ungarns MOL ist bereit, Anteile an INA zu verkaufen?"},"content":{"rendered":"<p><strong>Der ungarische \u00d6l- und Gaskonzern MOL ist bereit, seine Beteiligung am kroatischen Peer INA zu verkaufen, wenn Kroatien ein Angebot f\u00fcr den R\u00fcckkauf macht und beide Seiten einen Deal abschlie\u00dfen k\u00f6nnen, sagte Ungarns stellvertretender Premierminister am sp\u00e4ten Donnerstag gegen\u00fcber dem kroatischen \u00f6ffentlich-rechtlichen Fernsehen HTV.<\/strong><\/p>\n<p>Die mangelnde Stabilit\u00e4t in der kroatischen Regierung stelle jedoch Schwierigkeiten f\u00fcr die L\u00f6sung der Angelegenheit dar, sagte Zsolt Semj\u00e9n.<\/p>\n<p>\u201cUngarn hat einen enormen Wettbewerbsvorteil, da es eine starke und stabile Regierung hat. Dies erm\u00f6glicht es ihm, schnell Gesetze zu erlassen, wenn die wirtschaftliche Situation dies erfordert\u201d, sagte Semj\u00e9n gegen\u00fcber HTV.<\/p>\n<p>Er \u00e4u\u00dferte die Hoffnung, dass Kroatien bald eine stabile Regierung haben werde, mit der Ungarn langfristig eng zusammenarbeiten k\u00f6nne, und dass sich die Ministerpr\u00e4sidenten beider L\u00e4nder in naher Zukunft zu Gespr\u00e4chen zusammensetzen k\u00f6nnten.<\/p>\n<p>MOL h\u00e4lt etwas weniger als die H\u00e4lfte der INA-Aktien, verf\u00fcgt aber \u00fcber Managementrechte am Unternehmen.<\/p>\n<p><em>Foto: mol.hu<\/em><\/p>\n","protected":false},"excerpt":{"rendered":"<p>Der ungarische \u00d6l- und Gaskonzern MOL ist bereit, seine Beteiligung am kroatischen Peer INA zu verkaufen, wenn Kroatien ein Angebot f\u00fcr den R\u00fcckkauf macht und beide Seiten einen Deal abschlie\u00dfen k\u00f6nnen, sagte Ungarns stellvertretender Premierminister am sp\u00e4ten Donnerstag gegen\u00fcber dem kroatischen \u00f6ffentlich-rechtlichen Fernsehen HTV. Die mangelnde Stabilit\u00e4t in der kroatischen Regierung stelle jedoch Schwierigkeiten f\u00fcr [&hellip;]<\/p>\n","protected":false},"author":2,"featured_media":747977,"comment_status":"open","ping_status":"open","sticky":false,"template":"","format":"standard","meta":{"_acf_changed":false,"_display_image":"","footnotes":""},"categories":[1281],"tags":[1199,1206],"class_list":["post-747976","post","type-post","status-publish","format-standard","has-post-thumbnail","hentry","category-geschaft","tag-kroatien","tag-mol"],"blocksy_meta":[],"acf":[],"author_username":"alk","telegram_post":"","public_post_metadata":{"breaking_news":"","important":"","csempe":"","center_tile":"","disable_thumbnail":"","target_lang":"","_featured_image_style":"","telegram_post":"","_xlat_group_id":""},"public_rank_math_data":{"title":"%title% %sep% %sitename%","description":"","focus_keyword":"MOL INA","canonical_url":"","robots":"","primary_category":"1281","breadcrumb_title":"","facebook_title":"","facebook_description":"","facebook_image":"","facebook_image_id":"","twitter_title":"","twitter_description":"","twitter_image":"","twitter_image_id":"","twitter_card_type":"","twitter_use_facebook":"","advanced_robots":"","pillar_content":"","seo_score":"6","contentai_score":"","rich_snippet":""},"_links":{"self":[{"href":"https:\/\/dailynewshungary.com\/de\/wp-json\/wp\/v2\/posts\/747976","targetHints":{"allow":["GET"]}}],"collection":[{"href":"https:\/\/dailynewshungary.com\/de\/wp-json\/wp\/v2\/posts"}],"about":[{"href":"https:\/\/dailynewshungary.com\/de\/wp-json\/wp\/v2\/types\/post"}],"author":[{"embeddable":true,"href":"https:\/\/dailynewshungary.com\/de\/wp-json\/wp\/v2\/users\/2"}],"replies":[{"embeddable":true,"href":"https:\/\/dailynewshungary.com\/de\/wp-json\/wp\/v2\/comments?post=747976"}],"version-history":[{"count":0,"href":"https:\/\/dailynewshungary.com\/de\/wp-json\/wp\/v2\/posts\/747976\/revisions"}],"wp:featuredmedia":[{"embeddable":true,"href":"https:\/\/dailynewshungary.com\/de\/wp-json\/wp\/v2\/media\/747977"}],"wp:attachment":[{"href":"https:\/\/dailynewshungary.com\/de\/wp-json\/wp\/v2\/media?parent=747976"}],"wp:term":[{"taxonomy":"category","embeddable":true,"href":"https:\/\/dailynewshungary.com\/de\/wp-json\/wp\/v2\/categories?post=747976"},{"taxonomy":"post_tag","embeddable":true,"href":"https:\/\/dailynewshungary.com\/de\/wp-json\/wp\/v2\/tags?post=747976"}],"curies":[{"name":"wp","href":"https:\/\/api.w.org\/{rel}","templated":true}]}}