{"id":748008,"date":"2017-06-08T11:56:59","date_gmt":"2017-06-08T09:56:59","guid":{"rendered":"https:\/\/dailynewshungary.com\/de\/ep-resolution-verurteilung-verurteilter-migrant-inakzeptabel-sagt-ungarischer-ausenminister\/"},"modified":"2017-06-08T11:56:59","modified_gmt":"2017-06-08T09:56:59","slug":"ep-resolution-verurteilung-verurteilter-migrant-inakzeptabel-sagt-ungarischer-ausenminister","status":"publish","type":"post","link":"https:\/\/dailynewshungary.com\/de\/ep-resolution-verurteilung-verurteilter-migrant-inakzeptabel-sagt-ungarischer-ausenminister\/","title":{"rendered":"EP-Resolution \u2018Verurteilung\u2019 verurteilter Migrant inakzeptabel, sagt ungarischer Au\u00dfenminister"},"content":{"rendered":"<p><strong>Institutionen der Europ\u00e4ischen Union und internationale Organisationen sollten das Europ\u00e4ische Parlament f\u00fcr eine aktuelle Entschlie\u00dfung verurteilen, in der das Gremium einen Migranten \u201cbekr\u00e4ftigt\u201d hat, der in Ungarn wegen Steinw\u00fcrfen auf die Polizei und \u201cAngriffsf\u00fchrung mit Lautsprecher\u201d am Grenzbahnhof R\u00f6szke verurteilt worden war 2015, sagte der ungarische Au\u00dfenminister am Mittwoch auf einer Pressekonferenz.<\/strong><\/p>\n<p>Er habe Ungarns Diplomaten angewiesen, sich an die Vereinten Nationen, den Europarat, die OSZE und die NATO zu wenden und sie davon zu \u00fcberzeugen, dass sie \u201cdie Rechtfertigung eines Terroristen durch eine europ\u00e4ische Institution aus politischen Gr\u00fcnden eindeutig f\u00fcr inakzeptabel erkl\u00e4ren\u201d sollten, sagte P\u00e9ter Szijj\u00e1rt\u00f3.<\/p>\n<p>Szijj\u00e1rt\u00f3 sagte, die j\u00fcngsten Terroranschl\u00e4ge h\u00e4tten \u201cdeutlich gemacht, dass es den T\u00e4tern nicht nur darum geht, Menschen zu t\u00f6ten, sondern das gesamte Christentum auszul\u00f6schen\u201d und beharrte darauf, dass \u201cwir das nicht zulassen k\u00f6nnen\u201d Szijj\u00e1rt\u00f3 fragte unter Bezugnahme auf den Hintergrund der T\u00e4ter, \u201cwenn sich die, die seit Jahren oder Jahrzehnten hier leben, nicht integrieren k\u00f6nnten, wie k\u00f6nnten wir die 1-1,5 Millionen Menschen integrieren, die k\u00fcrzlich angekommen sind?\u201d<\/p>\n","protected":false},"excerpt":{"rendered":"<p>Institutionen der Europ\u00e4ischen Union und internationale Organisationen sollten das Europ\u00e4ische Parlament f\u00fcr eine aktuelle Entschlie\u00dfung verurteilen, in der das Gremium einen Migranten \u201cbekr\u00e4ftigt\u201d hat, der in Ungarn wegen Steinw\u00fcrfen auf die Polizei und \u201cAngriffsf\u00fchrung mit Lautsprecher\u201d am Grenzbahnhof R\u00f6szke verurteilt worden war 2015, sagte der ungarische Au\u00dfenminister am Mittwoch auf einer Pressekonferenz. Er habe Ungarns [&hellip;]<\/p>\n","protected":false},"author":2,"featured_media":748009,"comment_status":"open","ping_status":"open","sticky":false,"template":"","format":"standard","meta":{"_acf_changed":false,"_display_image":"","footnotes":""},"categories":[1081],"tags":[1470,1082,1871,1445],"class_list":["post-748008","post","type-post","status-publish","format-standard","has-post-thumbnail","hentry","category-politik","tag-ausenministerium-fur-ungarn","tag-europaische-union","tag-migrantenquoten","tag-migration"],"blocksy_meta":[],"acf":[],"author_username":"alk","telegram_post":"","public_post_metadata":{"breaking_news":"","important":"","csempe":"","center_tile":"","disable_thumbnail":"","target_lang":"","_featured_image_style":"","telegram_post":"","_xlat_group_id":""},"public_rank_math_data":{"title":"%title% %sep% %sitename%","description":"","focus_keyword":"Migranten","canonical_url":"","robots":"","primary_category":"1081","breadcrumb_title":"","facebook_title":"","facebook_description":"","facebook_image":"","facebook_image_id":"","twitter_title":"","twitter_description":"","twitter_image":"","twitter_image_id":"","twitter_card_type":"","twitter_use_facebook":"","advanced_robots":"","pillar_content":"","seo_score":"53","contentai_score":"","rich_snippet":""},"_links":{"self":[{"href":"https:\/\/dailynewshungary.com\/de\/wp-json\/wp\/v2\/posts\/748008","targetHints":{"allow":["GET"]}}],"collection":[{"href":"https:\/\/dailynewshungary.com\/de\/wp-json\/wp\/v2\/posts"}],"about":[{"href":"https:\/\/dailynewshungary.com\/de\/wp-json\/wp\/v2\/types\/post"}],"author":[{"embeddable":true,"href":"https:\/\/dailynewshungary.com\/de\/wp-json\/wp\/v2\/users\/2"}],"replies":[{"embeddable":true,"href":"https:\/\/dailynewshungary.com\/de\/wp-json\/wp\/v2\/comments?post=748008"}],"version-history":[{"count":0,"href":"https:\/\/dailynewshungary.com\/de\/wp-json\/wp\/v2\/posts\/748008\/revisions"}],"wp:featuredmedia":[{"embeddable":true,"href":"https:\/\/dailynewshungary.com\/de\/wp-json\/wp\/v2\/media\/748009"}],"wp:attachment":[{"href":"https:\/\/dailynewshungary.com\/de\/wp-json\/wp\/v2\/media?parent=748008"}],"wp:term":[{"taxonomy":"category","embeddable":true,"href":"https:\/\/dailynewshungary.com\/de\/wp-json\/wp\/v2\/categories?post=748008"},{"taxonomy":"post_tag","embeddable":true,"href":"https:\/\/dailynewshungary.com\/de\/wp-json\/wp\/v2\/tags?post=748008"}],"curies":[{"name":"wp","href":"https:\/\/api.w.org\/{rel}","templated":true}]}}