{"id":748179,"date":"2017-06-02T11:00:05","date_gmt":"2017-06-02T09:00:05","guid":{"rendered":"https:\/\/dailynewshungary.com\/de\/interview-mit-pm-orban-soros-netzwerk-in-ungarn-wie-mafia-update\/"},"modified":"2017-06-02T11:00:05","modified_gmt":"2017-06-02T09:00:05","slug":"interview-mit-pm-orban-soros-netzwerk-in-ungarn-wie-mafia-update","status":"publish","type":"post","link":"https:\/\/dailynewshungary.com\/de\/interview-mit-pm-orban-soros-netzwerk-in-ungarn-wie-mafia-update\/","title":{"rendered":"Interview mit PM Orb\u00e1n: Soros\u2019 Netzwerk in Ungarn wie Mafia \u2013 UPDATE"},"content":{"rendered":"<p><strong>Das einzige Netzwerk, das in Ungarn \u201ewie eine Mafia agiert\u201cist das des Milliard\u00e4rs George Soros, sagte der Premierminister am Freitag in einem Interview mit dem \u00f6ffentlichen Radio.<\/strong><\/p>\n<h4>\u201cSoros&#8217; Netzwerk in Ungarn wie Mafia\u201d<\/h4>\n<p>Soros hatte Ungarn in einer Rede am Donnerstag in Br\u00fcssel vorgeworfen, ein \u201cMafiastaat\u201d zu sein.<\/p>\n<p>Im Kossuth Radio sagte Viktor Orb\u00e1n, dass Soros\u2018Netzwerk und seine \u201cAgenturen\u201d \u201cein bedeutender und intransparenter Bestandteil des \u00f6ffentlichen Lebens Ungarns\u201d seien.<\/p>\n<p>Orb\u00e1n bestand darauf, dass \u201cder Finanzspekulant\u201d und \u201cseine Unterst\u00fctzer in Ungarn\u201d versuchten, \u201cein Programm umzusetzen, um Migranten ins Land zu lassen\u201d.<\/p>\n<p>Der gesamte linke Fl\u00fcgel in Ungarn sei unter diesen Unterst\u00fctzern gewesen, sagte er und hob L\u00e1szl\u00f3 Botka hervor, den Premierministerkandidaten der Sozialistischen Partei, \u201eder angek\u00fcndigt hat, den Grenzzaun abzubauen\u201c.<\/p>\n<p>Orb\u00e1n bestand darauf, dass Ungarn als \u201cBarriere\u201d f\u00fcr Soros agiere, der \u201cnur dank der ungarischen Regierung daran gehindert werde, eine Million Migranten nach Europa zu importieren\u201d.<\/p>\n<p>Unter Bezugnahme auf j\u00fcngste \u00c4u\u00dferungen von Soros, in denen er andeutete, Ungarn sei ein \u201cMafiastaat\u201d, sagte Orb\u00e1n, sie seien \u201coffensiv\u201d und k\u00e4men einer \u201cKriegserkl\u00e4rung\u201d gleich.<\/p>\n<p>Bez\u00fcglich der j\u00fcngsten Umfrage der Regierung zur \u201cnationalen Konsultation\u201d sagte Orb\u00e1n, dass ein Dokument, in dem ihre Fragen erl\u00e4utert werden, an \u201cBr\u00fcsseler B\u00fcrokraten\u201d geschickt worden sei. Er f\u00fcgte hinzu, dass \u201ces aufgrund der unterschiedlichen kulturellen Hintergr\u00fcnde m\u00f6glicherweise nicht verstanden wird\u201d.<\/p>\n<p>\u201cDer Schutz des gegenw\u00e4rtigen Status quo erfordert das Stoppen Br\u00fcssels\u201d Ungarn, sagte er, w\u00fcrde \u201ckeine weiteren Befugnisse geben\u201d, aber dies wurde als \u201ceine Anti-EU-Haltung\u201d angesehen Orb\u00e1n versprach, das Ergebnis der Umfrage als Erm\u00e4chtigung zu nutzen, die Verteilung von Migranten zu blockieren, wenn die EU \u201cein Siedlungsprogramm f\u00fcr Ungarn erzwingt\u201d.<\/p>\n<p>\u201cDie ungarischen W\u00e4hler wollen dieses Recht nicht an Br\u00fcssel abgeben\u201d, sagte er und f\u00fcgte hinzu, dass er dasselbe tun w\u00fcrde, wenn es um eine europ\u00e4ische Energieunion ginge, \u201ewenn sie Bestimmungen enth\u00e4lt, nach denen der Markt oder Br\u00fcssel den [Einzelhandel] festlegen w\u00fcrden.\u201cPreis f\u00fcr Energie\u201d.<\/p>\n<p>Orb\u00e1n sagte, dass 1,7 Millionen Menschen an der nationalen Umfrage teilgenommen h\u00e4tten, und f\u00fcgte hinzu, dass die gro\u00dfe Zahl der Befragten angegeben habe, dass \u201ees kein Land der Gleichg\u00fcltigkeit ist\u201cDie Umfrage \u201est\u00e4rkt die Position der Regierung, erh\u00f6ht ihr Gewicht und zeigt ihr Engagement\u201d, sagte er.<\/p>\n<p>Orb\u00e1n kommentierte die Entscheidung der Vereinigten Staaten, aus dem Pariser Klimaabkommen auszutreten, und sagte, er sei \u201eschockiert\u201cund bemerkte \u201eden ungarischen Konsens\u201d, dass \u201eder Klimawandel eine Realit\u00e4t, eine Bedrohung und globaler Natur ist und globale Ma\u00dfnahmen erfordert.\u201cAktion\u201d.<\/p>\n<p>\u201cDie Entscheidung des US-Pr\u00e4sidenten steht im Widerspruch zu all dem\u201d, sagte Orb\u00e1n und f\u00fcgte hinzu, dass das Verst\u00e4ndnis der Auswirkungen von Donald Trumps Schritt viel mehr \u00dcberlegungen erfordern w\u00fcrde.<\/p>\n<p>Auf eine Frage, die darauf hindeutet, dass weder die deutsche Bundeskanzlerin Angela Merkel noch Martin Schulz, der Kanzlerkandidat der Sozialdemokraten, die USA als verl\u00e4sslichen Partner betrachteten, antwortete Orb\u00e1n, \u201edie Deutschen sollten bei solchen Bemerkungen mehr Bescheidenheit zeigen\u201cEr argumentierte, dass \u201everallgemeinernde Aussagen sich in der europ\u00e4ischen Geschichte als gef\u00e4hrlich erwiesen haben\u201d. Er bestand darauf, dass Europa \u201ein den letzten 100 Jahren ohne die Zusammenarbeit der USA nicht in der Lage war, den Interessen seiner B\u00fcrger zu dienen\u201d, sagte er und f\u00fcgte hinzu, dass er hoffnungsvoll sei, dass weder Deutschland noch die USA diese Zusammenarbeit aufgeben w\u00fcrden.<\/p>\n<p>Er f\u00fcgte jedoch hinzu, dass \u201cdas Schicksal Europas in den H\u00e4nden der Europ\u00e4er liegt\u201d und dass Europa ohne die USA oder andere Akteure der Weltwirtschaft wirtschaftlich auf den Beinen stehen k\u00f6nnte, \u201cauch wenn es uns ohne den globalen Handel schlechter ginge\u201d.<\/p>\n<p>Orb\u00e1n dachte \u00fcber einen deutschen Vorschlag nach, der vorschl\u00e4gt, dass die Koh\u00e4sionsfonds f\u00fcr Mitglieder, die gegen die Rechtsstaatlichkeit versto\u00dfen, gek\u00fcrzt werden k\u00f6nnten, und sagte, er glaube nicht, dass \u201esie es ernst gemeint haben\u201c\u201eDer wichtigste europ\u00e4ische Wert ist die Erf\u00fcllung von Vertr\u00e4gen, und die Fl\u00fcchtlingskrise brach aus, weil die Deutschen gegen [eine Vereinbarung] versto\u00dfen haben\u201d \u201c\u201eWenn wir Subventionen an europ\u00e4ische Werte binden wollten, w\u00e4re Deutschland der gr\u00f6\u00dfte Verlierer\u201d, sagte Orb\u00e1n.<\/p>\n<p>Zur demografischen Politik der Regierung sagte Orb\u00e1n, das Ziel sei es, Ungarn zu einem familienfreundlichen Land zu machen, in dem \u201cFrauen sagen werden, dass es gut ist, Kinder gro\u00dfzuziehen\u201d. Er sagte, die aktuellen, negativen demografischen Tendenzen sollten verlangsamt, zwischen 2025-2030 gestoppt und dann umgekehrt werden.<\/p>\n<h4>AKTUALISIEREN<\/h4>\n<p>Erzs\u00e9bet Schmuck, stellvertretende Fraktionsvorsitzende der gr\u00fcnen Opposition LMP, sagte, ihre Partei werde einen offenen Brief an den ungarischen Pr\u00e4sidenten J\u00e1nos \u00c1der und Orb\u00e1n richten, in dem sie sie auffordere, die Unterzeichner des Abkommens aufzufordern, internationalen Druck auf den US-Pr\u00e4sidenten auszu\u00fcben. Sie sagte, Trumps Entscheidung, das Abkommen zu k\u00fcndigen, sende die Botschaft, dass der zweitgr\u00f6\u00dfte Treibhausgasemittent der Welt nach China kein Interesse am Klimawandel habe oder sich am Verfall des \u00d6kosystems des Planeten st\u00f6re.<\/p>\n<p>Csaba Moln\u00e1r, stellvertretender Vorsitzender der linken Demokratischen Koalition (DK), nannte die Entscheidung des Pr\u00e4sidenten ein \u201cunhaltbares Verbrechen gegen die Welt\u201d \u201cDK glaubt, dass jeder eine Verantwortung f\u00fcr die Generation nach ihm tr\u00e4gt, also m\u00fcssen Europa und die Welt stark bleiben und durch die Einhaltung des Pariser Klimaabkommens ein Zeichen f\u00fcr Trumps Amerika setzen\u201d, sagte er.<\/p>\n<p>Egy\u00fctt sagte, Trumps Entscheidung stelle ein Risiko f\u00fcr das Klimaabkommen und den Kampf gegen den Klimawandel dar, \u00e4u\u00dferte jedoch die Hoffnung, dass die USA ihre Entscheidung, aus dem Abkommen auszutreten, bald \u00fcberpr\u00fcfen w\u00fcrden.<\/p>\n<p><em>Foto: MTI<\/em><\/p>\n","protected":false},"excerpt":{"rendered":"<p>Das einzige Netzwerk, das in Ungarn \u201ewie eine Mafia agiert\u201cist das des Milliard\u00e4rs George Soros, sagte der Premierminister am Freitag in einem Interview mit dem \u00f6ffentlichen Radio. \u201cSoros&#8217; Netzwerk in Ungarn wie Mafia\u201d Soros hatte Ungarn in einer Rede am Donnerstag in Br\u00fcssel vorgeworfen, ein \u201cMafiastaat\u201d zu sein. Im Kossuth Radio sagte Viktor Orb\u00e1n, dass [&hellip;]<\/p>\n","protected":false},"author":2,"featured_media":748180,"comment_status":"open","ping_status":"open","sticky":false,"template":"","format":"standard","meta":{"_acf_changed":false,"_display_image":"","footnotes":""},"categories":[1081],"tags":[1082,1157,1128],"class_list":["post-748179","post","type-post","status-publish","format-standard","has-post-thumbnail","hentry","category-politik","tag-europaische-union","tag-vereinigte-staaten","tag-viktor-orban"],"blocksy_meta":[],"acf":[],"author_username":"alk","telegram_post":"","public_post_metadata":{"breaking_news":"","important":"","csempe":"","center_tile":"","disable_thumbnail":"","target_lang":"","_featured_image_style":"","telegram_post":"","_xlat_group_id":""},"public_rank_math_data":{"title":"%title% %sep% %sitename%","description":"","focus_keyword":"Orb\u00e1n","canonical_url":"","robots":"","primary_category":"1081","breadcrumb_title":"","facebook_title":"","facebook_description":"","facebook_image":"","facebook_image_id":"","twitter_title":"","twitter_description":"","twitter_image":"","twitter_image_id":"","twitter_card_type":"","twitter_use_facebook":"","advanced_robots":"","pillar_content":"","seo_score":"59","contentai_score":"","rich_snippet":""},"_links":{"self":[{"href":"https:\/\/dailynewshungary.com\/de\/wp-json\/wp\/v2\/posts\/748179","targetHints":{"allow":["GET"]}}],"collection":[{"href":"https:\/\/dailynewshungary.com\/de\/wp-json\/wp\/v2\/posts"}],"about":[{"href":"https:\/\/dailynewshungary.com\/de\/wp-json\/wp\/v2\/types\/post"}],"author":[{"embeddable":true,"href":"https:\/\/dailynewshungary.com\/de\/wp-json\/wp\/v2\/users\/2"}],"replies":[{"embeddable":true,"href":"https:\/\/dailynewshungary.com\/de\/wp-json\/wp\/v2\/comments?post=748179"}],"version-history":[{"count":0,"href":"https:\/\/dailynewshungary.com\/de\/wp-json\/wp\/v2\/posts\/748179\/revisions"}],"wp:featuredmedia":[{"embeddable":true,"href":"https:\/\/dailynewshungary.com\/de\/wp-json\/wp\/v2\/media\/748180"}],"wp:attachment":[{"href":"https:\/\/dailynewshungary.com\/de\/wp-json\/wp\/v2\/media?parent=748179"}],"wp:term":[{"taxonomy":"category","embeddable":true,"href":"https:\/\/dailynewshungary.com\/de\/wp-json\/wp\/v2\/categories?post=748179"},{"taxonomy":"post_tag","embeddable":true,"href":"https:\/\/dailynewshungary.com\/de\/wp-json\/wp\/v2\/tags?post=748179"}],"curies":[{"name":"wp","href":"https:\/\/api.w.org\/{rel}","templated":true}]}}