{"id":748183,"date":"2017-06-02T09:28:13","date_gmt":"2017-06-02T07:28:13","guid":{"rendered":"https:\/\/dailynewshungary.com\/de\/fidesz-soros-brusseler-rede-offene-kriegserklarung-zu-ungarn\/"},"modified":"2017-06-02T09:28:13","modified_gmt":"2017-06-02T07:28:13","slug":"fidesz-soros-brusseler-rede-offene-kriegserklarung-zu-ungarn","status":"publish","type":"post","link":"https:\/\/dailynewshungary.com\/de\/fidesz-soros-brusseler-rede-offene-kriegserklarung-zu-ungarn\/","title":{"rendered":"Fidesz: Soros\u2019 Br\u00fcsseler Rede \u2018offene Kriegserkl\u00e4rung\u2019 zu Ungarn"},"content":{"rendered":"<p><strong>Der US-Finanzier George Soros habe mit seiner Br\u00fcsseler Rede am Donnerstag \u201ceine offene Kriegserkl\u00e4rung\u201d an den demokratisch gew\u00e4hlten Premierminister und die Regierung Ungarns geschickt, sagte ein Europaabgeordneter der Regierungspartei Fidesz.<\/strong><\/p>\n<p>Tam\u00e1s Deutsch sagte heute auf einer Pressekonferenz, aus seiner Rede sei deutlich geworden, dass Soros bereit sei, jeden antidemokratischen Schritt zu unternehmen, um die Niederlage der ungarischen Regierung sicherzustellen.<\/p>\n<p>Er sagte, George Soros habe schon lange einen Krieg gegen Ungarn ohne \u201ceine offizielle Erkl\u00e4rung\u201d gef\u00fchrt, sagte er und f\u00fcgte hinzu, dass Ungarn, jetzt, da die Erkl\u00e4rung explizit sei, bereit sei, \u201czur\u00fcckzuk\u00e4mpfen\u201d.<\/p>\n<p>Deutsch sagte, er werde die Europ\u00e4ische Kommission bitten, den Inhalt der Gespr\u00e4che zwischen Soros und dem f\u00fcr Migrationspolitik zust\u00e4ndigen EU-Kommissar zu ver\u00f6ffentlichen.<\/p>\n<p style=\"text-align: center;\">&nbsp;<iframe loading=\"lazy\" style=\"border: none; overflow: hidden;\" src=\"https:\/\/www.facebook.com\/plugins\/post.php?href=https%3A%2F%2Fwww.facebook.com%2Fdailynewshungary%2Fposts%2F1343252895710278&amp;width=500\" width=\"500\" height=\"501\" frameborder=\"0\" scrolling=\"no\"><\/iframe><\/p>\n<h4>AKTUALISIEREN<\/h4>\n<p><strong>Fidesz protestiert gegen die Europ\u00e4ische Kommission, die Soros-\u00c4u\u00dferungen zul\u00e4sst<\/strong><\/p>\n<p>Der stellvertretende Fraktionsvorsitzende der Regierungspartei Fidesz hat es als \u201cuntragbar\u201d bezeichnet, dass der Milliard\u00e4r George Soros auf einer Veranstaltung in Br\u00fcssel, unterst\u00fctzt von der Europ\u00e4ischen Kommission, eine Redem\u00f6glichkeit erhielt und Ungarn \u201cin Anwesenheit eines Kommissars\u201d als Mafiastaat bezeichnete.<\/p>\n<p>Gergely Guly\u00e1s sagte am Freitag auf einer Pressekonferenz, die Kommission halte \u201cnicht einmal den Schein\u201d Er forderte eine \u201cklare Antwort\u201d, \u201cwie das h\u00e4tte passieren k\u00f6nnen\u201d.<\/p>\n<p>Guly\u00e1s \u00e4u\u00dferte sich auch kritisch zu den j\u00fcngsten Gespr\u00e4chen zwischen L\u00e1szl\u00f3 Botka, dem Premierministerkandidaten der ungarischen Oppositionssozialisten, und EG-Vizepr\u00e4sident Frans Timmermans und Gianni Pittella, Fraktionsvorsitzender der europ\u00e4ischen Sozialisten und Demokraten, die \u201eangedeutet haben, dass sie das nicht wollen.\u201ceinen Zaun entlang der ungarischen Grenze sehen und Ungarn mehrere Ultimaten zum Thema Unterbringung von Migranten gestellt haben\u201d.<\/p>\n<p><em>Foto aufgenommen von Jeff Ooi<\/em><\/p>\n","protected":false},"excerpt":{"rendered":"<p>Der US-Finanzier George Soros habe mit seiner Br\u00fcsseler Rede am Donnerstag \u201ceine offene Kriegserkl\u00e4rung\u201d an den demokratisch gew\u00e4hlten Premierminister und die Regierung Ungarns geschickt, sagte ein Europaabgeordneter der Regierungspartei Fidesz. Tam\u00e1s Deutsch sagte heute auf einer Pressekonferenz, aus seiner Rede sei deutlich geworden, dass Soros bereit sei, jeden antidemokratischen Schritt zu unternehmen, um die Niederlage [&hellip;]<\/p>\n","protected":false},"author":2,"featured_media":748184,"comment_status":"open","ping_status":"open","sticky":false,"template":"","format":"standard","meta":{"_acf_changed":false,"_display_image":"","footnotes":""},"categories":[1081],"tags":[1082,1157,1128],"class_list":["post-748183","post","type-post","status-publish","format-standard","has-post-thumbnail","hentry","category-politik","tag-europaische-union","tag-vereinigte-staaten","tag-viktor-orban"],"blocksy_meta":[],"acf":[],"author_username":"alk","telegram_post":"","public_post_metadata":{"breaking_news":"","important":"","csempe":"","center_tile":"","disable_thumbnail":"","target_lang":"","_featured_image_style":"","telegram_post":"","_xlat_group_id":""},"public_rank_math_data":{"title":"%title% %sep% %sitename%","description":"","focus_keyword":"Soros Fidesz","canonical_url":"","robots":"","primary_category":"1081","breadcrumb_title":"","facebook_title":"","facebook_description":"","facebook_image":"","facebook_image_id":"","twitter_title":"","twitter_description":"","twitter_image":"","twitter_image_id":"","twitter_card_type":"","twitter_use_facebook":"","advanced_robots":"","pillar_content":"","seo_score":"2","contentai_score":"","rich_snippet":""},"_links":{"self":[{"href":"https:\/\/dailynewshungary.com\/de\/wp-json\/wp\/v2\/posts\/748183","targetHints":{"allow":["GET"]}}],"collection":[{"href":"https:\/\/dailynewshungary.com\/de\/wp-json\/wp\/v2\/posts"}],"about":[{"href":"https:\/\/dailynewshungary.com\/de\/wp-json\/wp\/v2\/types\/post"}],"author":[{"embeddable":true,"href":"https:\/\/dailynewshungary.com\/de\/wp-json\/wp\/v2\/users\/2"}],"replies":[{"embeddable":true,"href":"https:\/\/dailynewshungary.com\/de\/wp-json\/wp\/v2\/comments?post=748183"}],"version-history":[{"count":0,"href":"https:\/\/dailynewshungary.com\/de\/wp-json\/wp\/v2\/posts\/748183\/revisions"}],"wp:featuredmedia":[{"embeddable":true,"href":"https:\/\/dailynewshungary.com\/de\/wp-json\/wp\/v2\/media\/748184"}],"wp:attachment":[{"href":"https:\/\/dailynewshungary.com\/de\/wp-json\/wp\/v2\/media?parent=748183"}],"wp:term":[{"taxonomy":"category","embeddable":true,"href":"https:\/\/dailynewshungary.com\/de\/wp-json\/wp\/v2\/categories?post=748183"},{"taxonomy":"post_tag","embeddable":true,"href":"https:\/\/dailynewshungary.com\/de\/wp-json\/wp\/v2\/tags?post=748183"}],"curies":[{"name":"wp","href":"https:\/\/api.w.org\/{rel}","templated":true}]}}