{"id":748191,"date":"2017-06-01T20:00:15","date_gmt":"2017-06-01T18:00:15","guid":{"rendered":"https:\/\/dailynewshungary.com\/de\/wochentliche-pressekonferenz-der-regierung-zu-paks-projekten-steuern-und-anderen-wichtigen-themen\/"},"modified":"2017-06-01T20:00:15","modified_gmt":"2017-06-01T18:00:15","slug":"wochentliche-pressekonferenz-der-regierung-zu-paks-projekten-steuern-und-anderen-wichtigen-themen","status":"publish","type":"post","link":"https:\/\/dailynewshungary.com\/de\/wochentliche-pressekonferenz-der-regierung-zu-paks-projekten-steuern-und-anderen-wichtigen-themen\/","title":{"rendered":"W\u00f6chentliche Pressekonferenz der Regierung zu Paks-Projekten, Steuern und anderen wichtigen Themen"},"content":{"rendered":"<p><strong>Die Regierung plant, \u00c4nderungen am Haushaltsentwurf f\u00fcr das n\u00e4chste Jahr vorzunehmen, um mehr Mittel f\u00fcr ein Programm zur F\u00f6rderung der Geburt, zur Finanzierung \u00f6ffentlicher Infrastrukturprojekte im Zusammenhang mit der Modernisierung des Kernkraftwerks Paks und f\u00fcr touristische Entwicklungen sicherzustellen, sagte der Leiter des Regierungsb\u00fcros sagte am Donnerstag auf seiner w\u00f6chentlichen Pressekonferenz. Die 1,7 Millionen Menschen, die an der Umfrage \u201enationale Konsultation\u201cder Regierung teilgenommen haben, unterst\u00fctzen die Positionen der Regierung zu den im Fragebogen diskutierten Themen, sagte er.<\/strong><\/p>\n<h4>Regierung soll Mittel zur Unterst\u00fctzung von Familien und zur Finanzierung von Paks-Projekten umverteilen<\/h4>\n<p>J\u00e1nos L\u00e1z\u00e1r sagte, dass 98 Milliarden Forint (31,8 Mio. EUR) umgeschichtet w\u00fcrden. Ganze 20 Milliarden Forint w\u00fcrden f\u00fcr Projekte in Paks wie die Vorbereitungen f\u00fcr eine neue Br\u00fccke \u00fcber die Donau sowie den Bau von H\u00e4usern und Stra\u00dfen umgeschichtet, w\u00e4hrend 16,4 Milliarden Forint f\u00fcr den Tourismus umgeschichtet w\u00fcrden. Weitere Umschichtungen flie\u00dfen in das neue Familienunterst\u00fctzungsprogramm der Regierung.<\/p>\n<p>In seinem Kommentar zu den j\u00fcngsten Zahlen, die auf ein BIP-Wachstum von \u00fcber 4 Prozent hindeuten, sagte L\u00e1z\u00e1r, die ungarische Wirtschaft befinde sich auf einem \u201cstabilen und ausgewogenen Weg\u201d.<\/p>\n<p>Bezugnehmend auf einen Bericht des europ\u00e4ischen Amtes f\u00fcr Betrugsbek\u00e4mpfung OLAF \u00fcber die Transparenz von EU-Mitteln sagte Lazar in Ungarn \u201cdoppelt so viele Menschen reichen Beschwerden ein\u201d im Vergleich zum europ\u00e4ischen Durchschnitt Gleichzeitig h\u00e4tten die im vergangenen Jahr abgeschlossenen Untersuchungen von 41.000 EU-Subventionsvertr\u00e4gen M\u00e4ngel in 13 F\u00e4llen aufgedeckt, die 4 Prozent der EU-Finanzierung betrafenDer schwerste Korruptionsfall in Ungarn sei laut OLAF der Metro-4-Skandal gewesen, f\u00fcgte er hinzu.<\/p>\n<p>Auf eine Frage zur Umgestaltung der dritten Metrolinie sagte er, die Regierung habe urspr\u00fcnglich 137,5 Milliarden Forint Unterst\u00fctzung bereitgestellt, wie vom Budapester Rat gefordert, und die EU habe diese \u201c100 Prozent\u201d genehmigt. Wie sich sp\u00e4ter herausstellte, lag jedoch selbst das g\u00fcnstigste Angebot f\u00fcr die damit verbundene \u00f6ffentliche Auftragsvergabe \u00fcber diesem Betrag, so dass eine Ausschreibung f\u00fcr ein reduziertes Projekt eingeladen wurde Aber selbst diese ge\u00e4nderte Ausschreibung zog nur Gebote \u00fcber die 137,5 Milliarden verf\u00fcgbaren Forint an, sagte er und f\u00fcgte hinzu, dass es f\u00fcr die Regierung schwierig sein w\u00fcrde, \u201cmehr als 100 Prozent\u201d zu finanzieren, weil die EU dies nicht zulassen w\u00fcrde. Es wird erwartet, dass der Budapester B\u00fcrgermeister Istvan Tarlos bei der n\u00e4chsten Sitzung einen Bericht \u00fcber die Pl\u00e4ne f\u00fcr die Metro 3 hinzuf\u00fcgte.<\/p>\n<h4>Die Befragten der landesweiten Umfrage unterst\u00fctzen die Politik der Regierung<\/h4>\n<p>Mittwoch war der letzte Tag f\u00fcr die W\u00e4hler, an dem sie ihre Antworten auf den Fragebogen per Post oder online zur\u00fcckgaben.<\/p>\n<p>Diejenigen, die an der Umfrage teilnahmen, unterst\u00fctzen den Zaun an der S\u00fcdgrenze Ungarns, niedrige Energiepreise sowie die Position, dass es Sache des Parlaments sein sollte, die Steuerpolitik festzulegen, \u00fcber Sozial- und Besch\u00e4ftigungsf\u00f6rderungssysteme abzustimmen und Energiepreise festzulegen, sagte J\u00e1nos L\u00e1z\u00e1r seine regelm\u00e4\u00dfige w\u00f6chentliche Pressekonferenz.<\/p>\n<p>Die Regierung beabsichtige, in diesen Angelegenheiten mit den W\u00e4hlern in Kontakt zu bleiben, da sich die Regierung mit einer Reihe damit zusammenh\u00e4ngender Probleme befassen m\u00fcsse, beispielsweise mit dem Vertragsverletzungsverfahren, das die Europ\u00e4ische Union gegen Ungarn wegen des Grenzzauns eingeleitet habe, f\u00fcgte er hinzu.<\/p>\n<p>L\u00e1z\u00e1r \u00e4u\u00dferte sich auch zu j\u00fcngsten Presseberichten, denen zufolge Deutschland vorgeschlagen habe, den Erhalt von EU-Koh\u00e4sionsmitteln an die Einhaltung rechtsstaatlicher Standards f\u00fcr den n\u00e4chsten Finanzierungszyklus der Union zu kn\u00fcpfen. Er sagte, dass Deutschland trotz seiner \u201eeiner der gr\u00f6\u00dften Nutznie\u00dfer\u201cdieser Mittel \u201eeines der gr\u00f6\u00dften Nutznie\u00dfer\u201d gewesen sei, Deutschland derjenige gewesen sei, der den \u201egr\u00f6\u00dften Versto\u00df\u201d gegen die Grundprinzipien der EU begangen habe, indem es 2015 \u201eMillionen illegaler Migranten auf sein Territorium gelassen\u201d und gegen die EU-Vorschriften zur Grenzkontrolle versto\u00dfen habe.<\/p>\n<p><em>Foto: MTI<\/em><\/p>\n","protected":false},"excerpt":{"rendered":"<p>Die Regierung plant, \u00c4nderungen am Haushaltsentwurf f\u00fcr das n\u00e4chste Jahr vorzunehmen, um mehr Mittel f\u00fcr ein Programm zur F\u00f6rderung der Geburt, zur Finanzierung \u00f6ffentlicher Infrastrukturprojekte im Zusammenhang mit der Modernisierung des Kernkraftwerks Paks und f\u00fcr touristische Entwicklungen sicherzustellen, sagte der Leiter des Regierungsb\u00fcros sagte am Donnerstag auf seiner w\u00f6chentlichen Pressekonferenz. Die 1,7 Millionen Menschen, die [&hellip;]<\/p>\n","protected":false},"author":2,"featured_media":748192,"comment_status":"open","ping_status":"open","sticky":false,"template":"","format":"standard","meta":{"_acf_changed":false,"_display_image":"","footnotes":""},"categories":[1281],"tags":[1239,1082,1174,1872,1104],"class_list":["post-748191","post","type-post","status-publish","format-standard","has-post-thumbnail","hentry","category-geschaft","tag-donau","tag-europaische-union","tag-haushalt","tag-paks-projekt","tag-wirtschaft"],"blocksy_meta":[],"acf":[],"author_username":"alk","telegram_post":"","public_post_metadata":{"breaking_news":"","important":"","csempe":"","center_tile":"","disable_thumbnail":"","target_lang":"","_featured_image_style":"","telegram_post":"","_xlat_group_id":""},"public_rank_math_data":{"title":"%title% %sep% %sitename%","description":"","focus_keyword":"Regierung Ungarn","canonical_url":"","robots":"","primary_category":"1281","breadcrumb_title":"","facebook_title":"","facebook_description":"","facebook_image":"","facebook_image_id":"","twitter_title":"","twitter_description":"","twitter_image":"","twitter_image_id":"","twitter_card_type":"","twitter_use_facebook":"","advanced_robots":"","pillar_content":"","seo_score":"3","contentai_score":"","rich_snippet":""},"_links":{"self":[{"href":"https:\/\/dailynewshungary.com\/de\/wp-json\/wp\/v2\/posts\/748191","targetHints":{"allow":["GET"]}}],"collection":[{"href":"https:\/\/dailynewshungary.com\/de\/wp-json\/wp\/v2\/posts"}],"about":[{"href":"https:\/\/dailynewshungary.com\/de\/wp-json\/wp\/v2\/types\/post"}],"author":[{"embeddable":true,"href":"https:\/\/dailynewshungary.com\/de\/wp-json\/wp\/v2\/users\/2"}],"replies":[{"embeddable":true,"href":"https:\/\/dailynewshungary.com\/de\/wp-json\/wp\/v2\/comments?post=748191"}],"version-history":[{"count":0,"href":"https:\/\/dailynewshungary.com\/de\/wp-json\/wp\/v2\/posts\/748191\/revisions"}],"wp:featuredmedia":[{"embeddable":true,"href":"https:\/\/dailynewshungary.com\/de\/wp-json\/wp\/v2\/media\/748192"}],"wp:attachment":[{"href":"https:\/\/dailynewshungary.com\/de\/wp-json\/wp\/v2\/media?parent=748191"}],"wp:term":[{"taxonomy":"category","embeddable":true,"href":"https:\/\/dailynewshungary.com\/de\/wp-json\/wp\/v2\/categories?post=748191"},{"taxonomy":"post_tag","embeddable":true,"href":"https:\/\/dailynewshungary.com\/de\/wp-json\/wp\/v2\/tags?post=748191"}],"curies":[{"name":"wp","href":"https:\/\/api.w.org\/{rel}","templated":true}]}}