{"id":748211,"date":"2017-06-01T11:30:40","date_gmt":"2017-06-01T09:30:40","guid":{"rendered":"https:\/\/dailynewshungary.com\/de\/der-sozialistische-premierministerkandidat-in-brussles-botka-ausert-seine-besorgnis-uber-das-funktionieren-der-eu\/"},"modified":"2017-06-01T11:30:40","modified_gmt":"2017-06-01T09:30:40","slug":"der-sozialistische-premierministerkandidat-in-brussles-botka-ausert-seine-besorgnis-uber-das-funktionieren-der-eu","status":"publish","type":"post","link":"https:\/\/dailynewshungary.com\/de\/der-sozialistische-premierministerkandidat-in-brussles-botka-ausert-seine-besorgnis-uber-das-funktionieren-der-eu\/","title":{"rendered":"Der sozialistische Premierministerkandidat in Brussles & Botka \u00e4u\u00dfert seine Besorgnis \u00fcber das Funktionieren der EU"},"content":{"rendered":"<p><strong>In einem Gespr\u00e4ch mit ungarischen Journalisten am Mittwoch in Br\u00fcssel \u00e4u\u00dferte L\u00e1szl\u00f3 Botka, der Premierministerkandidat der oppositionellen Sozialistischen Partei, seine Besorgnis \u00fcber die Funktionsweise der Europ\u00e4ischen Union.<\/strong><\/p>\n<p>\u201cIch verfolge die Arbeitsweise der Europ\u00e4ischen Union mit besorgter Kritik, denn ihre Politik hat dazu gef\u00fchrt, dass eine betr\u00e4chtliche Anzahl von W\u00e4hlern ihr Vertrauen in demokratische und EU-Institutionen verloren hat\u201d, sagte Botka \u201cUnd das hat den Weg f\u00fcr den Aufstieg des Populismus geebnet\u201d<\/p>\n<p>Botka sei mit \u201ceinem tiefen Engagement f\u00fcr Europa\u201d in Br\u00fcssel angekommen, womit er nach eigenen Angaben das Interesse Ungarns an der St\u00e4rkung der EU vermitteln wolle.<\/p>\n<p>Er unterstrich die Notwendigkeit einer EU, die schneller und effektiver auf neue Krisensituationen reagiert, und argumentierte, dass \u201cradikale nationalistische und populistische Kr\u00e4fte, die am Abbau der Demokratie interessiert sind\u201d, verz\u00f6gerte Antworten auf Herausforderungen \u201cimmer ausnutzen\u201d w\u00fcrden.<\/p>\n<p>Zum Thema Ungarns Zaun an seiner Grenze zu Serbien sagte Botka, er k\u00f6nne sich \u201cnicht vorstellen\u201d, dass ein Rasierdrahtzaun \u201cbis zum Ende der Welt\u201d mitten in Europa stehen bleibeEr f\u00fcgte hinzu, dass dies nicht bedeute, dass der Zaun sofort abgebaut werden m\u00fcsse.<\/p>\n<p>\u201cIch bin weder einer, der Z\u00e4une baut noch abbaut\u201d, sagte der Ministerpr\u00e4sidentkandidat und f\u00fcgte gleichzeitig hinzu, dass er es vorziehe, dass sie so schnell wie m\u00f6glich entfernt werden solltenAber damit dies m\u00f6glich sei, m\u00fcssten die Mechanismen und Grenzschutzma\u00dfnahmen der EU wirksam sein und die Situation in den Krisengebieten m\u00fcsse sich verbessern, damit Millionen ihre Heimat nicht mehr verlassen m\u00fcssten, sagte Botka.<\/p>\n<p>Botka kommentierte die j\u00fcngsten Presseberichte und sagte, er habe den US-Finanzier George Soros nie getroffen und werde ihn auch im Laufe seines Br\u00fcsseler Besuchs nicht treffen.<\/p>\n<p>Zu seinen Gespr\u00e4chen am Mittwoch in Br\u00fcssel sagte Botka, er habe Marita Ulvskog, stellvertretende Vorsitzende des Ausschusses f\u00fcr Besch\u00e4ftigung und soziale Angelegenheiten des Europ\u00e4ischen Parlaments, zu Gespr\u00e4chen \u00fcber die S\u00e4ule der sozialen Rechte der EU getroffen.<\/p>\n<p>Am Donnerstag soll Botka den Ersten Vizepr\u00e4sidenten der Europ\u00e4ischen Kommission Frans Timmermans, den Pr\u00e4sidenten der Sozialdemokratischen Partei Europas (SPE) Sergei Stanischew, Gianni Pittella, den Chef der Europ\u00e4ischen Sozialisten und Demokraten, Tibor Navracsics, Kommissar f\u00fcr Bildung, Jugend und Sport und Luca Visentini, Generalsekret\u00e4r des Europ\u00e4ischen Gewerkschaftsbundes, treffen.<\/p>\n","protected":false},"excerpt":{"rendered":"<p>In einem Gespr\u00e4ch mit ungarischen Journalisten am Mittwoch in Br\u00fcssel \u00e4u\u00dferte L\u00e1szl\u00f3 Botka, der Premierministerkandidat der oppositionellen Sozialistischen Partei, seine Besorgnis \u00fcber die Funktionsweise der Europ\u00e4ischen Union. \u201cIch verfolge die Arbeitsweise der Europ\u00e4ischen Union mit besorgter Kritik, denn ihre Politik hat dazu gef\u00fchrt, dass eine betr\u00e4chtliche Anzahl von W\u00e4hlern ihr Vertrauen in demokratische und EU-Institutionen [&hellip;]<\/p>\n","protected":false},"author":2,"featured_media":748212,"comment_status":"open","ping_status":"open","sticky":false,"template":"","format":"standard","meta":{"_acf_changed":false,"_display_image":"","footnotes":""},"categories":[1081],"tags":[1082,1695,3695],"class_list":["post-748211","post","type-post","status-publish","format-standard","has-post-thumbnail","hentry","category-politik","tag-europaische-union","tag-sozialisten","tag-wahl-2018"],"blocksy_meta":[],"acf":[],"author_username":"alk","telegram_post":"","public_post_metadata":{"breaking_news":"","important":"","csempe":"","center_tile":"","disable_thumbnail":"","target_lang":"","_featured_image_style":"","telegram_post":"","_xlat_group_id":""},"public_rank_math_data":{"title":"%title% %sep% %sitename%","description":"","focus_keyword":"Sozialisten","canonical_url":"","robots":"","primary_category":"1081","breadcrumb_title":"","facebook_title":"","facebook_description":"","facebook_image":"","facebook_image_id":"","twitter_title":"","twitter_description":"","twitter_image":"","twitter_image_id":"","twitter_card_type":"","twitter_use_facebook":"","advanced_robots":"","pillar_content":"","seo_score":"10","contentai_score":"","rich_snippet":""},"_links":{"self":[{"href":"https:\/\/dailynewshungary.com\/de\/wp-json\/wp\/v2\/posts\/748211","targetHints":{"allow":["GET"]}}],"collection":[{"href":"https:\/\/dailynewshungary.com\/de\/wp-json\/wp\/v2\/posts"}],"about":[{"href":"https:\/\/dailynewshungary.com\/de\/wp-json\/wp\/v2\/types\/post"}],"author":[{"embeddable":true,"href":"https:\/\/dailynewshungary.com\/de\/wp-json\/wp\/v2\/users\/2"}],"replies":[{"embeddable":true,"href":"https:\/\/dailynewshungary.com\/de\/wp-json\/wp\/v2\/comments?post=748211"}],"version-history":[{"count":0,"href":"https:\/\/dailynewshungary.com\/de\/wp-json\/wp\/v2\/posts\/748211\/revisions"}],"wp:featuredmedia":[{"embeddable":true,"href":"https:\/\/dailynewshungary.com\/de\/wp-json\/wp\/v2\/media\/748212"}],"wp:attachment":[{"href":"https:\/\/dailynewshungary.com\/de\/wp-json\/wp\/v2\/media?parent=748211"}],"wp:term":[{"taxonomy":"category","embeddable":true,"href":"https:\/\/dailynewshungary.com\/de\/wp-json\/wp\/v2\/categories?post=748211"},{"taxonomy":"post_tag","embeddable":true,"href":"https:\/\/dailynewshungary.com\/de\/wp-json\/wp\/v2\/tags?post=748211"}],"curies":[{"name":"wp","href":"https:\/\/api.w.org\/{rel}","templated":true}]}}