{"id":748285,"date":"2017-05-29T20:04:54","date_gmt":"2017-05-29T18:04:54","guid":{"rendered":"https:\/\/dailynewshungary.com\/de\/ungarn-protestiert-gegen-ep-seiten-auf-der-seite-des-terroristen-sagt-ausenminister\/"},"modified":"2017-05-29T20:04:54","modified_gmt":"2017-05-29T18:04:54","slug":"ungarn-protestiert-gegen-ep-seiten-auf-der-seite-des-terroristen-sagt-ausenminister","status":"publish","type":"post","link":"https:\/\/dailynewshungary.com\/de\/ungarn-protestiert-gegen-ep-seiten-auf-der-seite-des-terroristen-sagt-ausenminister\/","title":{"rendered":"Ungarn protestiert gegen EP \u2018Seiten auf der Seite des Terroristen\u2019, sagt Au\u00dfenminister"},"content":{"rendered":"<p><strong>Die ungarische Regierung werde an internationale Organisationen gegen eine aktuelle Resolution des Europ\u00e4ischen Parlaments appellieren, in der das EP \u201eauf die Seite eines Terroristen und nicht auf die Seite Ungarns und seiner Polizei ging\u201csagte P\u00e9ter Szijj\u00e1rt\u00f3, der ungarische Au\u00dfenminister, am Montag auf einer Pressekonferenz.<\/strong><\/p>\n<p>Szijj\u00e1rt\u00f3 sagte, das EP \u201efinde Ausreden\u201cf\u00fcr eine wegen Terrorismus verurteilte Person und nannte es \u201einakzeptabel, unertr\u00e4glich\u201d.<\/p>\n<p>Der Minister sagte, dass der besagte Mann, der als Ahmed H bezeichnet wird, eine Gruppe von Migranten am Grenzbahnhof R\u00f6szke angef\u00fchrt und \u201cstundenlang einen Angriff gegen ungarische Polizisten gestartet hat, die Steine, Betonplatten und Flaschen geworfen haben\u201d.<\/p>\n<p>\u201cIn der Entschlie\u00dfung des EP hei\u00dft es, der Mann wollte die anderen nur beruhigen\u201d Szijj\u00e1rt\u00f3 sagte und f\u00fcgte hinzu, dass sich das Dokument \u201cals &#8216;Objekte&#8217; auf die Steine beziehe, die er auf die Polizei geworfen habe\u201d.<\/p>\n<p>Die Regierung werde ihren Appell an die Vereinten Nationen, den Europarat, die OSZE und die NATO richten, sagte er.<\/p>\n<p>Bez\u00fcglich der Beziehungen zwischen der EU und den USA sagte Szijj\u00e1rt\u00f3, dass eine enge Zusammenarbeit mit den USA sowohl im Hinblick auf die Terrorismusbek\u00e4mpfung als auch auf die Wirtschaft weiterhin \u201eentscheidend\u201csein werde. \u201eEs n\u00fctzt nichts zu weinen\u201d, dass die USA sich f\u00fcr eine patriotischere Wirtschaftspolitik entscheiden, Europa m\u00fcsse \u201esich endlich st\u00e4rken\u201d, betonte er.<\/p>\n","protected":false},"excerpt":{"rendered":"<p>Die ungarische Regierung werde an internationale Organisationen gegen eine aktuelle Resolution des Europ\u00e4ischen Parlaments appellieren, in der das EP \u201eauf die Seite eines Terroristen und nicht auf die Seite Ungarns und seiner Polizei ging\u201csagte P\u00e9ter Szijj\u00e1rt\u00f3, der ungarische Au\u00dfenminister, am Montag auf einer Pressekonferenz. Szijj\u00e1rt\u00f3 sagte, das EP \u201efinde Ausreden\u201cf\u00fcr eine wegen Terrorismus verurteilte Person [&hellip;]<\/p>\n","protected":false},"author":2,"featured_media":748286,"comment_status":"open","ping_status":"open","sticky":false,"template":"","format":"standard","meta":{"_acf_changed":false,"_display_image":"","footnotes":""},"categories":[1081],"tags":[1470,1082,1445,1543],"class_list":["post-748285","post","type-post","status-publish","format-standard","has-post-thumbnail","hentry","category-politik","tag-ausenministerium-fur-ungarn","tag-europaische-union","tag-migration","tag-terrorismus"],"blocksy_meta":[],"acf":[],"author_username":"alk","telegram_post":"","public_post_metadata":{"breaking_news":"","important":"","csempe":"","center_tile":"","disable_thumbnail":"","target_lang":"","_featured_image_style":"","telegram_post":"","_xlat_group_id":""},"public_rank_math_data":{"title":"%title% %sep% %sitename%","description":"","focus_keyword":"Terrorismus","canonical_url":"","robots":"","primary_category":"1081","breadcrumb_title":"","facebook_title":"","facebook_description":"","facebook_image":"","facebook_image_id":"","twitter_title":"","twitter_description":"","twitter_image":"","twitter_image_id":"","twitter_card_type":"","twitter_use_facebook":"","advanced_robots":"","pillar_content":"","seo_score":"13","contentai_score":"","rich_snippet":""},"_links":{"self":[{"href":"https:\/\/dailynewshungary.com\/de\/wp-json\/wp\/v2\/posts\/748285","targetHints":{"allow":["GET"]}}],"collection":[{"href":"https:\/\/dailynewshungary.com\/de\/wp-json\/wp\/v2\/posts"}],"about":[{"href":"https:\/\/dailynewshungary.com\/de\/wp-json\/wp\/v2\/types\/post"}],"author":[{"embeddable":true,"href":"https:\/\/dailynewshungary.com\/de\/wp-json\/wp\/v2\/users\/2"}],"replies":[{"embeddable":true,"href":"https:\/\/dailynewshungary.com\/de\/wp-json\/wp\/v2\/comments?post=748285"}],"version-history":[{"count":0,"href":"https:\/\/dailynewshungary.com\/de\/wp-json\/wp\/v2\/posts\/748285\/revisions"}],"wp:featuredmedia":[{"embeddable":true,"href":"https:\/\/dailynewshungary.com\/de\/wp-json\/wp\/v2\/media\/748286"}],"wp:attachment":[{"href":"https:\/\/dailynewshungary.com\/de\/wp-json\/wp\/v2\/media?parent=748285"}],"wp:term":[{"taxonomy":"category","embeddable":true,"href":"https:\/\/dailynewshungary.com\/de\/wp-json\/wp\/v2\/categories?post=748285"},{"taxonomy":"post_tag","embeddable":true,"href":"https:\/\/dailynewshungary.com\/de\/wp-json\/wp\/v2\/tags?post=748285"}],"curies":[{"name":"wp","href":"https:\/\/api.w.org\/{rel}","templated":true}]}}