{"id":748379,"date":"2017-05-26T15:20:36","date_gmt":"2017-05-26T13:20:36","guid":{"rendered":"https:\/\/dailynewshungary.com\/de\/sozialisten-konflikt-zwischen-eu-orban-vertiefung\/"},"modified":"2017-05-26T15:20:36","modified_gmt":"2017-05-26T13:20:36","slug":"sozialisten-konflikt-zwischen-eu-orban-vertiefung","status":"publish","type":"post","link":"https:\/\/dailynewshungary.com\/de\/sozialisten-konflikt-zwischen-eu-orban-vertiefung\/","title":{"rendered":"Sozialisten: Konflikt zwischen EU, Orb\u00e1n-Vertiefung"},"content":{"rendered":"<p><strong>Budapest, 26. Mai (MTI) \u2013 Der Konflikt zwischen der Europ\u00e4ischen Union und der Regierung von Premierminister Viktor Orb\u00e1n versch\u00e4rft sich, sagte ein Europaabgeordneter der oppositionellen Sozialistischen Partei am Freitag und verwies auf den Ablauf der Frist f\u00fcr Ungarn, auf die Europ\u00e4ische Union zu reagieren Die Kommission fordert, dass die Regierung ihr k\u00fcrzlich ge\u00e4ndertes Hochschulgesetz \u00e4ndert.<\/strong><\/p>\n<p>Istv\u00e1n Ujhelyi stellte auf einer Pressekonferenz fest, dass die Regierung zuvor versprochen hatte, einen Dialog \u00fcber die Frage der Mitteleurop\u00e4ischen Universit\u00e4t aufzunehmen. \u201eBis heute hat das Kabinett dies nicht getan und keine Neigung gezeigt, das Gesetz zu \u00e4ndern\u201csagte er.<\/p>\n<p>\u201cOrb\u00e1n spuckt in Richtung unserer gemeinsamen Niederlage\u201d, sagte der sozialistische Politiker.<\/p>\n<p>Ujhelyi forderte die Regierung auf, im Interesse Ungarns mit der europ\u00e4ischen Gemeinschaft zusammenzuarbeiten.<\/p>\n<p>Er merkte an, dass er in einem Brief an Manfred Weber, den Fraktionschef der Europ\u00e4ischen Volkspartei, gefragt habe, ob Weber der Meinung sei, dass Orb\u00e1n politisch der europ\u00e4ischen Richtung folge.<\/p>\n<p>Er sagte, wenn die Regierung ihren Verpflichtungen gegen\u00fcber der Kommission nicht nachkomme, k\u00f6nnten sich daraus schwerwiegende Folgen f\u00fcr Ungarn ergeben. Es m\u00fcsse entscheiden, ob Ungarn der europ\u00e4ischen Gemeinschaft angeh\u00f6ren solle oder \u201eob es weiterhin Orbanistan aufbaut\u201csagte Ujhelyi.<\/p>\n<p><em>Foto: www.infocegled.hu<\/em><\/p>\n","protected":false},"excerpt":{"rendered":"<p>Budapest, 26. Mai (MTI) \u2013 Der Konflikt zwischen der Europ\u00e4ischen Union und der Regierung von Premierminister Viktor Orb\u00e1n versch\u00e4rft sich, sagte ein Europaabgeordneter der oppositionellen Sozialistischen Partei am Freitag und verwies auf den Ablauf der Frist f\u00fcr Ungarn, auf die Europ\u00e4ische Union zu reagieren Die Kommission fordert, dass die Regierung ihr k\u00fcrzlich ge\u00e4ndertes Hochschulgesetz \u00e4ndert. [&hellip;]<\/p>\n","protected":false},"author":2,"featured_media":748380,"comment_status":"open","ping_status":"open","sticky":false,"template":"","format":"standard","meta":{"_acf_changed":false,"_display_image":"","footnotes":""},"categories":[1081],"tags":[1082,1695,1128],"class_list":["post-748379","post","type-post","status-publish","format-standard","has-post-thumbnail","hentry","category-politik","tag-europaische-union","tag-sozialisten","tag-viktor-orban"],"blocksy_meta":[],"acf":[],"author_username":"alk","telegram_post":"","public_post_metadata":{"breaking_news":"","important":"","csempe":"","center_tile":"","disable_thumbnail":"","target_lang":"","_featured_image_style":"","telegram_post":"","_xlat_group_id":""},"public_rank_math_data":{"title":"%title% %sep% %sitename%","description":"","focus_keyword":"Orb\u00e1n EU","canonical_url":"","robots":"","primary_category":"1081","breadcrumb_title":"","facebook_title":"","facebook_description":"","facebook_image":"","facebook_image_id":"","twitter_title":"","twitter_description":"","twitter_image":"","twitter_image_id":"","twitter_card_type":"","twitter_use_facebook":"","advanced_robots":"","pillar_content":"","seo_score":"6","contentai_score":"","rich_snippet":""},"_links":{"self":[{"href":"https:\/\/dailynewshungary.com\/de\/wp-json\/wp\/v2\/posts\/748379","targetHints":{"allow":["GET"]}}],"collection":[{"href":"https:\/\/dailynewshungary.com\/de\/wp-json\/wp\/v2\/posts"}],"about":[{"href":"https:\/\/dailynewshungary.com\/de\/wp-json\/wp\/v2\/types\/post"}],"author":[{"embeddable":true,"href":"https:\/\/dailynewshungary.com\/de\/wp-json\/wp\/v2\/users\/2"}],"replies":[{"embeddable":true,"href":"https:\/\/dailynewshungary.com\/de\/wp-json\/wp\/v2\/comments?post=748379"}],"version-history":[{"count":0,"href":"https:\/\/dailynewshungary.com\/de\/wp-json\/wp\/v2\/posts\/748379\/revisions"}],"wp:featuredmedia":[{"embeddable":true,"href":"https:\/\/dailynewshungary.com\/de\/wp-json\/wp\/v2\/media\/748380"}],"wp:attachment":[{"href":"https:\/\/dailynewshungary.com\/de\/wp-json\/wp\/v2\/media?parent=748379"}],"wp:term":[{"taxonomy":"category","embeddable":true,"href":"https:\/\/dailynewshungary.com\/de\/wp-json\/wp\/v2\/categories?post=748379"},{"taxonomy":"post_tag","embeddable":true,"href":"https:\/\/dailynewshungary.com\/de\/wp-json\/wp\/v2\/tags?post=748379"}],"curies":[{"name":"wp","href":"https:\/\/api.w.org\/{rel}","templated":true}]}}