{"id":748489,"date":"2017-05-23T07:30:14","date_gmt":"2017-05-23T05:30:14","guid":{"rendered":"https:\/\/dailynewshungary.com\/de\/jobbik-fordert-die-regierung-auf-die-eu-lohngewerkschaftsinitiative-zu-unterstutzen\/"},"modified":"2017-05-23T07:30:14","modified_gmt":"2017-05-23T05:30:14","slug":"jobbik-fordert-die-regierung-auf-die-eu-lohngewerkschaftsinitiative-zu-unterstutzen","status":"publish","type":"post","link":"https:\/\/dailynewshungary.com\/de\/jobbik-fordert-die-regierung-auf-die-eu-lohngewerkschaftsinitiative-zu-unterstutzen\/","title":{"rendered":"Jobbik fordert die Regierung auf, die EU-Lohngewerkschaftsinitiative zu unterst\u00fctzen"},"content":{"rendered":"<p><strong>Budapest (MTI) \u2013 Die oppositionelle Jobbik-Partei forderte am Montag die Regierung auf, ihre europ\u00e4ische B\u00fcrgerinitiative zur Lohngleichheit in der gesamten Europ\u00e4ischen Union zu unterst\u00fctzen.<\/strong><\/p>\n<p>Jobbik startete im M\u00e4rz seine Kampagne f\u00fcr eine \u201cLohngewerkschaft\u201d.<\/p>\n<p>Die Auswanderung untergr\u00e4bt Ungarns Wohlfahrts &#8211; und Rentensysteme und treibe das Land an den Rand der \u201cBalkanisierung\u201d, sagte D\u00e1niel Z. K\u00e1rp\u00e1t, der stellvertretende Fraktionsvorsitzende der Partei, auf einer PressekonferenzMit seiner alternden Gesellschaft w\u00e4re Ungarn unf\u00e4hig, sich zu erhalten, sagte er.<\/p>\n<p>Z K\u00e1rp\u00e1t kritisierte die aktuelle und fr\u00fchere Regierung daf\u00fcr, dass sie sich nicht gegen Lohnungleichheit in der EU ausgesprochen habe.<\/p>\n<p>Er sagte, eine Lohnunion w\u00fcrde zu einem langsamen, aber stetigen Anstieg der L\u00f6hne in Ungarn f\u00fchren.<\/p>\n<p>Z K\u00e1rp\u00e1t sagte auch, die Koh\u00e4sionspolitik der EU m\u00fcsse reformiert werden und der Block brauche interne Reformen. Gleichzeitig f\u00fcgte er hinzu, dass eine Lohnunion die Steuerpolitik nicht auf EU-Ebene anheben werde.<\/p>\n<p>Der stellvertretende Fraktionsvorsitzende forderte die Regierung au\u00dferdem auf, ein umfassendes Programm zur Schaffung von Eigenheimen und staatlich subventioniertem Wohnraum zu starten. Z K\u00e1rp\u00e1t sagte, Ungarn sei von Wohnungsarmut geplagt, die seiner Meinung nach ein wesentlicher Auswanderungsfaktor sei.<\/p>\n","protected":false},"excerpt":{"rendered":"<p>Budapest (MTI) \u2013 Die oppositionelle Jobbik-Partei forderte am Montag die Regierung auf, ihre europ\u00e4ische B\u00fcrgerinitiative zur Lohngleichheit in der gesamten Europ\u00e4ischen Union zu unterst\u00fctzen. Jobbik startete im M\u00e4rz seine Kampagne f\u00fcr eine \u201cLohngewerkschaft\u201d. Die Auswanderung untergr\u00e4bt Ungarns Wohlfahrts &#8211; und Rentensysteme und treibe das Land an den Rand der \u201cBalkanisierung\u201d, sagte D\u00e1niel Z. K\u00e1rp\u00e1t, der [&hellip;]<\/p>\n","protected":false},"author":2,"featured_media":748490,"comment_status":"open","ping_status":"open","sticky":false,"template":"","format":"standard","meta":{"_acf_changed":false,"_display_image":"","footnotes":""},"categories":[1081],"tags":[1096,1082,1632,1104],"class_list":["post-748489","post","type-post","status-publish","format-standard","has-post-thumbnail","hentry","category-politik","tag-arbeitsmarkt","tag-europaische-union","tag-jobbik","tag-wirtschaft"],"blocksy_meta":[],"acf":[],"author_username":"alk","telegram_post":"","public_post_metadata":{"breaking_news":"","important":"","csempe":"","center_tile":"","disable_thumbnail":"","target_lang":"","_featured_image_style":"","telegram_post":"","_xlat_group_id":""},"public_rank_math_data":{"title":"%title% %sep% %sitename%","description":"","focus_keyword":"Lohngewerkschaft Jobbik","canonical_url":"","robots":"","primary_category":"1081","breadcrumb_title":"","facebook_title":"","facebook_description":"","facebook_image":"","facebook_image_id":"","twitter_title":"","twitter_description":"","twitter_image":"","twitter_image_id":"","twitter_card_type":"","twitter_use_facebook":"","advanced_robots":"","pillar_content":"","seo_score":"1","contentai_score":"","rich_snippet":""},"_links":{"self":[{"href":"https:\/\/dailynewshungary.com\/de\/wp-json\/wp\/v2\/posts\/748489","targetHints":{"allow":["GET"]}}],"collection":[{"href":"https:\/\/dailynewshungary.com\/de\/wp-json\/wp\/v2\/posts"}],"about":[{"href":"https:\/\/dailynewshungary.com\/de\/wp-json\/wp\/v2\/types\/post"}],"author":[{"embeddable":true,"href":"https:\/\/dailynewshungary.com\/de\/wp-json\/wp\/v2\/users\/2"}],"replies":[{"embeddable":true,"href":"https:\/\/dailynewshungary.com\/de\/wp-json\/wp\/v2\/comments?post=748489"}],"version-history":[{"count":0,"href":"https:\/\/dailynewshungary.com\/de\/wp-json\/wp\/v2\/posts\/748489\/revisions"}],"wp:featuredmedia":[{"embeddable":true,"href":"https:\/\/dailynewshungary.com\/de\/wp-json\/wp\/v2\/media\/748490"}],"wp:attachment":[{"href":"https:\/\/dailynewshungary.com\/de\/wp-json\/wp\/v2\/media?parent=748489"}],"wp:term":[{"taxonomy":"category","embeddable":true,"href":"https:\/\/dailynewshungary.com\/de\/wp-json\/wp\/v2\/categories?post=748489"},{"taxonomy":"post_tag","embeddable":true,"href":"https:\/\/dailynewshungary.com\/de\/wp-json\/wp\/v2\/tags?post=748489"}],"curies":[{"name":"wp","href":"https:\/\/api.w.org\/{rel}","templated":true}]}}