{"id":748491,"date":"2017-05-22T22:00:47","date_gmt":"2017-05-22T20:00:47","guid":{"rendered":"https:\/\/dailynewshungary.com\/de\/ungarische-liberale-fordern-das-parlament-auf-die-unterstutzung-fur-die-erklarung-von-rom-zu-bestatigen\/"},"modified":"2017-05-22T22:00:47","modified_gmt":"2017-05-22T20:00:47","slug":"ungarische-liberale-fordern-das-parlament-auf-die-unterstutzung-fur-die-erklarung-von-rom-zu-bestatigen","status":"publish","type":"post","link":"https:\/\/dailynewshungary.com\/de\/ungarische-liberale-fordern-das-parlament-auf-die-unterstutzung-fur-die-erklarung-von-rom-zu-bestatigen\/","title":{"rendered":"Ungarische Liberale fordern das Parlament auf, die Unterst\u00fctzung f\u00fcr die Erkl\u00e4rung von Rom zu best\u00e4tigen"},"content":{"rendered":"<p><strong>Budapest, 22. Mai (MTI) \u2013 Die oppositionelle Ungarische Liberale Partei fordert das Parlament auf, zu best\u00e4tigen, dass Ungarn die Rom-Erkl\u00e4rung der Europ\u00e4ischen Union unterst\u00fctzt <a href=\"https:\/\/dailynewshungary.com\/de\/orban-auf-eu-gipfel-jede-nation-muss-sich-um-ihre-eigene-sicherheit-und-ihr-wohlergehen-kummern\/\" target=\"_blank\" rel=\"noopener noreferrer\">Ministerpr\u00e4sident Viktor Orb\u00e1n unterzeichnet<\/a>\u201e, sagte Parteichef G\u00e1bor Fodor am Montag.<\/strong><\/p>\n<p>Fodor sagte, er habe dem Parlament einen Erkl\u00e4rungsentwurf vorgelegt, der die ungarische \u00dcbersetzung der Erkl\u00e4rung von Rom und eine Aufforderung an die Regierung enth\u00e4lt, alle Anstrengungen zu ihrer Umsetzung zu unternehmen.<\/p>\n<p>Die Liberalen wollen die Regierung zwingen, im Zusammenhang mit der Europ\u00e4ischen Union ihr wahres Gesicht zu zeigen, sagte er. Sie glauben, dass die Regierung in Ungarn und im Ausland anders \u00fcber Europa spricht, f\u00fcgte Fodor hinzu.<\/p>\n<p>Er forderte die Regierung auf, klar zu sagen, ob sie sich den Grunds\u00e4tzen der Europ\u00e4ischen Union verschrieben habeWenn die Gesetzgeber der Regierungspartei die Resolution nicht unterst\u00fctzen, sollte klargestellt werden, \u201cdass das, was sie im Ausland kommunizieren, eine L\u00fcge ist\u201d, f\u00fcgte er hinzu.<\/p>\n","protected":false},"excerpt":{"rendered":"<p>Budapest, 22. Mai (MTI) \u2013 Die oppositionelle Ungarische Liberale Partei fordert das Parlament auf, zu best\u00e4tigen, dass Ungarn die Rom-Erkl\u00e4rung der Europ\u00e4ischen Union unterst\u00fctzt Ministerpr\u00e4sident Viktor Orb\u00e1n unterzeichnet\u201e, sagte Parteichef G\u00e1bor Fodor am Montag. Fodor sagte, er habe dem Parlament einen Erkl\u00e4rungsentwurf vorgelegt, der die ungarische \u00dcbersetzung der Erkl\u00e4rung von Rom und eine Aufforderung an [&hellip;]<\/p>\n","protected":false},"author":2,"featured_media":748492,"comment_status":"open","ping_status":"open","sticky":false,"template":"","format":"standard","meta":{"_acf_changed":false,"_display_image":"","footnotes":""},"categories":[1081],"tags":[1082,3791,1658,1128],"class_list":["post-748491","post","type-post","status-publish","format-standard","has-post-thumbnail","hentry","category-politik","tag-europaische-union","tag-liberale","tag-parlament","tag-viktor-orban"],"blocksy_meta":[],"acf":[],"author_username":"alk","telegram_post":"","public_post_metadata":{"breaking_news":"","important":"","csempe":"","center_tile":"","disable_thumbnail":"","target_lang":"","_featured_image_style":"","telegram_post":"","_xlat_group_id":""},"public_rank_math_data":{"title":"%title% %sep% %sitename%","description":"","focus_keyword":"Rom Erkl\u00e4rung Ungarn","canonical_url":"","robots":"","primary_category":"1081","breadcrumb_title":"","facebook_title":"","facebook_description":"","facebook_image":"","facebook_image_id":"","twitter_title":"","twitter_description":"","twitter_image":"","twitter_image_id":"","twitter_card_type":"","twitter_use_facebook":"","advanced_robots":"","pillar_content":"","seo_score":"7","contentai_score":"","rich_snippet":""},"_links":{"self":[{"href":"https:\/\/dailynewshungary.com\/de\/wp-json\/wp\/v2\/posts\/748491","targetHints":{"allow":["GET"]}}],"collection":[{"href":"https:\/\/dailynewshungary.com\/de\/wp-json\/wp\/v2\/posts"}],"about":[{"href":"https:\/\/dailynewshungary.com\/de\/wp-json\/wp\/v2\/types\/post"}],"author":[{"embeddable":true,"href":"https:\/\/dailynewshungary.com\/de\/wp-json\/wp\/v2\/users\/2"}],"replies":[{"embeddable":true,"href":"https:\/\/dailynewshungary.com\/de\/wp-json\/wp\/v2\/comments?post=748491"}],"version-history":[{"count":0,"href":"https:\/\/dailynewshungary.com\/de\/wp-json\/wp\/v2\/posts\/748491\/revisions"}],"wp:featuredmedia":[{"embeddable":true,"href":"https:\/\/dailynewshungary.com\/de\/wp-json\/wp\/v2\/media\/748492"}],"wp:attachment":[{"href":"https:\/\/dailynewshungary.com\/de\/wp-json\/wp\/v2\/media?parent=748491"}],"wp:term":[{"taxonomy":"category","embeddable":true,"href":"https:\/\/dailynewshungary.com\/de\/wp-json\/wp\/v2\/categories?post=748491"},{"taxonomy":"post_tag","embeddable":true,"href":"https:\/\/dailynewshungary.com\/de\/wp-json\/wp\/v2\/tags?post=748491"}],"curies":[{"name":"wp","href":"https:\/\/api.w.org\/{rel}","templated":true}]}}