{"id":748507,"date":"2017-05-22T15:15:18","date_gmt":"2017-05-22T13:15:18","guid":{"rendered":"https:\/\/dailynewshungary.com\/de\/jobbiks-prasident-gabor-vona-lohnunion-konnte-eine-neue-eu-bringen\/"},"modified":"2017-05-22T15:15:18","modified_gmt":"2017-05-22T13:15:18","slug":"jobbiks-prasident-gabor-vona-lohnunion-konnte-eine-neue-eu-bringen","status":"publish","type":"post","link":"https:\/\/dailynewshungary.com\/de\/jobbiks-prasident-gabor-vona-lohnunion-konnte-eine-neue-eu-bringen\/","title":{"rendered":"Jobbiks Pr\u00e4sident G\u00e1bor Vona: Lohnunion k\u00f6nnte eine neue EU bringen"},"content":{"rendered":"<p><strong>Pressemitteilung \u2013 G\u00e1bor Vona wurde von Olga K\u00e1lm\u00e1n in ihrer TV-Show \u201cTalk Straight\u201d interviewt Jobbiks Pr\u00e4sident sprach \u00fcber die ausl\u00e4ndischen Bankkonten von PM Orb\u00e1n, die Lohnunion und \u201ceine neue Europ\u00e4ische Union\u201d.<\/strong><\/p>\n<p>Herr Vona erinnerte die Zuschauer an den sozialistischen Politiker G\u00e1bor Simon, dessen geheimes Wiener Bankkonto zu seinem Sturz f\u00fchrte. Der Pr\u00e4sident sagte, er f\u00fchle sich verpflichtet, sich zu erkundigen, ob sich der Premierminister in einer \u00e4hnlichen Situation befinde, denn wenn er es w\u00e4re, dann \u201ewird der Premierminister ein nationales Sicherheitsrisiko als potenzielles Ziel f\u00fcr Erpresser und andere Angreifer darstellen\u201c\u201d. Er f\u00fcgte hinzu, er sei erstaunt dar\u00fcber, dass Herr Orb\u00e1n \u201enicht in der Lage sei, klar zu sagen, dass die Anschuldigungen unwahr seien\u201d.<\/p>\n<p>Herr Vona erkl\u00e4rte, dass ihm im Gegensatz zum ehemaligen Premierminister Ferenc Gyurcs\u00e1ny, der dies behauptet hatte, keine stichhaltigen Beweise f\u00fcr den Fall vorgelegt worden seien, er aber wollte, dass Herr Orb\u00e1n \u201edie im ungarischen politischen Diskurs weit verbreiteten Vorw\u00fcrfe\u201caufkl\u00e4rt\u201d. \u201eEs wird seit Jahren behauptet, dass der Premierminister und sein Kreis heimlich gestohlenes Geld ins Ausland transferiert haben.\u201d Der Pr\u00e4sident f\u00fcgte hinzu und wies beispielsweise auf die \u201eseltsamen, albernen Reisen\u201d des Premierministers in die Schweiz hin. \u201eDas hat ihn dazu veranlasst, Herrn Orb\u00e1n im Parlament zu fragen, ob die Anschuldigungen wahr sind.\u201cEr stellte jedoch fest, dass er \u201esich seine Zeit mit der Initiative f\u00fcr eine europ\u00e4ische Gewerkschaft verbringe\u201d, da \u201eMirte\u201d. \u201eMircas\u201d. \u201eMir die Kommission f\u00fcr die Initiative\u201d<\/p>\n<p>Er erl\u00e4uterte das Ziel der Initiative, er sagte, es sei, das Schl\u00fcsselprinzip \u201cgleicher Lohn f\u00fcr gleiche Arbeit\u201d als Grundfreiheit aufzunehmen, das in den EU-Vertr\u00e4gen festgelegt seiEr f\u00fcgte hinzu, dass wir nach entsprechender \u00c4nderung der Vertr\u00e4ge m\u00f6glicherweise beginnen k\u00f6nnten, das Prinzip in die Praxis umzusetzen, was ein langer Prozess sein wird \u201cEs gibt keine einzige Selbstl\u00e4uferl\u00f6sung, da es sich um ein komplexes Problem handelt, das einen vielschichtigen Ansatz braucht Und wir haben f\u00fcr jeden Aspekt ein Konzept\u201d, bekr\u00e4ftigte der Pr\u00e4sidentDie Koh\u00e4sions &#8211; und Konvergenzpolitik der EU muss nach Ansicht von Herrn Vona v\u00f6llig \u00fcberdacht werden, aber ein solcher Schritt \u201cerfordert eine neue Europ\u00e4ische Union\u201d Er \u00e4u\u00dferte seine Meinung, dass die Initiative \u201cviel mehr Gerechtigkeit und mehr Hoffnung f\u00fcr eine Europ\u00e4ische Integrit\u00e4t\u201d artikuliert.<\/p>\n<p><em>Quelle: Jobbik.com \u2013 Pressemitteilung<\/em><\/p>\n","protected":false},"excerpt":{"rendered":"<p>Pressemitteilung \u2013 G\u00e1bor Vona wurde von Olga K\u00e1lm\u00e1n in ihrer TV-Show \u201cTalk Straight\u201d interviewt Jobbiks Pr\u00e4sident sprach \u00fcber die ausl\u00e4ndischen Bankkonten von PM Orb\u00e1n, die Lohnunion und \u201ceine neue Europ\u00e4ische Union\u201d. Herr Vona erinnerte die Zuschauer an den sozialistischen Politiker G\u00e1bor Simon, dessen geheimes Wiener Bankkonto zu seinem Sturz f\u00fchrte. Der Pr\u00e4sident sagte, er f\u00fchle [&hellip;]<\/p>\n","protected":false},"author":2,"featured_media":0,"comment_status":"open","ping_status":"open","sticky":false,"template":"","format":"standard","meta":{"_acf_changed":false,"_display_image":"","footnotes":""},"categories":[1081],"tags":[1096,1082,1632,1104],"class_list":["post-748507","post","type-post","status-publish","format-standard","hentry","category-politik","tag-arbeitsmarkt","tag-europaische-union","tag-jobbik","tag-wirtschaft"],"blocksy_meta":[],"acf":[],"author_username":"alk","telegram_post":"","public_post_metadata":{"breaking_news":"","important":"","csempe":"","center_tile":"","disable_thumbnail":"","target_lang":"","_featured_image_style":"","telegram_post":"","_xlat_group_id":""},"public_rank_math_data":{"title":"%title% %sep% %sitename%","description":"","focus_keyword":"Lohngewerkschaft Jobbik","canonical_url":"","robots":"","primary_category":"1081","breadcrumb_title":"","facebook_title":"","facebook_description":"","facebook_image":"","facebook_image_id":"","twitter_title":"","twitter_description":"","twitter_image":"","twitter_image_id":"","twitter_card_type":"","twitter_use_facebook":"","advanced_robots":"","pillar_content":"","seo_score":"1","contentai_score":"","rich_snippet":""},"_links":{"self":[{"href":"https:\/\/dailynewshungary.com\/de\/wp-json\/wp\/v2\/posts\/748507","targetHints":{"allow":["GET"]}}],"collection":[{"href":"https:\/\/dailynewshungary.com\/de\/wp-json\/wp\/v2\/posts"}],"about":[{"href":"https:\/\/dailynewshungary.com\/de\/wp-json\/wp\/v2\/types\/post"}],"author":[{"embeddable":true,"href":"https:\/\/dailynewshungary.com\/de\/wp-json\/wp\/v2\/users\/2"}],"replies":[{"embeddable":true,"href":"https:\/\/dailynewshungary.com\/de\/wp-json\/wp\/v2\/comments?post=748507"}],"version-history":[{"count":0,"href":"https:\/\/dailynewshungary.com\/de\/wp-json\/wp\/v2\/posts\/748507\/revisions"}],"wp:attachment":[{"href":"https:\/\/dailynewshungary.com\/de\/wp-json\/wp\/v2\/media?parent=748507"}],"wp:term":[{"taxonomy":"category","embeddable":true,"href":"https:\/\/dailynewshungary.com\/de\/wp-json\/wp\/v2\/categories?post=748507"},{"taxonomy":"post_tag","embeddable":true,"href":"https:\/\/dailynewshungary.com\/de\/wp-json\/wp\/v2\/tags?post=748507"}],"curies":[{"name":"wp","href":"https:\/\/api.w.org\/{rel}","templated":true}]}}